{"id":1017,"date":"2025-12-24T08:02:51","date_gmt":"2025-12-24T11:02:51","guid":{"rendered":"https:\/\/oexpressobr.com.br\/?p=1017"},"modified":"2025-12-24T08:02:53","modified_gmt":"2025-12-24T11:02:53","slug":"policia-federal-mira-sergio-moro-e-revela-suposto-esquema-de-espionagem-clandestina-na-13a-vara-de-curitiba","status":"publish","type":"post","link":"https:\/\/oexpressobr.com.br\/?p=1017","title":{"rendered":"Pol\u00edcia Federal mira Sergio Moro e revela suposto esquema de espionagem clandestina na 13\u00aa Vara de Curitiba"},"content":{"rendered":"\n<p class=\"wp-block-paragraph\"> O senador e ex-juiz Sergio Moro enfrenta o que aliados e advers\u00e1rios classificam como o &#8220;inverno mais rigoroso&#8221; de sua trajet\u00f3ria p\u00fablica neste Natal. Uma ofensiva recente da Pol\u00edcia Federal (PF) na sede da 13\u00aa Vara Federal de Curitiba \u2014 ber\u00e7o da Opera\u00e7\u00e3o Lava Jato \u2014 trouxe \u00e0 tona ind\u00edcios de um sistema de monitoramento paralelo que operava \u00e0 margem da lei sob a gest\u00e3o do magistrado.<\/p>\n\n\n\n<h3 class=\"wp-block-heading\">O sistema de monitoramento paralelo<\/h3>\n\n\n\n<p class=\"wp-block-paragraph\">As investiga\u00e7\u00f5es da PF, complementadas por auditorias do Conselho Nacional de Justi\u00e7a (CNJ), apontam que a estrutura da Lava Jato teria sido utilizada para al\u00e9m dos processos criminais. Documentos, \u00e1udios e v\u00eddeos apreendidos sugerem que Moro mantinha um <strong>aparelhamento de espionagem<\/strong> focado em monitorar autoridades, advogados e at\u00e9 colegas do Judici\u00e1rio.<\/p>\n\n\n\n<p class=\"wp-block-paragraph\">O objetivo, segundo os investigadores, seria a manuten\u00e7\u00e3o de um &#8220;dossi\u00ea de influ\u00eancia&#8221;, garantindo que o magistrado tivesse poder de barganha pol\u00edtico e controle sobre os rumos das investiga\u00e7\u00f5es que passavam por suas m\u00e3os.<\/p>\n\n\n\n<h3 class=\"wp-block-heading\">A pol\u00eamica da &#8220;festa da cueca&#8221;<\/h3>\n\n\n\n<p class=\"wp-block-paragraph\">Entre os materiais mais sens\u00edveis encontrados, destaca-se a confirma\u00e7\u00e3o de registros audiovisuais de um evento que ficou conhecido nos bastidores como a <strong>&#8220;festa da cueca&#8221;<\/strong>. O epis\u00f3dio envolve magistrados do Tribunal Regional Federal da 4\u00aa Regi\u00e3o (TRF-4), \u00f3rg\u00e3o respons\u00e1vel por revisar as decis\u00f5es de Moro na \u00e9poca.<\/p>\n\n\n\n<p class=\"wp-block-paragraph\">De acordo com as provas colhidas:<\/p>\n\n\n\n<ul class=\"wp-block-list\">\n<li>O evento teria sido filmado ilegalmente em uma su\u00edte de hotel.<\/li>\n\n\n\n<li>As imagens teriam sido utilizadas como ferramenta de coer\u00e7\u00e3o ou &#8220;blindagem&#8221; para garantir que as senten\u00e7as da 13\u00aa Vara n\u00e3o fossem derrubadas em inst\u00e2ncias superiores.<\/li>\n\n\n\n<li>A PF busca agora identificar se houve o uso de verbas p\u00fablicas ou fundos da pr\u00f3pria Lava Jato para financiar as intercepta\u00e7\u00f5es e os equipamentos de grava\u00e7\u00e3o.<\/li>\n<\/ul>\n\n\n\n<h3 class=\"wp-block-heading\">Rea\u00e7\u00f5es e consequ\u00eancias<\/h3>\n\n\n\n<p class=\"wp-block-paragraph\">O cen\u00e1rio complica a situa\u00e7\u00e3o de Moro no Congresso e no Judici\u00e1rio. Enquanto o senador nega irregularidades e classifica as a\u00e7\u00f5es como &#8220;persegui\u00e7\u00e3o pol\u00edtica&#8221;, o STF e o CNJ aceleram os processos que podem levar \u00e0 sua cassa\u00e7\u00e3o ou at\u00e9 a implica\u00e7\u00f5es criminais diretas por abuso de autoridade e peculato.<\/p>\n\n\n\n<p class=\"wp-block-paragraph\">Para juristas, a descoberta de uma &#8220;Gestapo particular&#8221; (como vem sendo chamada por cr\u00edticos) dentro de uma vara federal representa o golpe final na credibilidade da opera\u00e7\u00e3o que um dia foi o s\u00edmbolo do combate \u00e0 corrup\u00e7\u00e3o no Brasil.<\/p>\n","protected":false},"excerpt":{"rendered":"<p>O senador e ex-juiz Sergio Moro enfrenta o que aliados e advers\u00e1rios classificam como o &#8220;inverno mais rigoroso&#8221; de sua trajet\u00f3ria p\u00fablica neste Natal. Uma [&#8230;]<\/p>\n","protected":false},"author":1,"featured_media":1018,"comment_status":"open","ping_status":"open","sticky":false,"template":"","format":"standard","meta":{"_crdt_document":"","_jetpack_memberships_contains_paid_content":false,"footnotes":"","jetpack_publicize_message":"","jetpack_publicize_feature_enabled":true,"jetpack_social_post_already_shared":true,"jetpack_social_options":{"image_generator_settings":{"template":"highway","default_image_id":0,"font":"","enabled":false},"version":2}},"categories":[1],"tags":[],"class_list":["post-1017","post","type-post","status-publish","format-standard","has-post-thumbnail","hentry","category-geral"],"jetpack_publicize_connections":[],"jetpack_featured_media_url":"https:\/\/i0.wp.com\/oexpressobr.com.br\/wp-content\/uploads\/2025\/12\/OIP.webp?fit=474%2C316&ssl=1","jetpack_likes_enabled":true,"jetpack_sharing_enabled":true,"_links":{"self":[{"href":"https:\/\/oexpressobr.com.br\/index.php?rest_route=\/wp\/v2\/posts\/1017","targetHints":{"allow":["GET"]}}],"collection":[{"href":"https:\/\/oexpressobr.com.br\/index.php?rest_route=\/wp\/v2\/posts"}],"about":[{"href":"https:\/\/oexpressobr.com.br\/index.php?rest_route=\/wp\/v2\/types\/post"}],"author":[{"embeddable":true,"href":"https:\/\/oexpressobr.com.br\/index.php?rest_route=\/wp\/v2\/users\/1"}],"replies":[{"embeddable":true,"href":"https:\/\/oexpressobr.com.br\/index.php?rest_route=%2Fwp%2Fv2%2Fcomments&post=1017"}],"version-history":[{"count":1,"href":"https:\/\/oexpressobr.com.br\/index.php?rest_route=\/wp\/v2\/posts\/1017\/revisions"}],"predecessor-version":[{"id":1019,"href":"https:\/\/oexpressobr.com.br\/index.php?rest_route=\/wp\/v2\/posts\/1017\/revisions\/1019"}],"wp:featuredmedia":[{"embeddable":true,"href":"https:\/\/oexpressobr.com.br\/index.php?rest_route=\/wp\/v2\/media\/1018"}],"wp:attachment":[{"href":"https:\/\/oexpressobr.com.br\/index.php?rest_route=%2Fwp%2Fv2%2Fmedia&parent=1017"}],"wp:term":[{"taxonomy":"category","embeddable":true,"href":"https:\/\/oexpressobr.com.br\/index.php?rest_route=%2Fwp%2Fv2%2Fcategories&post=1017"},{"taxonomy":"post_tag","embeddable":true,"href":"https:\/\/oexpressobr.com.br\/index.php?rest_route=%2Fwp%2Fv2%2Ftags&post=1017"}],"curies":[{"name":"wp","href":"https:\/\/api.w.org\/{rel}","templated":true}]}}