{"id":1020,"date":"2025-12-24T08:10:59","date_gmt":"2025-12-24T11:10:59","guid":{"rendered":"https:\/\/oexpressobr.com.br\/?p=1020"},"modified":"2025-12-24T08:11:00","modified_gmt":"2025-12-24T11:11:00","slug":"diario-de-jorge-chastalo-filho-ex-carcereiro-de-lula-sera-lancado-pela-wmf-martins-fontes-em-2026","status":"publish","type":"post","link":"https:\/\/oexpressobr.com.br\/?p=1020","title":{"rendered":"Di\u00e1rio de Jorge Chastalo Filho, ex-carcereiro de Lula, ser\u00e1 lan\u00e7ado pela WMF Martins Fontes em 2026"},"content":{"rendered":"\n<p class=\"wp-block-paragraph\">O cen\u00e1rio pol\u00edtico e liter\u00e1rio brasileiro aguarda com expectativa o lan\u00e7amento das mem\u00f3rias de <strong>Jorge Chastalo Filho<\/strong>, o agente da Pol\u00edcia Federal que se tornou o rosto humano por tr\u00e1s das grades durante os <strong>580 dias<\/strong> de reclus\u00e3o do atual presidente <strong>Luiz In\u00e1cio Lula da Silva<\/strong> em Curitiba. O contrato foi oficialmente firmado com a prestigiosa editora <strong>WMF Martins Fontes<\/strong>, com previs\u00e3o de chegada \u00e0s livrarias para o primeiro semestre de 2026.<\/p>\n\n\n\n<h3 class=\"wp-block-heading\">O &#8220;Carcereiro do Lula&#8221;: Uma Rela\u00e7\u00e3o de Respeito<\/h3>\n\n\n\n<p class=\"wp-block-paragraph\">Conhecido nacionalmente como o &#8220;carcereiro de Lula&#8221;, Chastalo foi o chefe do N\u00facleo de Opera\u00e7\u00f5es da Pol\u00edcia Federal no Paran\u00e1 e o principal interlocutor do petista durante o per\u00edodo de abril de 2018 a novembro de 2019. O livro promete ir al\u00e9m dos registros formais, explorando a conviv\u00eancia di\u00e1ria na carceragem da PF.<\/p>\n\n\n\n<ul class=\"wp-block-list\">\n<li><strong>Bastidores In\u00e9ditos:<\/strong> A obra deve detalhar os momentos de vulnerabilidade do presidente, como as perdas familiares (o neto Arthur e o irm\u00e3o Vav\u00e1) e as visitas de aliados e personalidades internacionais.<\/li>\n\n\n\n<li><strong>Neutralidade e \u00c9tica:<\/strong> Chastalo sempre foi elogiado por manter o profissionalismo sem abrir m\u00e3o da humanidade, o que gerou uma rela\u00e7\u00e3o de confian\u00e7a m\u00fatua \u2014 um \u00e2ngulo raramente explorado em biografias pol\u00edticas convencionais.<\/li>\n<\/ul>\n\n\n\n<h3 class=\"wp-block-heading\">Novidades e Contexto do Lan\u00e7amento<\/h3>\n\n\n\n<p class=\"wp-block-paragraph\">Embora o an\u00fancio inicial tenha gerado curiosidade, novas informa\u00e7\u00f5es indicam que o texto est\u00e1 em fase avan\u00e7ada de escrita. A escolha da <strong>WMF Martins Fontes<\/strong> refor\u00e7a o peso intelectual da obra, uma vez que a editora \u00e9 reconhecida pelo seu cat\u00e1logo rigoroso em ci\u00eancias humanas e literatura.<\/p>\n\n\n\n<ul class=\"wp-block-list\">\n<li><strong>O &#8220;Rodrigo Janot&#8221; da PF:<\/strong> O agente, que j\u00e1 se aposentou da Pol\u00edcia Federal e chegou a atuar como adido em Angola, decidiu colocar suas percep\u00e7\u00f5es no papel ap\u00f3s anos de sil\u00eancio estrat\u00e9gico.<\/li>\n\n\n\n<li><strong>Impacto Pol\u00edtico:<\/strong> O lan\u00e7amento em 2026 coincidir\u00e1 com o \u00faltimo ano do atual mandato de Lula, o que deve inserir o livro no centro do debate eleitoral e das retrospectivas hist\u00f3ricas sobre a Opera\u00e7\u00e3o Lava Jato e a subsequente anula\u00e7\u00e3o das condena\u00e7\u00f5es do petista pelo STF.<\/li>\n<\/ul>\n\n\n\n<blockquote class=\"wp-block-quote is-layout-flow wp-block-quote-is-layout-flow\">\n<p class=\"wp-block-paragraph\">&#8220;Minha inten\u00e7\u00e3o \u00e9 fazer um registro hist\u00f3rico, fidedigno e respeitoso de um per\u00edodo que mudou o pa\u00eds&#8221;, teria afirmado o ex-agente a interlocutores pr\u00f3ximos.<\/p>\n<\/blockquote>\n\n\n\n<h3 class=\"wp-block-heading\">Por que a espera at\u00e9 2026?<\/h3>\n\n\n\n<p class=\"wp-block-paragraph\">O cronograma estendido deve-se ao trabalho minucioso de edi\u00e7\u00e3o e \u00e0 estrat\u00e9gia de mercado da editora para garantir que a obra receba a aten\u00e7\u00e3o necess\u00e1ria, distanciando-se do imediatismo das not\u00edcias cotidianas para se consolidar como um documento hist\u00f3rico de longo prazo.<\/p>\n","protected":false},"excerpt":{"rendered":"<p>O cen\u00e1rio pol\u00edtico e liter\u00e1rio brasileiro aguarda com expectativa o lan\u00e7amento das mem\u00f3rias de Jorge Chastalo Filho, o agente da Pol\u00edcia Federal que se tornou [&#8230;]<\/p>\n","protected":false},"author":1,"featured_media":1021,"comment_status":"open","ping_status":"open","sticky":false,"template":"","format":"standard","meta":{"_crdt_document":"","_jetpack_memberships_contains_paid_content":false,"footnotes":"","jetpack_publicize_message":"","jetpack_publicize_feature_enabled":true,"jetpack_social_post_already_shared":true,"jetpack_social_options":{"image_generator_settings":{"template":"highway","default_image_id":0,"font":"","enabled":false},"version":2}},"categories":[11],"tags":[],"class_list":["post-1020","post","type-post","status-publish","format-standard","has-post-thumbnail","hentry","category-literatura"],"jetpack_publicize_connections":[],"jetpack_featured_media_url":"https:\/\/i0.wp.com\/oexpressobr.com.br\/wp-content\/uploads\/2025\/12\/Carcereiro-de-lula.jpeg?fit=818%2C459&ssl=1","jetpack_likes_enabled":true,"jetpack_sharing_enabled":true,"_links":{"self":[{"href":"https:\/\/oexpressobr.com.br\/index.php?rest_route=\/wp\/v2\/posts\/1020","targetHints":{"allow":["GET"]}}],"collection":[{"href":"https:\/\/oexpressobr.com.br\/index.php?rest_route=\/wp\/v2\/posts"}],"about":[{"href":"https:\/\/oexpressobr.com.br\/index.php?rest_route=\/wp\/v2\/types\/post"}],"author":[{"embeddable":true,"href":"https:\/\/oexpressobr.com.br\/index.php?rest_route=\/wp\/v2\/users\/1"}],"replies":[{"embeddable":true,"href":"https:\/\/oexpressobr.com.br\/index.php?rest_route=%2Fwp%2Fv2%2Fcomments&post=1020"}],"version-history":[{"count":1,"href":"https:\/\/oexpressobr.com.br\/index.php?rest_route=\/wp\/v2\/posts\/1020\/revisions"}],"predecessor-version":[{"id":1022,"href":"https:\/\/oexpressobr.com.br\/index.php?rest_route=\/wp\/v2\/posts\/1020\/revisions\/1022"}],"wp:featuredmedia":[{"embeddable":true,"href":"https:\/\/oexpressobr.com.br\/index.php?rest_route=\/wp\/v2\/media\/1021"}],"wp:attachment":[{"href":"https:\/\/oexpressobr.com.br\/index.php?rest_route=%2Fwp%2Fv2%2Fmedia&parent=1020"}],"wp:term":[{"taxonomy":"category","embeddable":true,"href":"https:\/\/oexpressobr.com.br\/index.php?rest_route=%2Fwp%2Fv2%2Fcategories&post=1020"},{"taxonomy":"post_tag","embeddable":true,"href":"https:\/\/oexpressobr.com.br\/index.php?rest_route=%2Fwp%2Fv2%2Ftags&post=1020"}],"curies":[{"name":"wp","href":"https:\/\/api.w.org\/{rel}","templated":true}]}}