{"id":1023,"date":"2025-12-24T08:16:42","date_gmt":"2025-12-24T11:16:42","guid":{"rendered":"https:\/\/oexpressobr.com.br\/?p=1023"},"modified":"2025-12-24T08:16:44","modified_gmt":"2025-12-24T11:16:44","slug":"itaipu-parquetec-e-ministerio-do-turismo-projetam-alta-de-134-nos-desembarques-em-foz-do-iguacu-para-2026","status":"publish","type":"post","link":"https:\/\/oexpressobr.com.br\/?p=1023","title":{"rendered":"Itaipu Parquetec e Minist\u00e9rio do Turismo projetam alta de 13,4% nos desembarques em Foz do Igua\u00e7u para 2026"},"content":{"rendered":"\n<p class=\"wp-block-paragraph\">O setor tur\u00edstico de Foz do Igua\u00e7u deve registrar um f\u00f4lego renovado em 2026. Segundo estimativa recente do <strong>Observat\u00f3rio Nacional de Turismo Sustent\u00e1vel<\/strong>, o munic\u00edpio paranaense aguarda a chegada de aproximadamente <strong>1,79 milh\u00e3o de passageiros<\/strong> ao longo do ano, consolidando uma alta de <strong>13,4%<\/strong> em compara\u00e7\u00e3o aos n\u00fameros projetados para 2025.<\/p>\n\n\n\n<p class=\"wp-block-paragraph\">A proje\u00e7\u00e3o \u00e9 fruto de uma coopera\u00e7\u00e3o estrat\u00e9gica entre o <strong>Itaipu Parquetec<\/strong>, a <strong>Itaipu Binacional<\/strong> e o <strong>Minist\u00e9rio do Turismo<\/strong>. O estudo integra esfor\u00e7os para planejar o desenvolvimento regional com base em dados t\u00e9cnicos, permitindo que a infraestrutura urbana e os servi\u00e7os tur\u00edsticos se antecipem \u00e0 demanda crescente.<\/p>\n\n\n\n<h3 class=\"wp-block-heading\">Radiografia dos n\u00fameros e metodologia<\/h3>\n\n\n\n<p class=\"wp-block-paragraph\">Para chegar a este resultado, o Observat\u00f3rio utilizou s\u00e9ries temporais de desembarques fornecidas pela Secretaria Municipal de Turismo. Confira os detalhes t\u00e9cnicos da previs\u00e3o:<\/p>\n\n\n\n<ul class=\"wp-block-list\">\n<li><strong>Total estimado:<\/strong> 1.798.000 desembarques.<\/li>\n\n\n\n<li><strong>Modais considerados:<\/strong> Terminal Aeroportu\u00e1rio e Rodovi\u00e1ria Internacional de Foz do Igua\u00e7u.<\/li>\n\n\n\n<li><strong>Recorte temporal:<\/strong> Os analistas optaram por utilizar dados coletados entre janeiro de 2022 e outubro de 2025.<\/li>\n\n\n\n<li><strong>Justificativa:<\/strong> A exclus\u00e3o dos anos de 2020 e 2021 (embora o hist\u00f3rico exista desde 2019) visa eliminar as distor\u00e7\u00f5es estat\u00edsticas causadas pelas restri\u00e7\u00f5es de mobilidade da pandemia de COVID-19.<\/li>\n<\/ul>\n\n\n\n<h3 class=\"wp-block-heading\">Fatores que impulsionam o crescimento<\/h3>\n\n\n\n<p class=\"wp-block-paragraph\">O otimismo para 2026 n\u00e3o \u00e9 isolado. Recentemente, Foz do Igua\u00e7u tem se beneficiado de novos investimentos em conectividade e infraestrutura que justificam a curva ascendente:<\/p>\n\n\n\n<ol start=\"1\" class=\"wp-block-list\">\n<li><strong>Novas rotas a\u00e9reas:<\/strong> A expans\u00e3o de voos diretos de grandes hubs nacionais e internacionais tem facilitado o acesso ao destino.<\/li>\n\n\n\n<li><strong>Moderniza\u00e7\u00e3o do Aeroporto:<\/strong> Sob gest\u00e3o da CCR Aeroportos, o terminal passou por reformas estruturais que aumentaram a capacidade operacional.<\/li>\n\n\n\n<li><strong>Turismo de Eventos:<\/strong> A cidade tem se consolidado como sede de grandes congressos internacionais, atraindo um fluxo constante de visitantes para al\u00e9m das temporadas de lazer.<\/li>\n<\/ol>\n\n\n\n<blockquote class=\"wp-block-quote is-layout-flow wp-block-quote-is-layout-flow\">\n<p class=\"wp-block-paragraph\">&#8220;A integra\u00e7\u00e3o de dados entre a Itaipu e o Minist\u00e9rio do Turismo \u00e9 fundamental para que o crescimento n\u00e3o seja apenas quantitativo, mas sustent\u00e1vel, garantindo que a experi\u00eancia do visitante e a qualidade de vida do morador caminhem juntas&#8221;, destaca o relat\u00f3rio do Observat\u00f3rio.<\/p>\n<\/blockquote>\n\n\n\n<h3 class=\"wp-block-heading\">O papel do Observat\u00f3rio Nacional de Turismo Sustent\u00e1vel<\/h3>\n\n\n\n<p class=\"wp-block-paragraph\">Sediado no Itaipu Parquetec, o Observat\u00f3rio atua como um c\u00e9rebro de intelig\u00eancia de dados. Atrav\u00e9s de ferramentas de monitoramento, a iniciativa auxilia gestores p\u00fablicos e a iniciativa privada a entender o comportamento do viajante, a sazonalidade e o impacto econ\u00f4mico direto na regi\u00e3o da tr\u00edplice fronteira.<\/p>\n\n\n\n<p class=\"wp-block-paragraph\">Com a previs\u00e3o de quase 1,8 milh\u00e3o de chegadas em 2026, Foz do Igua\u00e7u reafirma sua posi\u00e7\u00e3o como um dos destinos mais vibrantes da Am\u00e9rica do Sul, preparando o terreno para novos investimentos no setor hoteleiro e gastron\u00f4mico.<\/p>\n","protected":false},"excerpt":{"rendered":"<p>O setor tur\u00edstico de Foz do Igua\u00e7u deve registrar um f\u00f4lego renovado em 2026. Segundo estimativa recente do Observat\u00f3rio Nacional de Turismo Sustent\u00e1vel, o munic\u00edpio [&#8230;]<\/p>\n","protected":false},"author":1,"featured_media":1024,"comment_status":"open","ping_status":"open","sticky":false,"template":"","format":"standard","meta":{"_crdt_document":"","_jetpack_memberships_contains_paid_content":false,"footnotes":"","jetpack_publicize_message":"","jetpack_publicize_feature_enabled":true,"jetpack_social_post_already_shared":true,"jetpack_social_options":{"image_generator_settings":{"template":"highway","default_image_id":0,"font":"","enabled":false},"version":2}},"categories":[13],"tags":[],"class_list":["post-1023","post","type-post","status-publish","format-standard","has-post-thumbnail","hentry","category-turismo"],"jetpack_publicize_connections":[],"jetpack_featured_media_url":"https:\/\/i0.wp.com\/oexpressobr.com.br\/wp-content\/uploads\/2025\/12\/03b5eab8ee29db45e4e9a14b6bc4f7b4_medium.jpg?fit=300%2C199&ssl=1","jetpack_likes_enabled":true,"jetpack_sharing_enabled":true,"_links":{"self":[{"href":"https:\/\/oexpressobr.com.br\/index.php?rest_route=\/wp\/v2\/posts\/1023","targetHints":{"allow":["GET"]}}],"collection":[{"href":"https:\/\/oexpressobr.com.br\/index.php?rest_route=\/wp\/v2\/posts"}],"about":[{"href":"https:\/\/oexpressobr.com.br\/index.php?rest_route=\/wp\/v2\/types\/post"}],"author":[{"embeddable":true,"href":"https:\/\/oexpressobr.com.br\/index.php?rest_route=\/wp\/v2\/users\/1"}],"replies":[{"embeddable":true,"href":"https:\/\/oexpressobr.com.br\/index.php?rest_route=%2Fwp%2Fv2%2Fcomments&post=1023"}],"version-history":[{"count":1,"href":"https:\/\/oexpressobr.com.br\/index.php?rest_route=\/wp\/v2\/posts\/1023\/revisions"}],"predecessor-version":[{"id":1025,"href":"https:\/\/oexpressobr.com.br\/index.php?rest_route=\/wp\/v2\/posts\/1023\/revisions\/1025"}],"wp:featuredmedia":[{"embeddable":true,"href":"https:\/\/oexpressobr.com.br\/index.php?rest_route=\/wp\/v2\/media\/1024"}],"wp:attachment":[{"href":"https:\/\/oexpressobr.com.br\/index.php?rest_route=%2Fwp%2Fv2%2Fmedia&parent=1023"}],"wp:term":[{"taxonomy":"category","embeddable":true,"href":"https:\/\/oexpressobr.com.br\/index.php?rest_route=%2Fwp%2Fv2%2Fcategories&post=1023"},{"taxonomy":"post_tag","embeddable":true,"href":"https:\/\/oexpressobr.com.br\/index.php?rest_route=%2Fwp%2Fv2%2Ftags&post=1023"}],"curies":[{"name":"wp","href":"https:\/\/api.w.org\/{rel}","templated":true}]}}