{"id":1080,"date":"2025-12-27T06:56:28","date_gmt":"2025-12-27T09:56:28","guid":{"rendered":"https:\/\/oexpressobr.com.br\/?p=1080"},"modified":"2025-12-27T06:56:29","modified_gmt":"2025-12-27T09:56:29","slug":"general-critica-bolsonaristas-deficiencia-cultural-e-cognitiva","status":"publish","type":"post","link":"https:\/\/oexpressobr.com.br\/?p=1080","title":{"rendered":"General critica bolsonaristas: &#8220;Defici\u00eancia cultural e cognitiva&#8221;"},"content":{"rendered":"\n<p class=\"wp-block-paragraph\">A polariza\u00e7\u00e3o pol\u00edtica no Brasil ganhou um novo cap\u00edtulo de tens\u00e3o com as recentes declara\u00e7\u00f5es do <strong>General Paulo Chagas<\/strong>, militar da reserva que j\u00e1 foi um entusiasta do ex-presidente <strong>Jair Bolsonaro<\/strong>. Em uma an\u00e1lise contundente sobre o comportamento da base mais radical do movimento, Chagas n\u00e3o poupou palavras ao descrever o que considera uma &#8220;defici\u00eancia cultural e cognitiva&#8221; por parte dos seguidores do &#8220;capit\u00e3o&#8221;.<\/p>\n\n\n\n<p class=\"wp-block-paragraph\">\u200bAs falas, publicadas originalmente em sua coluna e repercutidas pela <strong>VEJA Gente<\/strong>, marcam um distanciamento ainda mais profundo entre a ala militar intelectualizada e os militantes de rede social. Para o general, o fanatismo cego impede o discernimento cr\u00edtico, levando a uma interpreta\u00e7\u00e3o distorcida da realidade e das institui\u00e7\u00f5es democr\u00e1ticas.<\/p>\n\n\n\n<h3 class=\"wp-block-heading\">\u200bO rompimento dos aliados de primeira hora<\/h3>\n\n\n\n<p class=\"wp-block-paragraph\">\u200bN\u00e3o \u00e9 a primeira vez que figuras de alta patente que apoiaram a ascens\u00e3o de Bolsonaro em 2018 manifestam descontentamento. O caso de Paulo Chagas soma-se ao de outros militares, como o <strong>General Carlos Alberto dos Santos Cruz<\/strong>, que tem sido um cr\u00edtico feroz da &#8220;fanfarronice&#8221; e do &#8220;populismo&#8221; que, segundo ele, sequestraram o debate p\u00fablico brasileiro.<\/p>\n\n\n\n<ul class=\"wp-block-list\">\n<li>\u200b<strong>Disson\u00e2ncia Cognitiva:<\/strong> O termo tem sido frequentemente usado por soci\u00f3logos e agora por militares para explicar por que uma parcela da popula\u00e7\u00e3o ignora fatos concretos em favor de narrativas conspirat\u00f3rias.<\/li>\n\n\n\n<li>\u200b<strong>O Isolamento de Bolsonaro:<\/strong> Enquanto enfrenta desafios jur\u00eddicos e cirurgias recentes \u2014 como a corre\u00e7\u00e3o de h\u00e9rnias realizada em Bras\u00edlia neste m\u00eas de dezembro de 2025 \u2014, o ex-presidente v\u00ea sua base de apoio institucional minguar entre os oficiais da reserva.<\/li>\n<\/ul>\n","protected":false},"excerpt":{"rendered":"<p>A polariza\u00e7\u00e3o pol\u00edtica no Brasil ganhou um novo cap\u00edtulo de tens\u00e3o com as recentes declara\u00e7\u00f5es do General Paulo Chagas, militar da reserva que j\u00e1 foi [&#8230;]<\/p>\n","protected":false},"author":1,"featured_media":1081,"comment_status":"open","ping_status":"open","sticky":false,"template":"","format":"standard","meta":{"_crdt_document":"","_jetpack_memberships_contains_paid_content":false,"footnotes":"","jetpack_publicize_message":"","jetpack_publicize_feature_enabled":true,"jetpack_social_post_already_shared":true,"jetpack_social_options":{"image_generator_settings":{"template":"highway","default_image_id":0,"font":"","enabled":false},"version":2}},"categories":[3],"tags":[],"class_list":["post-1080","post","type-post","status-publish","format-standard","has-post-thumbnail","hentry","category-brasil"],"jetpack_publicize_connections":[],"jetpack_featured_media_url":"https:\/\/i0.wp.com\/oexpressobr.com.br\/wp-content\/uploads\/2025\/12\/37354441_465112920582409_729102910750720000_o_1.jpg?fit=414%2C280&ssl=1","jetpack_likes_enabled":true,"jetpack_sharing_enabled":true,"_links":{"self":[{"href":"https:\/\/oexpressobr.com.br\/index.php?rest_route=\/wp\/v2\/posts\/1080","targetHints":{"allow":["GET"]}}],"collection":[{"href":"https:\/\/oexpressobr.com.br\/index.php?rest_route=\/wp\/v2\/posts"}],"about":[{"href":"https:\/\/oexpressobr.com.br\/index.php?rest_route=\/wp\/v2\/types\/post"}],"author":[{"embeddable":true,"href":"https:\/\/oexpressobr.com.br\/index.php?rest_route=\/wp\/v2\/users\/1"}],"replies":[{"embeddable":true,"href":"https:\/\/oexpressobr.com.br\/index.php?rest_route=%2Fwp%2Fv2%2Fcomments&post=1080"}],"version-history":[{"count":1,"href":"https:\/\/oexpressobr.com.br\/index.php?rest_route=\/wp\/v2\/posts\/1080\/revisions"}],"predecessor-version":[{"id":1082,"href":"https:\/\/oexpressobr.com.br\/index.php?rest_route=\/wp\/v2\/posts\/1080\/revisions\/1082"}],"wp:featuredmedia":[{"embeddable":true,"href":"https:\/\/oexpressobr.com.br\/index.php?rest_route=\/wp\/v2\/media\/1081"}],"wp:attachment":[{"href":"https:\/\/oexpressobr.com.br\/index.php?rest_route=%2Fwp%2Fv2%2Fmedia&parent=1080"}],"wp:term":[{"taxonomy":"category","embeddable":true,"href":"https:\/\/oexpressobr.com.br\/index.php?rest_route=%2Fwp%2Fv2%2Fcategories&post=1080"},{"taxonomy":"post_tag","embeddable":true,"href":"https:\/\/oexpressobr.com.br\/index.php?rest_route=%2Fwp%2Fv2%2Ftags&post=1080"}],"curies":[{"name":"wp","href":"https:\/\/api.w.org\/{rel}","templated":true}]}}