{"id":1092,"date":"2025-12-27T11:33:17","date_gmt":"2025-12-27T14:33:17","guid":{"rendered":"https:\/\/oexpressobr.com.br\/?p=1092"},"modified":"2025-12-27T11:33:18","modified_gmt":"2025-12-27T14:33:18","slug":"alexandre-de-moraes-anuncia-medidas-judiciais-contra-malu-gaspar-por-disseminacao-de-noticias-falsas","status":"publish","type":"post","link":"https:\/\/oexpressobr.com.br\/?p=1092","title":{"rendered":"Alexandre de Moraes anuncia medidas judiciais contra Malu Gaspar por dissemina\u00e7\u00e3o de not\u00edcias falsas"},"content":{"rendered":"\n<p class=\"wp-block-paragraph\">\u200bO cen\u00e1rio pol\u00edtico e jur\u00eddico brasileiro foi impactado nesta semana por um forte embate entre o Judici\u00e1rio e a imprensa. O ministro do Supremo Tribunal Federal (STF), <strong>Alexandre de Moraes<\/strong>, enviou uma notifica\u00e7\u00e3o formal \u00e0 jornalista <strong>Malu Gaspar<\/strong>, do jornal <em>O Globo<\/em>, anunciando a inten\u00e7\u00e3o de process\u00e1-la por cal\u00fania, difama\u00e7\u00e3o e dissemina\u00e7\u00e3o de <em>fake news<\/em>.<\/p>\n\n\n\n<p class=\"wp-block-paragraph\">\u200bA rea\u00e7\u00e3o do magistrado ocorre ap\u00f3s publica\u00e7\u00f5es da colunista que sugeriam irregularidades ou articula\u00e7\u00f5es pol\u00edticas em decis\u00f5es da Corte. No documento, Moraes \u00e9 enf\u00e1tico ao afirmar que a liberdade de express\u00e3o n\u00e3o pode ser utilizada como um &#8220;salvo-conduto para mentir&#8221;.<\/p>\n\n\n\n<h3 class=\"wp-block-heading\">\u200bOs pontos centrais da acusa\u00e7\u00e3o<\/h3>\n\n\n\n<p class=\"wp-block-paragraph\">\u200bDe acordo com o texto assinado pelo ministro, as condutas da jornalista ultrapassaram o limite do exerc\u00edcio profissional, entrando no campo da <strong>&#8220;fabrica\u00e7\u00e3o de narrativas falsas&#8221;<\/strong>. Entre as medidas citadas por Moraes, destacam-se:<\/p>\n\n\n\n<ul class=\"wp-block-list\">\n<li>\u200b<strong>A\u00e7\u00f5es penais e c\u00edveis:<\/strong> Processos por danos morais e crimes contra a honra.<\/li>\n\n\n\n<li>\u200b<strong>Investiga\u00e7\u00e3o de m\u00e9todo:<\/strong> O ministro acusa a jornalista de usar um <em>modus operandi<\/em> de &#8220;lawfare&#8221;, comparando a situa\u00e7\u00e3o a epis\u00f3dios de instrumentaliza\u00e7\u00e3o pol\u00edtica do sistema de justi\u00e7a.<\/li>\n\n\n\n<li>\u200b<strong>Dolo informativo:<\/strong> A acusa\u00e7\u00e3o de que houve inten\u00e7\u00e3o deliberada de induzir o p\u00fablico ao erro para desestabilizar institui\u00e7\u00f5es.<\/li>\n<\/ul>\n\n\n\n<h3 class=\"wp-block-heading\">\u200bO contexto atual e a repercuss\u00e3o<\/h3>\n\n\n\n<p class=\"wp-block-paragraph\">\u200bA rela\u00e7\u00e3o entre Alexandre de Moraes e setores da m\u00eddia tem sido pautada pelo rigor no combate \u00e0 desinforma\u00e7\u00e3o. Recentemente, o STF tem reafirmado que empresas de comunica\u00e7\u00e3o podem ser responsabilizadas civilmente por declara\u00e7\u00f5es de entrevistados que imputem crimes falsamente a terceiros, caso haja &#8220;ind\u00edcios concretos&#8221; de falsidade que n\u00e3o foram verificados.<\/p>\n\n\n\n<p class=\"wp-block-paragraph\">\u200bNo caso de Malu Gaspar, o embate ganha contornos de defesa institucional. Moraes argumenta que o &#8220;jornalismo que mente n\u00e3o merece prote\u00e7\u00e3o constitucional&#8221; e que a democracia exige responsabilidade profissional.<\/p>\n\n\n\n<blockquote class=\"wp-block-quote is-layout-flow wp-block-quote-is-layout-flow\">\n<p class=\"wp-block-paragraph\">\u200b&#8221;A diferen\u00e7a, neste caso, \u00e9 que a toga n\u00e3o ser\u00e1 utilizada para perseguir, mas para proteger o Estado de Direito&#8221;, afirmou o ministro na carta.<\/p>\n<\/blockquote>\n\n\n\n<h3 class=\"wp-block-heading\">\u200bDesdobramentos esperados<\/h3>\n\n\n\n<p class=\"wp-block-paragraph\">\u200bA expectativa agora recai sobre a defesa da jornalista e do grupo Globo. Historicamente, entidades de classe como a ANJ (Associa\u00e7\u00e3o Nacional de Jornais) e a ABI (Associa\u00e7\u00e3o Brasileira de Imprensa) defendem que cr\u00edticas a autoridades p\u00fablicas fazem parte do jogo democr\u00e1tico, enquanto o STF vem consolidando o entendimento de que a <strong>imunidade jornal\u00edstica n\u00e3o \u00e9 absoluta<\/strong>.<\/p>\n\n\n\n<p class=\"wp-block-paragraph\">\u200bO caso promete reabrir o debate sobre os limites entre o <strong>sigilo de fonte<\/strong>, o <strong>direito \u00e0 informa\u00e7\u00e3o<\/strong> e o <strong>crime de cal\u00fania<\/strong> no ambiente digital e impresso.<\/p>\n","protected":false},"excerpt":{"rendered":"<p>\u200bO cen\u00e1rio pol\u00edtico e jur\u00eddico brasileiro foi impactado nesta semana por um forte embate entre o Judici\u00e1rio e a imprensa. O ministro do Supremo Tribunal [&#8230;]<\/p>\n","protected":false},"author":1,"featured_media":1093,"comment_status":"open","ping_status":"open","sticky":false,"template":"","format":"standard","meta":{"_crdt_document":"","_jetpack_memberships_contains_paid_content":false,"footnotes":"","jetpack_publicize_message":"","jetpack_publicize_feature_enabled":true,"jetpack_social_post_already_shared":true,"jetpack_social_options":{"image_generator_settings":{"template":"highway","default_image_id":0,"font":"","enabled":false},"version":2}},"categories":[8],"tags":[],"class_list":["post-1092","post","type-post","status-publish","format-standard","has-post-thumbnail","hentry","category-judiciario"],"jetpack_publicize_connections":[],"jetpack_featured_media_url":"https:\/\/i0.wp.com\/oexpressobr.com.br\/wp-content\/uploads\/2025\/12\/IMG-20251227-WA0188.jpg?fit=835%2C960&ssl=1","jetpack_likes_enabled":true,"jetpack_sharing_enabled":true,"_links":{"self":[{"href":"https:\/\/oexpressobr.com.br\/index.php?rest_route=\/wp\/v2\/posts\/1092","targetHints":{"allow":["GET"]}}],"collection":[{"href":"https:\/\/oexpressobr.com.br\/index.php?rest_route=\/wp\/v2\/posts"}],"about":[{"href":"https:\/\/oexpressobr.com.br\/index.php?rest_route=\/wp\/v2\/types\/post"}],"author":[{"embeddable":true,"href":"https:\/\/oexpressobr.com.br\/index.php?rest_route=\/wp\/v2\/users\/1"}],"replies":[{"embeddable":true,"href":"https:\/\/oexpressobr.com.br\/index.php?rest_route=%2Fwp%2Fv2%2Fcomments&post=1092"}],"version-history":[{"count":1,"href":"https:\/\/oexpressobr.com.br\/index.php?rest_route=\/wp\/v2\/posts\/1092\/revisions"}],"predecessor-version":[{"id":1094,"href":"https:\/\/oexpressobr.com.br\/index.php?rest_route=\/wp\/v2\/posts\/1092\/revisions\/1094"}],"wp:featuredmedia":[{"embeddable":true,"href":"https:\/\/oexpressobr.com.br\/index.php?rest_route=\/wp\/v2\/media\/1093"}],"wp:attachment":[{"href":"https:\/\/oexpressobr.com.br\/index.php?rest_route=%2Fwp%2Fv2%2Fmedia&parent=1092"}],"wp:term":[{"taxonomy":"category","embeddable":true,"href":"https:\/\/oexpressobr.com.br\/index.php?rest_route=%2Fwp%2Fv2%2Fcategories&post=1092"},{"taxonomy":"post_tag","embeddable":true,"href":"https:\/\/oexpressobr.com.br\/index.php?rest_route=%2Fwp%2Fv2%2Ftags&post=1092"}],"curies":[{"name":"wp","href":"https:\/\/api.w.org\/{rel}","templated":true}]}}