{"id":1111,"date":"2025-12-28T06:01:17","date_gmt":"2025-12-28T09:01:17","guid":{"rendered":"https:\/\/oexpressobr.com.br\/?p=1111"},"modified":"2025-12-28T06:01:18","modified_gmt":"2025-12-28T09:01:18","slug":"oposicao-aciona-policia-federal-e-mp-contra-o-governo-ratinho-jr-apos-audios-sugerirem-esquema-na-sanepar","status":"publish","type":"post","link":"https:\/\/oexpressobr.com.br\/?p=1111","title":{"rendered":"Oposi\u00e7\u00e3o aciona Pol\u00edcia Federal e MP contra o Governo Ratinho Jr. ap\u00f3s \u00e1udios sugerirem esquema na Sanepar"},"content":{"rendered":"\n<p class=\"wp-block-paragraph\">A Assembleia Legislativa do Paran\u00e1 (Alep) tornou-se o centro de uma nova tempestade pol\u00edtica nesta semana. A Bancada de Oposi\u00e7\u00e3o, liderada pelo deputado <strong>Arilson Chiorato (PT)<\/strong> e com participa\u00e7\u00e3o ativa de <strong>Mauricio Requi\u00e3o (PDT)<\/strong>, protocolou representa\u00e7\u00f5es formais na <strong>Pol\u00edcia Federal (PF)<\/strong> e no <strong>Minist\u00e9rio P\u00fablico (MP-PR)<\/strong> para investigar graves den\u00fancias envolvendo a Companhia de Saneamento do Paran\u00e1 (<strong>Sanepar<\/strong>).<\/p>\n\n\n\n<p class=\"wp-block-paragraph\">\u200bO estopim da crise foi a divulga\u00e7\u00e3o de \u00e1udios que sugerem a exist\u00eancia de um esquema de arrecada\u00e7\u00e3o ilegal de recursos e o uso pol\u00edtico da estatal para fins eleitorais e partid\u00e1rios.<\/p>\n\n\n\n<h3 class=\"wp-block-heading\">\u200bAs frentes de investiga\u00e7\u00e3o<\/h3>\n\n\n\n<p class=\"wp-block-paragraph\">\u200bA movimenta\u00e7\u00e3o dos parlamentares busca apurar se a estrutura da Sanepar foi utilizada como &#8220;balc\u00e3o de neg\u00f3cios&#8221;. Entre as principais medidas tomadas pela oposi\u00e7\u00e3o, destacam-se:<\/p>\n\n\n\n<ul class=\"wp-block-list\">\n<li>\u200b<strong>Acionamento da Pol\u00edcia Federal:<\/strong> Devido \u00e0 natureza das den\u00fancias que podem envolver crimes federais e impacto em uma empresa de capital aberto.<\/li>\n\n\n\n<li>\u200b<strong>Protocolo no Minist\u00e9rio P\u00fablico:<\/strong> Pedido de abertura de inqu\u00e9rito civil e criminal para apurar a veracidade dos \u00e1udios e os nomes citados.<\/li>\n\n\n\n<li>\u200b<strong>Pedido de Informa\u00e7\u00f5es \u00e0 Casa Civil:<\/strong> Exig\u00eancia de transpar\u00eancia sobre os contratos e nomea\u00e7\u00f5es mencionados nas grava\u00e7\u00f5es.<\/li>\n<\/ul>\n\n\n\n<h3 class=\"wp-block-heading\">\u200bA resposta do Governo e da Sanepar<\/h3>\n\n\n\n<p class=\"wp-block-paragraph\">\u200bO Governo de <strong>Carlos Massa Ratinho Junior<\/strong> adotou uma postura de descompress\u00e3o, minimizando o impacto do material. Em nota oficial, o Executivo classificou as den\u00fancias como <strong>&#8220;antigas e requentadas&#8221;<\/strong>, sugerindo que o conte\u00fado j\u00e1 seria de conhecimento p\u00fablico e careceria de novos fatos.<\/p>\n\n\n\n<p class=\"wp-block-paragraph\">\u200bNo entanto, o posicionamento oficial evitou comentar o teor espec\u00edfico das grava\u00e7\u00f5es, o que gerou cr\u00edticas \u00e1cidas no plen\u00e1rio da Alep. Segundo o deputado Arilson Chiorato, &#8220;o fato de ser uma den\u00fancia de fatos que v\u00eam ocorrendo h\u00e1 tempos n\u00e3o retira a gravidade, pelo contr\u00e1rio, agrava a suspeita de um esquema sist\u00eamico&#8221;.<\/p>\n\n\n\n<h3 class=\"wp-block-heading\">\u200bContexto e Desdobramentos Recentes<\/h3>\n\n\n\n<p class=\"wp-block-paragraph\">\u200bA Sanepar vive um momento de transi\u00e7\u00e3o sens\u00edvel, com debates sobre parcerias p\u00fablico-privadas (PPPs) e a gest\u00e3o de recursos h\u00eddricos no estado. O surgimento desses \u00e1udios coloca sob press\u00e3o o compliance da companhia, que \u00e9 listada na Bolsa de Valores (B3) e possui normas r\u00edgidas de governan\u00e7a.<\/p>\n\n\n\n<p class=\"wp-block-paragraph\">O mercado financeiro e a popula\u00e7\u00e3o paranaense aguardam agora os pr\u00f3ximos passos das autoridades. Se a PF aceitar a den\u00fancia, o caso pode subir de patamar, exigindo depoimentos de diretores da estatal e secret\u00e1rios de Estado.<\/p>\n\n\n\n<blockquote class=\"wp-block-quote is-layout-flow wp-block-quote-is-layout-flow\">\n<p class=\"wp-block-paragraph\">\u200b<strong>Nota do Editor:<\/strong> O espa\u00e7o segue aberto para que o Governo do Estado e a diretoria da Sanepar apresentem esclarecimentos detalhados sobre os pontos espec\u00edficos levantados pela Bancada de Oposi\u00e7\u00e3o.<\/p>\n<\/blockquote>\n","protected":false},"excerpt":{"rendered":"<p>A Assembleia Legislativa do Paran\u00e1 (Alep) tornou-se o centro de uma nova tempestade pol\u00edtica nesta semana. A Bancada de Oposi\u00e7\u00e3o, liderada pelo deputado Arilson Chiorato [&#8230;]<\/p>\n","protected":false},"author":1,"featured_media":1113,"comment_status":"open","ping_status":"open","sticky":false,"template":"","format":"standard","meta":{"_crdt_document":"","_jetpack_memberships_contains_paid_content":false,"footnotes":"","jetpack_publicize_message":"","jetpack_publicize_feature_enabled":true,"jetpack_social_post_already_shared":true,"jetpack_social_options":{"image_generator_settings":{"template":"highway","default_image_id":0,"font":"","enabled":false},"version":2}},"categories":[5],"tags":[],"class_list":["post-1111","post","type-post","status-publish","format-standard","has-post-thumbnail","hentry","category-parana"],"jetpack_publicize_connections":[],"jetpack_featured_media_url":"https:\/\/i0.wp.com\/oexpressobr.com.br\/wp-content\/uploads\/2025\/12\/images12.jpg?fit=576%2C384&ssl=1","jetpack_likes_enabled":true,"jetpack_sharing_enabled":true,"_links":{"self":[{"href":"https:\/\/oexpressobr.com.br\/index.php?rest_route=\/wp\/v2\/posts\/1111","targetHints":{"allow":["GET"]}}],"collection":[{"href":"https:\/\/oexpressobr.com.br\/index.php?rest_route=\/wp\/v2\/posts"}],"about":[{"href":"https:\/\/oexpressobr.com.br\/index.php?rest_route=\/wp\/v2\/types\/post"}],"author":[{"embeddable":true,"href":"https:\/\/oexpressobr.com.br\/index.php?rest_route=\/wp\/v2\/users\/1"}],"replies":[{"embeddable":true,"href":"https:\/\/oexpressobr.com.br\/index.php?rest_route=%2Fwp%2Fv2%2Fcomments&post=1111"}],"version-history":[{"count":1,"href":"https:\/\/oexpressobr.com.br\/index.php?rest_route=\/wp\/v2\/posts\/1111\/revisions"}],"predecessor-version":[{"id":1114,"href":"https:\/\/oexpressobr.com.br\/index.php?rest_route=\/wp\/v2\/posts\/1111\/revisions\/1114"}],"wp:featuredmedia":[{"embeddable":true,"href":"https:\/\/oexpressobr.com.br\/index.php?rest_route=\/wp\/v2\/media\/1113"}],"wp:attachment":[{"href":"https:\/\/oexpressobr.com.br\/index.php?rest_route=%2Fwp%2Fv2%2Fmedia&parent=1111"}],"wp:term":[{"taxonomy":"category","embeddable":true,"href":"https:\/\/oexpressobr.com.br\/index.php?rest_route=%2Fwp%2Fv2%2Fcategories&post=1111"},{"taxonomy":"post_tag","embeddable":true,"href":"https:\/\/oexpressobr.com.br\/index.php?rest_route=%2Fwp%2Fv2%2Ftags&post=1111"}],"curies":[{"name":"wp","href":"https:\/\/api.w.org\/{rel}","templated":true}]}}