{"id":1118,"date":"2025-12-28T06:16:23","date_gmt":"2025-12-28T09:16:23","guid":{"rendered":"https:\/\/oexpressobr.com.br\/?p=1118"},"modified":"2025-12-28T06:16:24","modified_gmt":"2025-12-28T09:16:24","slug":"deputados-e-questionam-omissoes-financeiras-na-gestao-de-ratinho-jr","status":"publish","type":"post","link":"https:\/\/oexpressobr.com.br\/?p=1118","title":{"rendered":"Deputados e questionam omiss\u00f5es financeiras na gest\u00e3o de Ratinho Jr."},"content":{"rendered":"\n<p class=\"wp-block-paragraph\">O cen\u00e1rio pol\u00edtico do Paran\u00e1 encerra o ano de 2025 sob forte tens\u00e3o entre o Pal\u00e1cio Igua\u00e7u e a oposi\u00e7\u00e3o. Parlamentares estaduais e federais formalizaram den\u00fancias junto \u00e0 <strong>Comiss\u00e3o de Valores Mobili\u00e1rios (CVM)<\/strong> para investigar supostas irregularidades financeiras e omiss\u00f5es em empresas de capital aberto controladas pelo estado, como a <strong>Sanepar<\/strong> e a <strong>Copel<\/strong>, ligando-as a um poss\u00edvel esquema de quita\u00e7\u00e3o de d\u00edvidas de campanha do governador Carlos Massa Ratinho Junior (PSD).<\/p>\n\n\n\n<p class=\"wp-block-paragraph\">\u200bA ofensiva \u00e9 liderada pelo deputado estadual <strong>Requi\u00e3o Filho (PDT)<\/strong>, que recentemente migrou do PT criticando a &#8220;falta de coer\u00eancia&#8221; da antiga sigla e reafirmando sua pr\u00e9-candidatura ao governo em 2026. Segundo o parlamentar, a resposta do governo estadual \u00e0s suspeitas \u2014 classificando o caso como &#8220;pauta velha&#8221; \u2014 apenas confirma que os fatos existiram.<\/p>\n\n\n\n<h3 class=\"wp-block-heading\">\u200bO foco das den\u00fancias: Sanepar e Copel<\/h3>\n\n\n\n<p class=\"wp-block-paragraph\">\u200bA representa\u00e7\u00e3o enviada \u00e0 CVM detalha pontos cr\u00edticos que podem configurar crime contra o mercado de capitais:<\/p>\n\n\n\n<ul class=\"wp-block-list\">\n<li>\u200b<strong>Omiss\u00e3o de passivos:<\/strong> Parlamentares apontam o sumi\u00e7o de uma d\u00edvida bilion\u00e1ria (estimada em R\\$ 3,2 bilh\u00f5es) nos balan\u00e7os da Copel, al\u00e9m de questionarem a transpar\u00eancia no processo de privatiza\u00e7\u00e3o da companhia.<\/li>\n\n\n\n<li>\u200b<strong>Uso pol\u00edtico de estatais:<\/strong> A suspeita central envolve a utiliza\u00e7\u00e3o de contratos dessas empresas para sanar d\u00e9bitos de campanhas eleitorais passadas, o que feriria as normas de governan\u00e7a de empresas listadas na bolsa.<\/li>\n\n\n\n<li>\u200b<strong>\u00c1udios comprometedores:<\/strong> A den\u00fancia baseia-se em \u00e1udios que citam nomes do alto escal\u00e3o do governo, incluindo o secret\u00e1rio Guto Silva.<\/li>\n<\/ul>\n\n\n\n<h3 class=\"wp-block-heading\">\u200bCr\u00edticas ao Minist\u00e9rio P\u00fablico<\/h3>\n\n\n\n<p class=\"wp-block-paragraph\">\u200bEm declara\u00e7\u00f5es ao portal Metr\u00f3poles, Requi\u00e3o Filho elevou o tom contra as institui\u00e7\u00f5es de controle local. O deputado indagou por que o <strong>Minist\u00e9rio P\u00fablico do Paran\u00e1 (MP-PR)<\/strong> ainda n\u00e3o apresentou puni\u00e7\u00f5es, mesmo diante de casos que o governo admite serem de conhecimento antigo.<\/p>\n\n\n\n<blockquote class=\"wp-block-quote is-layout-flow wp-block-quote-is-layout-flow\">\n<p class=\"wp-block-paragraph\">\u200b&#8221;Se o caso \u00e9 antigo, por que o Minist\u00e9rio P\u00fablico n\u00e3o fez nada? Por que ningu\u00e9m foi punido? O MP tem sido conivente com o governo estadual&#8221;, acusou o parlamentar.<\/p>\n<\/blockquote>\n\n\n\n<h3 class=\"wp-block-heading\">\u200bResposta do Governo e cen\u00e1rio atual<\/h3>\n\n\n\n<p class=\"wp-block-paragraph\">\u200bA administra\u00e7\u00e3o de Ratinho Jr. mant\u00e9m a linha de que as acusa\u00e7\u00f5es s\u00e3o tentativas da oposi\u00e7\u00e3o de &#8220;ressuscitar&#8221; temas j\u00e1 esclarecidos judicialmente. O governo destaca que o Paran\u00e1 encerra 2025 com a nota <strong>Capag A<\/strong> (Capacidade de Pagamento) do Tesouro Nacional e que o governador det\u00e9m altos \u00edndices de aprova\u00e7\u00e3o popular \u2014 chegando a <strong>85%<\/strong> em pesquisas recentes.<\/p>\n\n\n\n<p class=\"wp-block-paragraph\">\u200bA assessoria do governador afirma que os envolvidos em irregularidades passadas foram demitidos por justa causa e que o Estado colabora com o Judici\u00e1rio, mas reitera que a pauta \u00e9 puramente eleitoral.<\/p>\n\n\n\n<h3 class=\"wp-block-heading\">\u200bPr\u00f3ximos passos<\/h3>\n\n\n\n<p class=\"wp-block-paragraph\">\u200bA CVM deve analisar o m\u00e9rito das representa\u00e7\u00f5es para decidir se abre um Inqu\u00e9rito Administrativo. Paralelamente, a oposi\u00e7\u00e3o na Assembleia Legislativa (ALEP) estuda a viabilidade de uma nova CPI para investigar contratos de consultoria firmados durante o processo de desestatiza\u00e7\u00e3o da Copel.<\/p>\n","protected":false},"excerpt":{"rendered":"<p>O cen\u00e1rio pol\u00edtico do Paran\u00e1 encerra o ano de 2025 sob forte tens\u00e3o entre o Pal\u00e1cio Igua\u00e7u e a oposi\u00e7\u00e3o. Parlamentares estaduais e federais formalizaram [&#8230;]<\/p>\n","protected":false},"author":1,"featured_media":1119,"comment_status":"open","ping_status":"open","sticky":false,"template":"","format":"standard","meta":{"_crdt_document":"","_jetpack_memberships_contains_paid_content":false,"footnotes":"","jetpack_publicize_message":"","jetpack_publicize_feature_enabled":true,"jetpack_social_post_already_shared":true,"jetpack_social_options":{"image_generator_settings":{"template":"highway","default_image_id":0,"font":"","enabled":false},"version":2}},"categories":[5],"tags":[],"class_list":["post-1118","post","type-post","status-publish","format-standard","has-post-thumbnail","hentry","category-parana"],"jetpack_publicize_connections":[],"jetpack_featured_media_url":"https:\/\/i0.wp.com\/oexpressobr.com.br\/wp-content\/uploads\/2025\/12\/center_Z.jpeg?fit=900%2C570&ssl=1","jetpack_likes_enabled":true,"jetpack_sharing_enabled":true,"_links":{"self":[{"href":"https:\/\/oexpressobr.com.br\/index.php?rest_route=\/wp\/v2\/posts\/1118","targetHints":{"allow":["GET"]}}],"collection":[{"href":"https:\/\/oexpressobr.com.br\/index.php?rest_route=\/wp\/v2\/posts"}],"about":[{"href":"https:\/\/oexpressobr.com.br\/index.php?rest_route=\/wp\/v2\/types\/post"}],"author":[{"embeddable":true,"href":"https:\/\/oexpressobr.com.br\/index.php?rest_route=\/wp\/v2\/users\/1"}],"replies":[{"embeddable":true,"href":"https:\/\/oexpressobr.com.br\/index.php?rest_route=%2Fwp%2Fv2%2Fcomments&post=1118"}],"version-history":[{"count":1,"href":"https:\/\/oexpressobr.com.br\/index.php?rest_route=\/wp\/v2\/posts\/1118\/revisions"}],"predecessor-version":[{"id":1120,"href":"https:\/\/oexpressobr.com.br\/index.php?rest_route=\/wp\/v2\/posts\/1118\/revisions\/1120"}],"wp:featuredmedia":[{"embeddable":true,"href":"https:\/\/oexpressobr.com.br\/index.php?rest_route=\/wp\/v2\/media\/1119"}],"wp:attachment":[{"href":"https:\/\/oexpressobr.com.br\/index.php?rest_route=%2Fwp%2Fv2%2Fmedia&parent=1118"}],"wp:term":[{"taxonomy":"category","embeddable":true,"href":"https:\/\/oexpressobr.com.br\/index.php?rest_route=%2Fwp%2Fv2%2Fcategories&post=1118"},{"taxonomy":"post_tag","embeddable":true,"href":"https:\/\/oexpressobr.com.br\/index.php?rest_route=%2Fwp%2Fv2%2Ftags&post=1118"}],"curies":[{"name":"wp","href":"https:\/\/api.w.org\/{rel}","templated":true}]}}