{"id":1121,"date":"2025-12-28T06:24:58","date_gmt":"2025-12-28T09:24:58","guid":{"rendered":"https:\/\/oexpressobr.com.br\/?p=1121"},"modified":"2025-12-28T06:26:43","modified_gmt":"2025-12-28T09:26:43","slug":"requiao-e-pdt-redesenham-disputa-pelo-governo-do-parana-em-2026-com-apoio-estrategico-da-esquerda","status":"publish","type":"post","link":"https:\/\/oexpressobr.com.br\/?p=1121","title":{"rendered":"Requi\u00e3o e PDT redesenham disputa pelo governo do Paran\u00e1 em 2026 com apoio estrat\u00e9gico da esquerda"},"content":{"rendered":"\n<p class=\"wp-block-paragraph\">O tabuleiro pol\u00edtico paranaense para 2026 sofreu uma movimenta\u00e7\u00e3o s\u00edsmica neste final de 2025. O que antes parecia um cen\u00e1rio de polariza\u00e7\u00e3o entre nomes ligados ao atual governo e o senador Sergio Moro (Uni\u00e3o), agora ganha novos contornos com a consolida\u00e7\u00e3o da fam\u00edlia Requi\u00e3o no <strong>PDT<\/strong>. O movimento, que inicialmente foi marcado por cr\u00edticas \u00e1cidas ao PT, evoluiu para uma articula\u00e7\u00e3o pragm\u00e1tica que coloca o deputado estadual <strong>Requi\u00e3o Filho<\/strong> como o principal nome de uma frente progressista ao Pal\u00e1cio Igua\u00e7u.<\/p>\n\n\n\n<h3 class=\"wp-block-heading\">\u200bO retorno dos Requi\u00e3o e a nova casa<\/h3>\n\n\n\n<p class=\"wp-block-paragraph\">\u200bAp\u00f3s um breve e conturbado per\u00edodo no Partido dos Trabalhadores, Roberto Requi\u00e3o e Requi\u00e3o Filho migraram para o PDT de Carlos Lupi. A mudan\u00e7a n\u00e3o foi apenas de legenda, mas de estrat\u00e9gia: os Requi\u00e3o buscam recuperar a &#8220;independ\u00eancia&#8221; que marcou suas trajet\u00f3rias no MDB, sem as amarras das divis\u00f5es internas petistas, mas mantendo o di\u00e1logo com a base social da esquerda.<\/p>\n\n\n\n<p class=\"wp-block-paragraph\">\u200bRecentemente, em novembro de 2025, a articula\u00e7\u00e3o ganhou musculatura com a sinaliza\u00e7\u00e3o da <strong>Frente Brasil da Esperan\u00e7a<\/strong> (PT, PCdoB e PV) em apoiar a candidatura de Requi\u00e3o Filho ao governo estadual. A presidente nacional do PT, Gleisi Hoffmann, tem sido pe\u00e7a-chave nesse &#8220;reencontro&#8221;, buscando unificar o campo progressista para enfrentar o favoritismo de Sergio Moro, que lidera as pesquisas de inten\u00e7\u00e3o de voto, mas carrega alta rejei\u00e7\u00e3o.<\/p>\n\n\n\n<h3 class=\"wp-block-heading\">\u200bO cen\u00e1rio eleitoral em n\u00fameros<\/h3>\n\n\n\n<p class=\"wp-block-paragraph\">\u200bAs \u00faltimas pesquisas divulgadas pelo Instituto Paran\u00e1 Pesquisas e Quaest no final de 2025 mostram um cen\u00e1rio aberto:<\/p>\n\n\n\n<h3 class=\"wp-block-heading\">Capital simb\u00f3lico e o &#8220;Paran\u00e1 mais humano&#8221;<\/h3>\n\n\n\n<p class=\"wp-block-paragraph\">\u200bO discurso da campanha de Requi\u00e3o Filho tem se focado na mem\u00f3ria das gest\u00f5es do pai, Roberto Requi\u00e3o, mas com uma roupagem atualizada. Enquanto o ex-governador deve focar seus esfor\u00e7os em uma cadeira no <strong>Senado<\/strong>, o filho tenta atrair o eleitor insatisfeito com o &#8220;sistema&#8221; \u2014 termo que ele usa para descrever tanto a polariza\u00e7\u00e3o nacional quanto a atual gest\u00e3o estadual.<\/p>\n\n\n\n<p class=\"wp-block-paragraph\">\u200bA pauta central do grupo \u00e9 a reestatiza\u00e7\u00e3o ou o fortalecimento de empresas p\u00fablicas (como a Copel), o combate ao aumento de tarifas e a defesa de um projeto social focado na seguran\u00e7a alimentar e no agroneg\u00f3cio familiar.<\/p>\n\n\n\n<blockquote class=\"wp-block-quote is-layout-flow wp-block-quote-is-layout-flow\">\n<p class=\"wp-block-paragraph\">\u200b&#8221;N\u00e3o somos o candidato do Pal\u00e1cio do Planalto, nem do Igua\u00e7u. Nosso projeto \u00e9 paranaense e humano&#8221;, declarou Requi\u00e3o Filho em evento recente em Curitiba.<\/p>\n<\/blockquote>\n\n\n\n<h3 class=\"wp-block-heading\">\u200bDesafios e alian\u00e7as improv\u00e1veis<\/h3>\n\n\n\n<p class=\"wp-block-paragraph\">\u200bApesar do avan\u00e7o, o caminho n\u00e3o \u00e9 livre de obst\u00e1culos. O governador Ratinho J\u00fanior (PSD) mant\u00e9m uma aprova\u00e7\u00e3o elevada (acima de 80% segundo a Quaest), o que d\u00e1 f\u00f4lego aos nomes que ele vier a aben\u00e7oar, como Rafael Greca ou o secret\u00e1rio Guto Silva. Al\u00e9m disso, a alian\u00e7a PDT-PT no Paran\u00e1 ainda precisa superar m\u00e1goas recentes da milit\u00e2ncia local.<\/p>\n\n\n\n<p class=\"wp-block-paragraph\">\u200bNo entanto, o redesenho do tabuleiro mostra que a &#8220;velha pol\u00edtica&#8221; paranaense n\u00e3o apenas reaparece, mas se renova ao ocupar o v\u00e1cuo deixado pela dificuldade da esquerda tradicional em se estabelecer no estado. Com a marca Requi\u00e3o fortalecida e uma alian\u00e7a ampla no horizonte, 2026 promete ser a elei\u00e7\u00e3o mais disputada das \u00faltimas d\u00e9cadas no Paran\u00e1.<\/p>\n","protected":false},"excerpt":{"rendered":"<p>O tabuleiro pol\u00edtico paranaense para 2026 sofreu uma movimenta\u00e7\u00e3o s\u00edsmica neste final de 2025. O que antes parecia um cen\u00e1rio de polariza\u00e7\u00e3o entre nomes ligados [&#8230;]<\/p>\n","protected":false},"author":1,"featured_media":1122,"comment_status":"open","ping_status":"open","sticky":false,"template":"","format":"standard","meta":{"_crdt_document":"","_jetpack_memberships_contains_paid_content":false,"footnotes":"","jetpack_publicize_message":"","jetpack_publicize_feature_enabled":true,"jetpack_social_post_already_shared":true,"jetpack_social_options":{"image_generator_settings":{"template":"highway","default_image_id":0,"font":"","enabled":false},"version":2}},"categories":[7],"tags":[],"class_list":["post-1121","post","type-post","status-publish","format-standard","has-post-thumbnail","hentry","category-politica"],"jetpack_publicize_connections":[],"jetpack_featured_media_url":"https:\/\/i0.wp.com\/oexpressobr.com.br\/wp-content\/uploads\/2025\/12\/17668704358914283716015780366563.webp?fit=400%2C223&ssl=1","jetpack_likes_enabled":true,"jetpack_sharing_enabled":true,"_links":{"self":[{"href":"https:\/\/oexpressobr.com.br\/index.php?rest_route=\/wp\/v2\/posts\/1121","targetHints":{"allow":["GET"]}}],"collection":[{"href":"https:\/\/oexpressobr.com.br\/index.php?rest_route=\/wp\/v2\/posts"}],"about":[{"href":"https:\/\/oexpressobr.com.br\/index.php?rest_route=\/wp\/v2\/types\/post"}],"author":[{"embeddable":true,"href":"https:\/\/oexpressobr.com.br\/index.php?rest_route=\/wp\/v2\/users\/1"}],"replies":[{"embeddable":true,"href":"https:\/\/oexpressobr.com.br\/index.php?rest_route=%2Fwp%2Fv2%2Fcomments&post=1121"}],"version-history":[{"count":2,"href":"https:\/\/oexpressobr.com.br\/index.php?rest_route=\/wp\/v2\/posts\/1121\/revisions"}],"predecessor-version":[{"id":1125,"href":"https:\/\/oexpressobr.com.br\/index.php?rest_route=\/wp\/v2\/posts\/1121\/revisions\/1125"}],"wp:featuredmedia":[{"embeddable":true,"href":"https:\/\/oexpressobr.com.br\/index.php?rest_route=\/wp\/v2\/media\/1122"}],"wp:attachment":[{"href":"https:\/\/oexpressobr.com.br\/index.php?rest_route=%2Fwp%2Fv2%2Fmedia&parent=1121"}],"wp:term":[{"taxonomy":"category","embeddable":true,"href":"https:\/\/oexpressobr.com.br\/index.php?rest_route=%2Fwp%2Fv2%2Fcategories&post=1121"},{"taxonomy":"post_tag","embeddable":true,"href":"https:\/\/oexpressobr.com.br\/index.php?rest_route=%2Fwp%2Fv2%2Ftags&post=1121"}],"curies":[{"name":"wp","href":"https:\/\/api.w.org\/{rel}","templated":true}]}}