{"id":1126,"date":"2025-12-28T06:33:53","date_gmt":"2025-12-28T09:33:53","guid":{"rendered":"https:\/\/oexpressobr.com.br\/?p=1126"},"modified":"2025-12-28T06:33:54","modified_gmt":"2025-12-28T09:33:54","slug":"ocupacao-da-fazenda-santa-fe-em-xambre-mobiliza-pm-e-grupos-fnl-e-movimento-de-terra-e-alimento","status":"publish","type":"post","link":"https:\/\/oexpressobr.com.br\/?p=1126","title":{"rendered":"OCUPA\u00c7\u00c3O da Fazenda Santa F\u00e9 em Xambr\u00ea mobiliza PM e grupos FNL e Movimento de Terra e Alimento"},"content":{"rendered":"\n<p class=\"wp-block-paragraph\">Uma propriedade rural de 942 hectares, localizada na Estrada Copacabana, em Xambr\u00ea, no Noroeste do Paran\u00e1, tornou-se o centro de um impasse agr\u00e1rio neste \u00faltimo final de semana. Cerca de 250 pessoas, ligadas \u00e0 Frente Nacional de Luta Campo e Cidade (FNL) e ao Movimento de Terra e Alimento, invadiram a Fazenda Santa F\u00e9 por volta das 13h deste s\u00e1bado (27), alegando o direito de posse da \u00e1rea para fins de reforma agr\u00e1ria.<\/p>\n\n\n\n<p class=\"wp-block-paragraph\">\u200bA mobiliza\u00e7\u00e3o colocou as for\u00e7as de seguran\u00e7a da regi\u00e3o em prontid\u00e3o imediata. Equipes do 25\u00ba Batalh\u00e3o de Pol\u00edcia Militar (BPM), sediado em Umuarama, foram deslocadas para o local para garantir a ordem e mediar o conflito. O acesso \u00e0 propriedade foi bloqueado pela PM para evitar a entrada de novos manifestantes ou poss\u00edveis confrontos entre grupos opostos.<\/p>\n\n\n\n<h3 class=\"wp-block-heading\">\u200bO impasse jur\u00eddico<\/h3>\n\n\n\n<p class=\"wp-block-paragraph\">\u200bDe acordo com o tenente-coronel Claudio Longo, comandante do 25\u00ba BPM, as lideran\u00e7as da ocupa\u00e7\u00e3o afirmam possuir uma suposta autoriza\u00e7\u00e3o judicial que validaria a entrada na fazenda. No entanto, os documentos apresentados at\u00e9 o momento n\u00e3o foram oficialmente confirmados como v\u00e1lidos para tal ato. O grupo sustenta que a \u00e1rea estaria em processo de desapropria\u00e7\u00e3o pelo Instituto Nacional de Coloniza\u00e7\u00e3o e Reforma Agr\u00e1ria (Incra), mas a autarquia federal ainda n\u00e3o emitiu nota confirmando a situa\u00e7\u00e3o atual da Fazenda Santa F\u00e9.<\/p>\n\n\n\n<h3 class=\"wp-block-heading\">\u200bSeguran\u00e7a e negocia\u00e7\u00f5es<\/h3>\n\n\n\n<p class=\"wp-block-paragraph\">\u200bA prioridade inicial das for\u00e7as policiais foi a preserva\u00e7\u00e3o da integridade f\u00edsica dos envolvidos. Residentes da fazenda foram realocados para pontos seguros para evitar riscos de agress\u00f5es durante o ato de entrada do grupo sem-terra.<\/p>\n\n\n\n<p class=\"wp-block-paragraph\">\u200b&#8221;Estamos trabalhando na identifica\u00e7\u00e3o das lideran\u00e7as e na an\u00e1lise da documenta\u00e7\u00e3o citada. O objetivo \u00e9 buscar uma solu\u00e7\u00e3o pac\u00edfica, mas a Pol\u00edcia Militar permanecer\u00e1 no local por tempo indeterminado para assegurar que a lei seja cumprida e que n\u00e3o ocorram epis\u00f3dios de viol\u00eancia&#8221;, destacou o comando da PM.<\/p>\n\n\n\n<h3 class=\"wp-block-heading\">\u200bContexto regional<\/h3>\n\n\n\n<p class=\"wp-block-paragraph\">\u200bA ocupa\u00e7\u00e3o ocorre em um momento de aten\u00e7\u00e3o redobrada no campo paranaense. Recentemente, o Governo Federal anunciou a retomada de pol\u00edticas de reforma agr\u00e1ria atrav\u00e9s do programa &#8220;Terra da Gente&#8221;, com a desapropria\u00e7\u00e3o de \u00e1reas de grande extens\u00e3o no estado, como a Fazenda Brasileira. Entretanto, entidades ligadas ao agroneg\u00f3cio, como o Sistema FAEP, t\u00eam manifestado preocupa\u00e7\u00e3o com o aumento de invas\u00f5es e refor\u00e7ado o pedido de seguran\u00e7a jur\u00eddica e prote\u00e7\u00e3o \u00e0s propriedades produtivas na regi\u00e3o de Umuarama e entorno.<\/p>\n\n\n\n<p class=\"wp-block-paragraph\">\u200bO caso segue em apura\u00e7\u00e3o pela Pol\u00edcia Civil e monitoramento direto da Secretaria de Seguran\u00e7a P\u00fablica do Paran\u00e1.<\/p>\n","protected":false},"excerpt":{"rendered":"<p>Uma propriedade rural de 942 hectares, localizada na Estrada Copacabana, em Xambr\u00ea, no Noroeste do Paran\u00e1, tornou-se o centro de um impasse agr\u00e1rio neste \u00faltimo [&#8230;]<\/p>\n","protected":false},"author":1,"featured_media":0,"comment_status":"open","ping_status":"open","sticky":false,"template":"","format":"standard","meta":{"_crdt_document":"","_jetpack_memberships_contains_paid_content":false,"footnotes":"","jetpack_publicize_message":"","jetpack_publicize_feature_enabled":true,"jetpack_social_post_already_shared":true,"jetpack_social_options":{"image_generator_settings":{"template":"highway","default_image_id":0,"font":"","enabled":false},"version":2}},"categories":[5],"tags":[],"class_list":["post-1126","post","type-post","status-publish","format-standard","hentry","category-parana"],"jetpack_publicize_connections":[],"jetpack_featured_media_url":"","jetpack_likes_enabled":true,"jetpack_sharing_enabled":true,"_links":{"self":[{"href":"https:\/\/oexpressobr.com.br\/index.php?rest_route=\/wp\/v2\/posts\/1126","targetHints":{"allow":["GET"]}}],"collection":[{"href":"https:\/\/oexpressobr.com.br\/index.php?rest_route=\/wp\/v2\/posts"}],"about":[{"href":"https:\/\/oexpressobr.com.br\/index.php?rest_route=\/wp\/v2\/types\/post"}],"author":[{"embeddable":true,"href":"https:\/\/oexpressobr.com.br\/index.php?rest_route=\/wp\/v2\/users\/1"}],"replies":[{"embeddable":true,"href":"https:\/\/oexpressobr.com.br\/index.php?rest_route=%2Fwp%2Fv2%2Fcomments&post=1126"}],"version-history":[{"count":1,"href":"https:\/\/oexpressobr.com.br\/index.php?rest_route=\/wp\/v2\/posts\/1126\/revisions"}],"predecessor-version":[{"id":1128,"href":"https:\/\/oexpressobr.com.br\/index.php?rest_route=\/wp\/v2\/posts\/1126\/revisions\/1128"}],"wp:attachment":[{"href":"https:\/\/oexpressobr.com.br\/index.php?rest_route=%2Fwp%2Fv2%2Fmedia&parent=1126"}],"wp:term":[{"taxonomy":"category","embeddable":true,"href":"https:\/\/oexpressobr.com.br\/index.php?rest_route=%2Fwp%2Fv2%2Fcategories&post=1126"},{"taxonomy":"post_tag","embeddable":true,"href":"https:\/\/oexpressobr.com.br\/index.php?rest_route=%2Fwp%2Fv2%2Ftags&post=1126"}],"curies":[{"name":"wp","href":"https:\/\/api.w.org\/{rel}","templated":true}]}}