{"id":1133,"date":"2025-12-28T06:51:41","date_gmt":"2025-12-28T09:51:41","guid":{"rendered":"https:\/\/oexpressobr.com.br\/?p=1133"},"modified":"2025-12-28T06:51:43","modified_gmt":"2025-12-28T09:51:43","slug":"documento-de-kassab-e-audios-da-sanepar-conectam-divida-de-r-34-milhoes-a-ratinho-junior-e-ao-psd","status":"publish","type":"post","link":"https:\/\/oexpressobr.com.br\/?p=1133","title":{"rendered":"Documento de Kassab e \u00e1udios da Sanepar conectam d\u00edvida de R$ 3,4 milh\u00f5es a Ratinho Junior e ao PSD"},"content":{"rendered":"\n<p class=\"wp-block-paragraph\">pol\u00edtica paranaense enfrenta um de seus momentos mais tensos com a revela\u00e7\u00e3o de um nexo documental que pode transformar suspeitas em provas materiais. No centro da crise, um valor exato: <strong>R$ 3.420.000,00<\/strong>. O montante, que aparece em registros cont\u00e1beis e em di\u00e1logos vazados, vincula a c\u00fapula da Sanepar, o diret\u00f3rio nacional do PSD e o governador Ratinho Junior em uma triangula\u00e7\u00e3o financeira que j\u00e1 mobiliza a oposi\u00e7\u00e3o na Assembleia Legislativa do Paran\u00e1 (ALEP).<\/p>\n\n\n\n<h3 class=\"wp-block-heading\">\u200bA Prova de Papel: A D\u00edvida &#8220;Transferida&#8221;<\/h3>\n\n\n\n<p class=\"wp-block-paragraph\">\u200bO ponto de ruptura nesta investiga\u00e7\u00e3o \u00e9 um documento assinado por <strong>Gilberto Kassab<\/strong>, presidente nacional do PSD. No papel, Kassab autoriza que uma d\u00edvida de car\u00e1ter pessoal do governador Ratinho Junior seja transferida para a contabilidade oficial do partido.<\/p>\n\n\n\n<p class=\"wp-block-paragraph\">\u200bO agravante \u00e9tico e jur\u00eddico reside na assinatura da recep\u00e7\u00e3o: o pr\u00f3prio Ratinho Junior, agindo na condi\u00e7\u00e3o de presidente estadual da sigla, assina o recebimento do perd\u00e3o de sua pr\u00f3pria d\u00edvida. Juristas apontam que o ato pode configurar uma confus\u00e3o patrimonial severa entre o ente p\u00fablico, a figura privada do pol\u00edtico e a agremia\u00e7\u00e3o partid\u00e1ria.<\/p>\n\n\n\n<h3 class=\"wp-block-heading\">\u200bO &#8220;Submundo&#8221; da Sanepar e a Coincid\u00eancia dos Centavos<\/h3>\n\n\n\n<p class=\"wp-block-paragraph\">\u200bA conex\u00e3o com a estatal de saneamento surge atrav\u00e9s de \u00e1udios vazados que detalham uma estrutura montada para drenar recursos. De acordo com as den\u00fancias, a <strong>Sanepar<\/strong> teria sido utilizada para quitar promessas de campanha atrav\u00e9s de contratos e cr\u00e9ditos direcionados.<\/p>\n\n\n\n<p class=\"wp-block-paragraph\">\u200bO que antes era tratado como narrativa de bastidor ganhou contornos de prova t\u00e9cnica devido \u00e0 <strong>coincid\u00eancia matem\u00e1tica<\/strong>: os valores discutidos nos esquemas de bastidores da estatal batem, centavo por centavo, com o &#8220;boleto&#8221; de R$ 3,4 milh\u00f5es assumido pelo PSD.<\/p>\n\n\n\n<blockquote class=\"wp-block-quote is-layout-flow wp-block-quote-is-layout-flow\">\n<p class=\"wp-block-paragraph\">\u200b&#8221;N\u00e3o se trata mais de uma estimativa ou de den\u00fancia vazia. \u00c9 a triangula\u00e7\u00e3o perfeita: a estatal gera o cr\u00e9dito, o partido assume o d\u00e9bito e o contribuinte paga a conta duas vezes&#8221;, afirmam fontes ligadas \u00e0 fiscaliza\u00e7\u00e3o das contas p\u00fablicas.<\/p>\n<\/blockquote>\n\n\n\n<h3 class=\"wp-block-heading\">\u200bImpacto Pol\u00edtico e Pedido de Impeachment<\/h3>\n\n\n\n<p class=\"wp-block-paragraph\">\u200bA revela\u00e7\u00e3o deste &#8220;rastro de papel&#8221; alterou o term\u00f4metro na capital paranaense. O que era um desgaste de imagem sobre a gest\u00e3o da Sanepar agora \u00e9 o combust\u00edvel para o que promete ser o maior pedido de <strong>impeachment<\/strong> da hist\u00f3ria do Paran\u00e1.<\/p>\n\n\n\n<p class=\"wp-block-paragraph\">\u200b<strong>Os principais pontos de press\u00e3o s\u00e3o:<\/strong><\/p>\n\n\n\n<ul class=\"wp-block-list\">\n<li>\u200b<strong>Confiss\u00e3o Registrada:<\/strong> O documento de Kassab \u00e9 visto como uma prova documental da origem e destino dos recursos.<\/li>\n\n\n\n<li>\u200b<strong>Conflito de Interesses:<\/strong> A dupla assinatura de Ratinho Junior (como devedor e como l\u00edder partid\u00e1rio que aceita a quita\u00e7\u00e3o).<\/li>\n\n\n\n<li>\u200b<strong>Uso da M\u00e1quina:<\/strong> A suspeita de que a Sanepar serviu de &#8220;caixa&#8221; para viabilizar a transa\u00e7\u00e3o financeira do partido.<\/li>\n<\/ul>\n\n\n\n<h3 class=\"wp-block-heading\">\u200bSitua\u00e7\u00e3o Atual<\/h3>\n\n\n\n<p class=\"wp-block-paragraph\">\u200bAt\u00e9 o momento, o Pal\u00e1cio Igua\u00e7u e o diret\u00f3rio do PSD n\u00e3o emitiram uma nota t\u00e9cnica detalhando a origem espec\u00edfica da d\u00edvida de R$ 3,4 milh\u00f5es, limitando-se a dizer que todas as contas partid\u00e1rias s\u00e3o aprovadas pela Justi\u00e7a Eleitoral. Contudo, a precis\u00e3o do valor em rela\u00e7\u00e3o aos \u00e1udios da Sanepar colocou o Minist\u00e9rio P\u00fablico sob press\u00e3o para abrir uma investiga\u00e7\u00e3o formal e imediata sobre peculato e crime de responsabilidade.<\/p>\n","protected":false},"excerpt":{"rendered":"<p>pol\u00edtica paranaense enfrenta um de seus momentos mais tensos com a revela\u00e7\u00e3o de um nexo documental que pode transformar suspeitas em provas materiais. No centro [&#8230;]<\/p>\n","protected":false},"author":1,"featured_media":1134,"comment_status":"open","ping_status":"open","sticky":false,"template":"","format":"standard","meta":{"_crdt_document":"","_jetpack_memberships_contains_paid_content":false,"footnotes":"","jetpack_publicize_message":"","jetpack_publicize_feature_enabled":true,"jetpack_social_post_already_shared":true,"jetpack_social_options":{"image_generator_settings":{"template":"highway","default_image_id":0,"font":"","enabled":false},"version":2}},"categories":[5],"tags":[],"class_list":["post-1133","post","type-post","status-publish","format-standard","has-post-thumbnail","hentry","category-parana"],"jetpack_publicize_connections":[],"jetpack_featured_media_url":"https:\/\/i0.wp.com\/oexpressobr.com.br\/wp-content\/uploads\/2025\/12\/Ratinho-Junior-esta-no-top-3-diz-presidente-estadu03273347012025060618222.webp?fit=1122%2C800&ssl=1","jetpack_likes_enabled":true,"jetpack_sharing_enabled":true,"_links":{"self":[{"href":"https:\/\/oexpressobr.com.br\/index.php?rest_route=\/wp\/v2\/posts\/1133","targetHints":{"allow":["GET"]}}],"collection":[{"href":"https:\/\/oexpressobr.com.br\/index.php?rest_route=\/wp\/v2\/posts"}],"about":[{"href":"https:\/\/oexpressobr.com.br\/index.php?rest_route=\/wp\/v2\/types\/post"}],"author":[{"embeddable":true,"href":"https:\/\/oexpressobr.com.br\/index.php?rest_route=\/wp\/v2\/users\/1"}],"replies":[{"embeddable":true,"href":"https:\/\/oexpressobr.com.br\/index.php?rest_route=%2Fwp%2Fv2%2Fcomments&post=1133"}],"version-history":[{"count":1,"href":"https:\/\/oexpressobr.com.br\/index.php?rest_route=\/wp\/v2\/posts\/1133\/revisions"}],"predecessor-version":[{"id":1135,"href":"https:\/\/oexpressobr.com.br\/index.php?rest_route=\/wp\/v2\/posts\/1133\/revisions\/1135"}],"wp:featuredmedia":[{"embeddable":true,"href":"https:\/\/oexpressobr.com.br\/index.php?rest_route=\/wp\/v2\/media\/1134"}],"wp:attachment":[{"href":"https:\/\/oexpressobr.com.br\/index.php?rest_route=%2Fwp%2Fv2%2Fmedia&parent=1133"}],"wp:term":[{"taxonomy":"category","embeddable":true,"href":"https:\/\/oexpressobr.com.br\/index.php?rest_route=%2Fwp%2Fv2%2Fcategories&post=1133"},{"taxonomy":"post_tag","embeddable":true,"href":"https:\/\/oexpressobr.com.br\/index.php?rest_route=%2Fwp%2Fv2%2Ftags&post=1133"}],"curies":[{"name":"wp","href":"https:\/\/api.w.org\/{rel}","templated":true}]}}