{"id":1136,"date":"2025-12-28T07:00:09","date_gmt":"2025-12-28T10:00:09","guid":{"rendered":"https:\/\/oexpressobr.com.br\/?p=1136"},"modified":"2025-12-28T07:00:10","modified_gmt":"2025-12-28T10:00:10","slug":"as-previsoes-do-agronegocio-para-o-setor-e-o-governo-lula","status":"publish","type":"post","link":"https:\/\/oexpressobr.com.br\/?p=1136","title":{"rendered":"As previs\u00f5es do agroneg\u00f3cio para o setor e o governo Lula"},"content":{"rendered":"\n<p class=\"wp-block-paragraph\">\u200bO agroneg\u00f3cio brasileiro chega ao horizonte de 2026 como o principal fiador da estabilidade econ\u00f4mica do pa\u00eds, mas sob um manto de cautela. Ap\u00f3s um 2025 marcado por recordes de faturamento e uma contribui\u00e7\u00e3o decisiva para o Produto Interno Bruto (PIB) \u2014 que deve fechar o ano anterior com um salto setorial pr\u00f3ximo a 9,6% \u2014, o setor agora lida com o desafio de sustentar o crescimento diante de um cen\u00e1rio de maior aperto financeiro e incertezas pol\u00edticas.<\/p>\n\n\n\n<p class=\"wp-block-paragraph\">\u200bNo centro da agenda entre o setor produtivo e o Pal\u00e1cio do Planalto est\u00e1 o Plano Safra 2025\/2026. Com um aporte hist\u00f3rico de R$ 516,2 bilh\u00f5es anunciado pelo presidente Luiz In\u00e1cio Lula da Silva e pelo ministro da Agricultura, Carlos F\u00e1varo, o governo tenta mitigar as cr\u00edticas da bancada ruralista e consolidar uma rela\u00e7\u00e3o de &#8220;entrega t\u00e9cnica&#8221;. Do total de recursos, R$ 415 bilh\u00f5es s\u00e3o voltados ao custeio e comercializa\u00e7\u00e3o, enquanto R$ 102 bilh\u00f5es focam em investimentos, um salto de 51% em rela\u00e7\u00e3o ao ciclo anterior.<\/p>\n\n\n\n<h3 class=\"wp-block-heading\">\u200bOs gargalos no radar do produtor<\/h3>\n\n\n\n<p class=\"wp-block-paragraph\">\u200bApesar do volume recorde de recursos, o otimismo \u00e9 moderado por fatores estruturais e macroecon\u00f4micos:<\/p>\n\n\n\n<ul class=\"wp-block-list\">\n<li>\u200b<strong>Inadimpl\u00eancia recorde:<\/strong> Dados recentes da Confedera\u00e7\u00e3o da Agricultura e Pecu\u00e1ria do Brasil (CNA) acendem o sinal amarelo. A inadimpl\u00eancia no cr\u00e9dito rural com taxas de mercado atingiu 11,4% no final de 2025, o maior n\u00edvel em mais de uma d\u00e9cada. Em janeiro de 2023, esse \u00edndice era de apenas 0,59%, refletindo o impacto dos juros elevados e da queda nos pre\u00e7os das commodities em momentos espec\u00edficos do ciclo.<\/li>\n\n\n\n<li>\u200b<strong>Riscos clim\u00e1ticos e safra 2026:<\/strong> O IBGE projeta uma retra\u00e7\u00e3o de 3,7% na safra de 2026 em compara\u00e7\u00e3o ao ano anterior, puxada especialmente pela queda na produ\u00e7\u00e3o de milho e arroz. Estados como Mato Grosso e Mato Grosso do Sul devem registrar quedas acentuadas, enquanto o Sul do pa\u00eds projeta recupera\u00e7\u00e3o.<\/li>\n\n\n\n<li>\u200b<strong>Transi\u00e7\u00e3o ecol\u00f3gica:<\/strong> O ministro da Fazenda, Fernando Haddad, tem refor\u00e7ado que o acesso a cr\u00e9ditos mais baratos no futuro estar\u00e1 intrinsecamente ligado a metas de sustentabilidade, como o Plano de Transforma\u00e7\u00e3o Ecol\u00f3gica e a recupera\u00e7\u00e3o de pastagens degradadas atrav\u00e9s do programa EcoInvest.<\/li>\n<\/ul>\n\n\n\n<h3 class=\"wp-block-heading\">\u200bO fator 2026: Pol\u00edtica e economia<\/h3>\n\n\n\n<p class=\"wp-block-paragraph\">\u200bPara o governo Lula, o agroneg\u00f3cio \u00e9 a ferramenta essencial para controlar a infla\u00e7\u00e3o de alimentos no ano eleitoral de 2026. A estrat\u00e9gia da Fazenda \u00e9 utilizar a &#8220;supersafra&#8221; para garantir defla\u00e7\u00e3o no setor de prote\u00ednas e gr\u00e3os, tentando converter o sucesso econ\u00f4mico em capital pol\u00edtico.<\/p>\n\n\n\n<p class=\"wp-block-paragraph\">\u200bPor outro lado, lideran\u00e7as do setor, como o deputado Pedro Lupion (presidente da Frente Parlamentar da Agropecu\u00e1ria), mant\u00eam uma postura de vigil\u00e2ncia. As cr\u00edticas principais giram em torno da inseguran\u00e7a jur\u00eddica no campo e da resist\u00eancia ideol\u00f3gica de alas do governo. Para 2026, o agro n\u00e3o espera apenas cr\u00e9dito, mas &#8220;previsibilidade e confian\u00e7a&#8221; \u2014 termos que se tornaram mantras entre os produtores que temem novos aumentos de carga tribut\u00e1ria e instabilidade nas exporta\u00e7\u00f5es para mercados como China e Uni\u00e3o Europeia.<\/p>\n\n\n\n<p class=\"wp-block-paragraph\">\u200bCom o PIB do agroneg\u00f3cio estimado em R$ 3,13 trilh\u00f5es, o setor entra em 2026 ciente de que \u00e9 o motor do Brasil, mas exigindo que o governo n\u00e3o apenas disponibilize recursos, mas resolva os n\u00f3s log\u00edsticos e tribut\u00e1rios que ainda freiam a competitividade no campo.<\/p>\n","protected":false},"excerpt":{"rendered":"<p>\u200bO agroneg\u00f3cio brasileiro chega ao horizonte de 2026 como o principal fiador da estabilidade econ\u00f4mica do pa\u00eds, mas sob um manto de cautela. Ap\u00f3s um [&#8230;]<\/p>\n","protected":false},"author":1,"featured_media":1137,"comment_status":"open","ping_status":"open","sticky":false,"template":"","format":"standard","meta":{"_crdt_document":"","_jetpack_memberships_contains_paid_content":false,"footnotes":"","jetpack_publicize_message":"","jetpack_publicize_feature_enabled":true,"jetpack_social_post_already_shared":true,"jetpack_social_options":{"image_generator_settings":{"template":"highway","default_image_id":0,"font":"","enabled":false},"version":2}},"categories":[34],"tags":[],"class_list":["post-1136","post","type-post","status-publish","format-standard","has-post-thumbnail","hentry","category-agro"],"jetpack_publicize_connections":[],"jetpack_featured_media_url":"https:\/\/i0.wp.com\/oexpressobr.com.br\/wp-content\/uploads\/2025\/12\/GettyImages-1238927716.jpg.jpg?fit=414%2C280&ssl=1","jetpack_likes_enabled":true,"jetpack_sharing_enabled":true,"_links":{"self":[{"href":"https:\/\/oexpressobr.com.br\/index.php?rest_route=\/wp\/v2\/posts\/1136","targetHints":{"allow":["GET"]}}],"collection":[{"href":"https:\/\/oexpressobr.com.br\/index.php?rest_route=\/wp\/v2\/posts"}],"about":[{"href":"https:\/\/oexpressobr.com.br\/index.php?rest_route=\/wp\/v2\/types\/post"}],"author":[{"embeddable":true,"href":"https:\/\/oexpressobr.com.br\/index.php?rest_route=\/wp\/v2\/users\/1"}],"replies":[{"embeddable":true,"href":"https:\/\/oexpressobr.com.br\/index.php?rest_route=%2Fwp%2Fv2%2Fcomments&post=1136"}],"version-history":[{"count":1,"href":"https:\/\/oexpressobr.com.br\/index.php?rest_route=\/wp\/v2\/posts\/1136\/revisions"}],"predecessor-version":[{"id":1138,"href":"https:\/\/oexpressobr.com.br\/index.php?rest_route=\/wp\/v2\/posts\/1136\/revisions\/1138"}],"wp:featuredmedia":[{"embeddable":true,"href":"https:\/\/oexpressobr.com.br\/index.php?rest_route=\/wp\/v2\/media\/1137"}],"wp:attachment":[{"href":"https:\/\/oexpressobr.com.br\/index.php?rest_route=%2Fwp%2Fv2%2Fmedia&parent=1136"}],"wp:term":[{"taxonomy":"category","embeddable":true,"href":"https:\/\/oexpressobr.com.br\/index.php?rest_route=%2Fwp%2Fv2%2Fcategories&post=1136"},{"taxonomy":"post_tag","embeddable":true,"href":"https:\/\/oexpressobr.com.br\/index.php?rest_route=%2Fwp%2Fv2%2Ftags&post=1136"}],"curies":[{"name":"wp","href":"https:\/\/api.w.org\/{rel}","templated":true}]}}