{"id":1148,"date":"2025-12-29T05:05:32","date_gmt":"2025-12-29T08:05:32","guid":{"rendered":"https:\/\/oexpressobr.com.br\/?p=1148"},"modified":"2025-12-29T05:22:02","modified_gmt":"2025-12-29T08:22:02","slug":"camara-dos-deputados-lanca-glossario-para-combater-crimes-digitais-contra-criancas-e-adolescentes","status":"publish","type":"post","link":"https:\/\/oexpressobr.com.br\/?p=1148","title":{"rendered":"C\u00e2mara dos Deputados lan\u00e7a gloss\u00e1rio para combater crimes digitais contra crian\u00e7as e adolescentes"},"content":{"rendered":"\n<p class=\"wp-block-paragraph\">A C\u00e2mara dos Deputados oficializou o lan\u00e7amento do <strong>\u201cGloss\u00e1rio sobre prote\u00e7\u00e3o de crian\u00e7as e adolescentes em ambientes digitais\u201d<\/strong>, uma iniciativa estrat\u00e9gica para capacitar fam\u00edlias e educadores diante do aumento da criminalidade e da exposi\u00e7\u00e3o precoce no ecossistema virtual. A obra surge em um momento em que termos t\u00e9cnicos de seguran\u00e7a cibern\u00e9tica tornaram-se, infelizmente, parte da rotina dom\u00e9stica brasileira.<\/p>\n\n\n\n<h3 class=\"wp-block-heading\">Educa\u00e7\u00e3o como primeira barreira de defesa<\/h3>\n\n\n\n<p class=\"wp-block-paragraph\">O guia busca traduzir o &#8220;tecniqu\u00eas&#8221; para uma linguagem acess\u00edvel, permitindo que pais e respons\u00e1veis identifiquem amea\u00e7as antes que elas se tornem danos irrevers\u00edveis. Entre os conceitos detalhados na publica\u00e7\u00e3o, destacam-se:<\/p>\n\n\n\n<ul class=\"wp-block-list\">\n<li><strong>Cyberbullying:<\/strong> Pr\u00e1tica de intimida\u00e7\u00e3o e humilha\u00e7\u00e3o sist\u00eamica na rede.<\/li>\n\n\n\n<li><strong>Grooming:<\/strong> O aliciamento de menores por adultos com fins sexuais.<\/li>\n\n\n\n<li><strong>Sextors\u00e3o:<\/strong> Chantagem realizada atrav\u00e9s da amea\u00e7a de divulga\u00e7\u00e3o de imagens \u00edntimas.<\/li>\n\n\n\n<li><strong>Deepfake:<\/strong> O uso de intelig\u00eancia artificial para criar v\u00eddeos ou \u00e1udios falsos, frequentemente utilizados para difama\u00e7\u00e3o.<\/li>\n<\/ul>\n\n\n\n<p class=\"wp-block-paragraph\">Al\u00e9m das defini\u00e7\u00f5es, o gloss\u00e1rio oferece um passo a passo sobre como utilizar ferramentas de <strong>controle parental<\/strong> e o funcionamento de <strong>contas vinculadas<\/strong>, que permitem aos respons\u00e1veis monitorar a atividade digital dos jovens sem necessariamente invadir sua privacidade b\u00e1sica.<\/p>\n\n\n\n<h3 class=\"wp-block-heading\">Contexto atual: O avan\u00e7o do PL 2630 e a regula\u00e7\u00e3o<\/h3>\n\n\n\n<p class=\"wp-block-paragraph\">A iniciativa da C\u00e2mara n\u00e3o ocorre no v\u00e1cuo. Ela acompanha a crescente press\u00e3o social pela vota\u00e7\u00e3o do <strong>PL 2630 (Projeto de Lei das Fake News)<\/strong> e de outras propostas que visam responsabilizar as grandes plataformas de tecnologia (<em>Big Techs<\/em>) pela seguran\u00e7a de seus usu\u00e1rios mais vulner\u00e1veis.<\/p>\n\n\n\n<p class=\"wp-block-paragraph\">Dados recentes de consultorias de seguran\u00e7a digital indicam que o Brasil \u00e9 um dos pa\u00edses onde crian\u00e7as passam mais tempo conectadas, o que elevou o \u00edndice de notifica\u00e7\u00f5es de crimes cibern\u00e9ticos contra menores em mais de <strong>20% no \u00faltimo ano<\/strong>. O gloss\u00e1rio, portanto, atua como uma ferramenta de &#8220;primeiros socorros&#8221; enquanto o marco regulat\u00f3rio segue em debate no Congresso.<\/p>\n\n\n\n<h3 class=\"wp-block-heading\">Como acessar e denunciar<\/h3>\n\n\n\n<p class=\"wp-block-paragraph\">O material \u00e9 gratuito e est\u00e1 dispon\u00edvel no portal da C\u00e2mara dos Deputados. Ele inclui uma lista atualizada de <strong>canais de den\u00fancia<\/strong>, como:<\/p>\n\n\n\n<ol start=\"1\" class=\"wp-block-list\">\n<li><strong>Disque 100:<\/strong> Direitos Humanos.<\/li>\n\n\n\n<li><strong>SaferNet Brasil:<\/strong> Para crimes cibern\u00e9ticos espec\u00edficos.<\/li>\n\n\n\n<li><strong>Conselhos Tutelares:<\/strong> Para medidas protetivas imediatas.<\/li>\n<\/ol>\n\n\n\n<blockquote class=\"wp-block-quote is-layout-flow wp-block-quote-is-layout-flow\">\n<p class=\"wp-block-paragraph\">&#8220;A prote\u00e7\u00e3o no mundo digital \u00e9 uma responsabilidade compartilhada entre Estado, fam\u00edlias e empresas de tecnologia. O conhecimento \u00e9 a ferramenta mais eficaz para prevenir o abuso&#8221;, destaca o texto de apresenta\u00e7\u00e3o do guia.<\/p>\n<\/blockquote>\n","protected":false},"excerpt":{"rendered":"<p>A C\u00e2mara dos Deputados oficializou o lan\u00e7amento do \u201cGloss\u00e1rio sobre prote\u00e7\u00e3o de crian\u00e7as e adolescentes em ambientes digitais\u201d, uma iniciativa estrat\u00e9gica para capacitar fam\u00edlias e [&#8230;]<\/p>\n","protected":false},"author":1,"featured_media":1149,"comment_status":"open","ping_status":"open","sticky":false,"template":"","format":"standard","meta":{"_crdt_document":"","_jetpack_memberships_contains_paid_content":false,"footnotes":"","jetpack_publicize_message":"","jetpack_publicize_feature_enabled":true,"jetpack_social_post_already_shared":true,"jetpack_social_options":{"image_generator_settings":{"template":"highway","default_image_id":0,"font":"","enabled":false},"version":2}},"categories":[3],"tags":[],"class_list":["post-1148","post","type-post","status-publish","format-standard","has-post-thumbnail","hentry","category-brasil"],"jetpack_publicize_connections":[],"jetpack_featured_media_url":"https:\/\/i0.wp.com\/oexpressobr.com.br\/wp-content\/uploads\/2025\/12\/deputados.jpg?fit=600%2C400&ssl=1","jetpack_likes_enabled":true,"jetpack_sharing_enabled":true,"_links":{"self":[{"href":"https:\/\/oexpressobr.com.br\/index.php?rest_route=\/wp\/v2\/posts\/1148","targetHints":{"allow":["GET"]}}],"collection":[{"href":"https:\/\/oexpressobr.com.br\/index.php?rest_route=\/wp\/v2\/posts"}],"about":[{"href":"https:\/\/oexpressobr.com.br\/index.php?rest_route=\/wp\/v2\/types\/post"}],"author":[{"embeddable":true,"href":"https:\/\/oexpressobr.com.br\/index.php?rest_route=\/wp\/v2\/users\/1"}],"replies":[{"embeddable":true,"href":"https:\/\/oexpressobr.com.br\/index.php?rest_route=%2Fwp%2Fv2%2Fcomments&post=1148"}],"version-history":[{"count":1,"href":"https:\/\/oexpressobr.com.br\/index.php?rest_route=\/wp\/v2\/posts\/1148\/revisions"}],"predecessor-version":[{"id":1150,"href":"https:\/\/oexpressobr.com.br\/index.php?rest_route=\/wp\/v2\/posts\/1148\/revisions\/1150"}],"wp:featuredmedia":[{"embeddable":true,"href":"https:\/\/oexpressobr.com.br\/index.php?rest_route=\/wp\/v2\/media\/1149"}],"wp:attachment":[{"href":"https:\/\/oexpressobr.com.br\/index.php?rest_route=%2Fwp%2Fv2%2Fmedia&parent=1148"}],"wp:term":[{"taxonomy":"category","embeddable":true,"href":"https:\/\/oexpressobr.com.br\/index.php?rest_route=%2Fwp%2Fv2%2Fcategories&post=1148"},{"taxonomy":"post_tag","embeddable":true,"href":"https:\/\/oexpressobr.com.br\/index.php?rest_route=%2Fwp%2Fv2%2Ftags&post=1148"}],"curies":[{"name":"wp","href":"https:\/\/api.w.org\/{rel}","templated":true}]}}