{"id":1157,"date":"2025-12-29T05:49:53","date_gmt":"2025-12-29T08:49:53","guid":{"rendered":"https:\/\/oexpressobr.com.br\/?p=1157"},"modified":"2025-12-29T05:49:55","modified_gmt":"2025-12-29T08:49:55","slug":"bolsonaro-passa-por-novo-procedimento-em-brasilia-apos-instabilidade-na-pressao-e-solucos","status":"publish","type":"post","link":"https:\/\/oexpressobr.com.br\/?p=1157","title":{"rendered":"Bolsonaro passa por novo procedimento em Bras\u00edlia ap\u00f3s instabilidade na press\u00e3o e solu\u00e7os"},"content":{"rendered":"\n<p class=\"wp-block-paragraph\">O ex-presidente <strong>Jair Bolsonaro<\/strong> permanece internado no Hospital DF Star, em Bras\u00edlia, onde deve ser submetido a um novo procedimento m\u00e9dico nesta segunda-feira (29). A interven\u00e7\u00e3o faz parte do cronograma para complementar o tratamento iniciado na \u00faltima semana, visando estabilizar seu quadro cl\u00ednico ap\u00f3s intercorr\u00eancias no p\u00f3s-operat\u00f3rio.<\/p>\n\n\n\n<h3 class=\"wp-block-heading\">\u200bDetalhes do quadro cl\u00ednico e novos sintomas<\/h3>\n\n\n\n<p class=\"wp-block-paragraph\">\u200bDe acordo com o \u00faltimo boletim m\u00e9dico divulgado pela equipe hospitalar, Bolsonaro apresentou uma noite inst\u00e1vel. O ex-presidente sofreu uma <strong>nova crise de solu\u00e7os<\/strong> persistentes e uma <strong>altera\u00e7\u00e3o na press\u00e3o arterial<\/strong>.<\/p>\n\n\n\n<p class=\"wp-block-paragraph\">\u200bApesar do susto, o hospital informou que o quadro foi controlado durante a madrugada. No momento, o paciente encontra-se:<\/p>\n\n\n\n<ul class=\"wp-block-list\">\n<li>\u200b<strong>Est\u00e1vel<\/strong> do ponto de vista hemodin\u00e2mico;<\/li>\n\n\n\n<li>\u200bSem epis\u00f3dios ativos de solu\u00e7os;<\/li>\n\n\n\n<li>\u200bSob monitoramento constante da equipe multidisciplinar.<\/li>\n<\/ul>\n\n\n\n<h3 class=\"wp-block-heading\">\u200bHist\u00f3rico da interna\u00e7\u00e3o<\/h3>\n\n\n\n<p class=\"wp-block-paragraph\">\u200bBolsonaro deu entrada na unidade de sa\u00fade no dia 24 de dezembro para a realiza\u00e7\u00e3o de uma cirurgia de corre\u00e7\u00e3o de <strong>h\u00e9rnia inguinal bilateral<\/strong>. O procedimento principal ocorreu conforme o esperado, mas as crises de solu\u00e7o \u2014 sintoma recorrente no hist\u00f3rico m\u00e9dico do ex-presidente desde o atentado de 2018 \u2014 voltaram a se manifestar.<\/p>\n\n\n\n<p class=\"wp-block-paragraph\">\u200bNo \u00faltimo s\u00e1bado (27), ele j\u00e1 havia passado por um <strong>bloqueio anest\u00e9sico do nervo fr\u00eanico<\/strong>. Essa t\u00e9cnica consiste em &#8220;desligar&#8221; temporariamente o nervo respons\u00e1vel pelo controle do diafragma, justamente para interromper os espasmos que causam o solu\u00e7o. O procedimento desta segunda-feira busca consolidar esse bloqueio e garantir que a recupera\u00e7\u00e3o da cirurgia de h\u00e9rnia n\u00e3o seja prejudicada pelo esfor\u00e7o abdominal dos solu\u00e7os.<\/p>\n\n\n\n<h3 class=\"wp-block-heading\">\u200bO que diz a equipe m\u00e9dica<\/h3>\n\n\n\n<p class=\"wp-block-paragraph\">\u200bA equipe liderada pelo cirurgi\u00e3o Ant\u00f4nio Luiz Macedo e pelo cardiologista Ludhmila Hajjar mant\u00e9m a previs\u00e3o de que o tratamento seja conclu\u00eddo nos pr\u00f3ximos dias, embora ainda n\u00e3o haja uma data confirmada para a alta hospitalar. A prioridade atual \u00e9 a manuten\u00e7\u00e3o da press\u00e3o arterial e o conforto respirat\u00f3rio do paciente.<\/p>\n\n\n\n<blockquote class=\"wp-block-quote is-layout-flow wp-block-quote-is-layout-flow\">\n<p class=\"wp-block-paragraph\">\u200b<strong>Nota de contexto:<\/strong> O solu\u00e7o persistente em pacientes com o hist\u00f3rico abdominal de Bolsonaro (que j\u00e1 passou por diversas cirurgias decorrentes da facada em 2018) \u00e9 tratado com cautela, pois pode causar deisc\u00eancia (abertura) de pontos internos e dores agudas.<\/p>\n<\/blockquote>\n","protected":false},"excerpt":{"rendered":"<p>O ex-presidente Jair Bolsonaro permanece internado no Hospital DF Star, em Bras\u00edlia, onde deve ser submetido a um novo procedimento m\u00e9dico nesta segunda-feira (29). A [&#8230;]<\/p>\n","protected":false},"author":1,"featured_media":1158,"comment_status":"open","ping_status":"open","sticky":false,"template":"","format":"standard","meta":{"_crdt_document":"","_jetpack_memberships_contains_paid_content":false,"footnotes":"","jetpack_publicize_message":"","jetpack_publicize_feature_enabled":true,"jetpack_social_post_already_shared":true,"jetpack_social_options":{"image_generator_settings":{"template":"highway","default_image_id":0,"font":"","enabled":false},"version":2}},"categories":[18],"tags":[],"class_list":["post-1157","post","type-post","status-publish","format-standard","has-post-thumbnail","hentry","category-saude"],"jetpack_publicize_connections":[],"jetpack_featured_media_url":"https:\/\/i0.wp.com\/oexpressobr.com.br\/wp-content\/uploads\/2025\/12\/IMG-20251229-WA0214.jpg?fit=1080%2C1350&ssl=1","jetpack_likes_enabled":true,"jetpack_sharing_enabled":true,"_links":{"self":[{"href":"https:\/\/oexpressobr.com.br\/index.php?rest_route=\/wp\/v2\/posts\/1157","targetHints":{"allow":["GET"]}}],"collection":[{"href":"https:\/\/oexpressobr.com.br\/index.php?rest_route=\/wp\/v2\/posts"}],"about":[{"href":"https:\/\/oexpressobr.com.br\/index.php?rest_route=\/wp\/v2\/types\/post"}],"author":[{"embeddable":true,"href":"https:\/\/oexpressobr.com.br\/index.php?rest_route=\/wp\/v2\/users\/1"}],"replies":[{"embeddable":true,"href":"https:\/\/oexpressobr.com.br\/index.php?rest_route=%2Fwp%2Fv2%2Fcomments&post=1157"}],"version-history":[{"count":1,"href":"https:\/\/oexpressobr.com.br\/index.php?rest_route=\/wp\/v2\/posts\/1157\/revisions"}],"predecessor-version":[{"id":1159,"href":"https:\/\/oexpressobr.com.br\/index.php?rest_route=\/wp\/v2\/posts\/1157\/revisions\/1159"}],"wp:featuredmedia":[{"embeddable":true,"href":"https:\/\/oexpressobr.com.br\/index.php?rest_route=\/wp\/v2\/media\/1158"}],"wp:attachment":[{"href":"https:\/\/oexpressobr.com.br\/index.php?rest_route=%2Fwp%2Fv2%2Fmedia&parent=1157"}],"wp:term":[{"taxonomy":"category","embeddable":true,"href":"https:\/\/oexpressobr.com.br\/index.php?rest_route=%2Fwp%2Fv2%2Fcategories&post=1157"},{"taxonomy":"post_tag","embeddable":true,"href":"https:\/\/oexpressobr.com.br\/index.php?rest_route=%2Fwp%2Fv2%2Ftags&post=1157"}],"curies":[{"name":"wp","href":"https:\/\/api.w.org\/{rel}","templated":true}]}}