{"id":1160,"date":"2025-12-29T05:54:52","date_gmt":"2025-12-29T08:54:52","guid":{"rendered":"https:\/\/oexpressobr.com.br\/?p=1160"},"modified":"2025-12-29T05:54:53","modified_gmt":"2025-12-29T08:54:53","slug":"pesquisa-revela-que-geracoes-y-e-z-priorizam-o-sonho-da-casa-propria-apesar-dos-desafios-economicos","status":"publish","type":"post","link":"https:\/\/oexpressobr.com.br\/?p=1160","title":{"rendered":"Pesquisa revela que gera\u00e7\u00f5es Y e Z priorizam o sonho da casa pr\u00f3pria apesar dos desafios econ\u00f4micos"},"content":{"rendered":"\n<p class=\"wp-block-paragraph\">Diferente do que pregava o senso comum de alguns anos atr\u00e1s \u2014 que sugeria um desinteresse dos jovens pela posse de bens \u2014 as <strong>Gera\u00e7\u00f5es Y (Millennials) e Z<\/strong> est\u00e3o colocando a compra do im\u00f3vel no topo de suas listas de prioridades. Segundo levantamentos recentes do setor, como o Radar imobili\u00e1rio, a busca por estabilidade e seguran\u00e7a financeira superou o desejo de mobilidade total.<\/p>\n\n\n\n<h3 class=\"wp-block-heading\">\u200bO novo perfil do comprador jovem<\/h3>\n\n\n\n<p class=\"wp-block-paragraph\">\u200bA ideia da &#8220;economia do compartilhamento&#8221; parece estar perdendo espa\u00e7o para o desejo de patrim\u00f4nio s\u00f3lido. Enquanto os Millennials (25 a 40 anos) buscam im\u00f3veis maiores para acomodar fam\u00edlias em crescimento ou o home office, a Gera\u00e7\u00e3o Z (at\u00e9 24 anos) j\u00e1 demonstra uma consci\u00eancia financeira precoce, encarando o im\u00f3vel como um investimento de longo prazo.<\/p>\n\n\n\n<p class=\"wp-block-paragraph\">\u200b<strong>Os principais motivadores apontados s\u00e3o:<\/strong><\/p>\n\n\n\n<ul class=\"wp-block-list\">\n<li>\u200b<strong>Seguran\u00e7a Financeira:<\/strong> O medo da instabilidade econ\u00f4mica e a alta dos alugu\u00e9is tornam a presta\u00e7\u00e3o do financiamento mais atrativa.<\/li>\n\n\n\n<li>\u200b<strong>Personaliza\u00e7\u00e3o:<\/strong> O desejo de ter um espa\u00e7o que reflita a identidade pr\u00f3pria, algo limitado em im\u00f3veis alugados.<\/li>\n\n\n\n<li>\u200b<strong>Home Office:<\/strong> A consolida\u00e7\u00e3o do trabalho h\u00edbrido exige ambientes preparados, o que impulsiona a compra de espa\u00e7os definitivos.<\/li>\n<\/ul>\n\n\n\n<h3 class=\"wp-block-heading\">\u200bBarreiras e supera\u00e7\u00e3o<\/h3>\n\n\n\n<p class=\"wp-block-paragraph\">\u200bApesar do forte desejo, o caminho at\u00e9 a chave na m\u00e3o n\u00e3o \u00e9 simples. O cen\u00e1rio atual apresenta desafios significativos:<\/p>\n\n\n\n<ol class=\"wp-block-list\">\n<li>\u200b<strong>Acesso ao cr\u00e9dito:<\/strong> Taxas de juros e crit\u00e9rios rigorosos de aprova\u00e7\u00e3o.<\/li>\n\n\n\n<li>\u200b<strong>Poder de compra:<\/strong> A valoriza\u00e7\u00e3o imobili\u00e1ria em grandes centros urbanos muitas vezes supera o crescimento salarial m\u00e9dio.<\/li>\n\n\n\n<li>\u200b<strong>Endividamento:<\/strong> A Gera\u00e7\u00e3o Z, em especial, lida com altos n\u00edveis de gastos com servi\u00e7os e educa\u00e7\u00e3o, o que retarda o ac\u00famulo da entrada.<\/li>\n<\/ol>\n","protected":false},"excerpt":{"rendered":"<p>Diferente do que pregava o senso comum de alguns anos atr\u00e1s \u2014 que sugeria um desinteresse dos jovens pela posse de bens \u2014 as Gera\u00e7\u00f5es [&#8230;]<\/p>\n","protected":false},"author":1,"featured_media":1161,"comment_status":"open","ping_status":"open","sticky":false,"template":"","format":"standard","meta":{"_crdt_document":"","_jetpack_memberships_contains_paid_content":false,"footnotes":"","jetpack_publicize_message":"","jetpack_publicize_feature_enabled":true,"jetpack_social_post_already_shared":true,"jetpack_social_options":{"image_generator_settings":{"template":"highway","default_image_id":0,"font":"","enabled":false},"version":2}},"categories":[3],"tags":[],"class_list":["post-1160","post","type-post","status-publish","format-standard","has-post-thumbnail","hentry","category-brasil"],"jetpack_publicize_connections":[],"jetpack_featured_media_url":"https:\/\/i0.wp.com\/oexpressobr.com.br\/wp-content\/uploads\/2025\/12\/construcao-civil-habitacao-engenharia-obras-20130607-63-size-598.jpg?fit=414%2C280&ssl=1","jetpack_likes_enabled":true,"jetpack_sharing_enabled":true,"_links":{"self":[{"href":"https:\/\/oexpressobr.com.br\/index.php?rest_route=\/wp\/v2\/posts\/1160","targetHints":{"allow":["GET"]}}],"collection":[{"href":"https:\/\/oexpressobr.com.br\/index.php?rest_route=\/wp\/v2\/posts"}],"about":[{"href":"https:\/\/oexpressobr.com.br\/index.php?rest_route=\/wp\/v2\/types\/post"}],"author":[{"embeddable":true,"href":"https:\/\/oexpressobr.com.br\/index.php?rest_route=\/wp\/v2\/users\/1"}],"replies":[{"embeddable":true,"href":"https:\/\/oexpressobr.com.br\/index.php?rest_route=%2Fwp%2Fv2%2Fcomments&post=1160"}],"version-history":[{"count":1,"href":"https:\/\/oexpressobr.com.br\/index.php?rest_route=\/wp\/v2\/posts\/1160\/revisions"}],"predecessor-version":[{"id":1162,"href":"https:\/\/oexpressobr.com.br\/index.php?rest_route=\/wp\/v2\/posts\/1160\/revisions\/1162"}],"wp:featuredmedia":[{"embeddable":true,"href":"https:\/\/oexpressobr.com.br\/index.php?rest_route=\/wp\/v2\/media\/1161"}],"wp:attachment":[{"href":"https:\/\/oexpressobr.com.br\/index.php?rest_route=%2Fwp%2Fv2%2Fmedia&parent=1160"}],"wp:term":[{"taxonomy":"category","embeddable":true,"href":"https:\/\/oexpressobr.com.br\/index.php?rest_route=%2Fwp%2Fv2%2Fcategories&post=1160"},{"taxonomy":"post_tag","embeddable":true,"href":"https:\/\/oexpressobr.com.br\/index.php?rest_route=%2Fwp%2Fv2%2Ftags&post=1160"}],"curies":[{"name":"wp","href":"https:\/\/api.w.org\/{rel}","templated":true}]}}