{"id":1203,"date":"2025-12-30T04:43:57","date_gmt":"2025-12-30T07:43:57","guid":{"rendered":"https:\/\/oexpressobr.com.br\/?p=1203"},"modified":"2025-12-30T04:43:58","modified_gmt":"2025-12-30T07:43:58","slug":"2025-um-ano-que-colocou-a-prova-a-resiliencia-do-setor-florestal","status":"publish","type":"post","link":"https:\/\/oexpressobr.com.br\/?p=1203","title":{"rendered":"2025: um ano que colocou \u00e0 prova a resili\u00eancia do setor florestal"},"content":{"rendered":"\n<p class=\"wp-block-paragraph\"><strong>Por Fabio Brun<\/strong><\/p>\n\n\n\n<p class=\"wp-block-paragraph\">Encerramos 2025 com a sensa\u00e7\u00e3o de que atravessamos um per\u00edodo marcado por contrastes. O ano come\u00e7ou com expectativas de expans\u00e3o, investimentos e demanda aquecida pelos produtos de base florestal. Tudo indicava um ciclo promissor: nossas empresas se preparavam para ampliar produ\u00e7\u00e3o, o com\u00e9rcio internacional apontava para estabilidade e o Brasil fortalecia sua posi\u00e7\u00e3o como refer\u00eancia global em manejo florestal sustent\u00e1vel. Parecia que est\u00e1vamos diante de um dos melhores per\u00edodos da d\u00e9cada.<\/p>\n\n\n\n<p class=\"wp-block-paragraph\">Mas a realidade mudou abruptamente. O chamado tarifa\u00e7o adotado pelo governo dos Estados Unidos atingiu em cheio nossa competitividade. As tarifas, inicialmente de 10% a partir de abril e elevadas para 50% em agosto, criaram um desequil\u00edbrio comercial imediato.<\/p>\n\n\n\n<p class=\"wp-block-paragraph\">A consequ\u00eancia todos conhecem: suspens\u00e3o tempor\u00e1ria de atividades, f\u00e9rias coletivas, lay off e demiss\u00f5es que podem chegar a 10 mil trabalhadores at\u00e9 o fim de 2025. Nenhum setor absorve um impacto dessa magnitude sem consequ\u00eancias sociais e econ\u00f4micas profundas, especialmente em estados como o Paran\u00e1, onde a atividade florestal \u00e9 parte estrutural da economia. Somos fontes de gera\u00e7\u00e3o de emprego e renda. No Paran\u00e1, mantemos cerca de 109 mil empregos diretos e mais de 400 mil indiretos.<\/p>\n\n\n\n<p class=\"wp-block-paragraph\">\u00c9 importante reconhecer que, mesmo em meio a esse cen\u00e1rio desafiador, o setor demonstrou o que sempre nos definiu: resili\u00eancia.&nbsp;E isso se reflete em outros n\u00fameros importantes. Mesmo com a crise, o Paran\u00e1 preservou sua vice-lideran\u00e7a no valor da produ\u00e7\u00e3o florestal, alcan\u00e7ando R$ 6,9 bilh\u00f5es em 2024, um crescimento superior a 20% em compara\u00e7\u00e3o ao ano anterior.<\/p>\n\n\n\n<p class=\"wp-block-paragraph\">Ocupamos o segundo lugar nacional em \u00e1rea plantada de pinus, com um alto n\u00edvel tecnol\u00f3gico em toda a cadeia produtiva. No total, o Paran\u00e1 possui cerca de 1,17 milh\u00e3o de hectares plantados, sendo 710.836,77 hectares de pinus, 438.721,37 hectares de eucalipto e 6.486,96 ha de arauc\u00e1ria.<\/p>\n\n\n\n<p class=\"wp-block-paragraph\">H\u00e1 um outro fator a ser compreendido nesse ano de 2025. O mundo voltou seu olhar para as florestas como vetor de desenvolvimento sustent\u00e1vel, inova\u00e7\u00e3o industrial e gera\u00e7\u00e3o de riqueza. Durante a COP30, realizada em novembro em Bel\u00e9m do Par\u00e1, o Banco Mundial refor\u00e7ou o papel do setor florestal como potencial fomentador de emprego e de estabilidade econ\u00f4mica. N\u00e3o falamos de proje\u00e7\u00f5es te\u00f3ricas, mas de uma realidade vivida diariamente nas comunidades onde nossas empresas est\u00e3o inseridas.<\/p>\n\n\n\n<p class=\"wp-block-paragraph\">Se 2025 foi um ano de adversidades, tamb\u00e9m foi um per\u00edodo de reafirma\u00e7\u00e3o da relev\u00e2ncia do nosso setor no Brasil e no exterior. A APRE manteve-se firme na interlocu\u00e7\u00e3o com o poder p\u00fablico, refor\u00e7ou pontes com universidades e consolidou sua imagem como refer\u00eancia em qualidade e responsabilidade ambiental.<\/p>\n\n\n\n<p class=\"wp-block-paragraph\">Seguimos investindo em inova\u00e7\u00e3o, em silvicultura de alta performance e na promo\u00e7\u00e3o da madeira como material estrat\u00e9gico para o futuro, que exige sustentabilidade, tecnologia e desenvolvimento social alinhados.<\/p>\n\n\n\n<p class=\"wp-block-paragraph\">Ao olhar para 2026, fa\u00e7o isso com senso de responsabilidade, mas tamb\u00e9m com confian\u00e7a. O pr\u00f3ximo ano marca os 120 anos da introdu\u00e7\u00e3o do pinus no Brasil, esp\u00e9cie que moldou voca\u00e7\u00f5es regionais, impulsionou cadeias produtivas e contribuiu para posicionar nosso pa\u00eds no mapa florestal global. Ser\u00e1 um ano simb\u00f3lico, que convida a refletir sobre o passado e, principalmente, sobre o caminho que ainda temos a construir.<\/p>\n\n\n\n<p class=\"wp-block-paragraph\">A busca pela seguran\u00e7a jur\u00eddica&nbsp;para o desenvolvimento da nossa atividade seguir\u00e1 como prioridade, assim como a defesa da competitividade das nossas empresas. Mas tamb\u00e9m ser\u00e1 o momento de avan\u00e7ar em agendas estruturantes: inova\u00e7\u00e3o aplicada ao manejo, amplia\u00e7\u00e3o do uso da madeira na constru\u00e7\u00e3o civil, est\u00edmulo a novos arranjos industriais e fortalecimento da bioeconomia florestal.<\/p>\n\n\n\n<p class=\"wp-block-paragraph\">A floresta cresce em sil\u00eancio, enfrentando vento, frio, seca e at\u00e9 decis\u00f5es pol\u00edticas imprevis\u00edveis. E, mesmo assim, segue firme. \u00c9 um s\u00edmbolo perfeito do que nos caracteriza: adaptabilidade, consist\u00eancia e vis\u00e3o de longo prazo.<\/p>\n\n\n\n<p class=\"wp-block-paragraph\">Que 2026 nos encontre unidos, determinados e confiantes. Se a floresta n\u00e3o para de crescer, n\u00f3s tamb\u00e9m n\u00e3o.<\/p>\n\n\n\n<p class=\"wp-block-paragraph\"><strong>Fabio Brun \u00e9 presidente da Associa\u00e7\u00e3o Paranaense de Empresas de Base Florestal (APRE Florestas)<\/strong>.<\/p>\n","protected":false},"excerpt":{"rendered":"<p>Por Fabio Brun Encerramos 2025 com a sensa\u00e7\u00e3o de que atravessamos um per\u00edodo marcado por contrastes. O ano come\u00e7ou com expectativas de expans\u00e3o, investimentos e [&#8230;]<\/p>\n","protected":false},"author":1,"featured_media":1204,"comment_status":"open","ping_status":"open","sticky":false,"template":"","format":"standard","meta":{"_crdt_document":"","_jetpack_memberships_contains_paid_content":false,"footnotes":"","jetpack_publicize_message":"","jetpack_publicize_feature_enabled":true,"jetpack_social_post_already_shared":true,"jetpack_social_options":{"image_generator_settings":{"template":"highway","default_image_id":0,"font":"","enabled":false},"version":2}},"categories":[1],"tags":[],"class_list":["post-1203","post","type-post","status-publish","format-standard","has-post-thumbnail","hentry","category-geral"],"jetpack_publicize_connections":[],"jetpack_featured_media_url":"https:\/\/i0.wp.com\/oexpressobr.com.br\/wp-content\/uploads\/2025\/12\/9d8e2724-920e-4011-905c-9a8b54032efc.jpg?fit=1000%2C666&ssl=1","jetpack_likes_enabled":true,"jetpack_sharing_enabled":true,"_links":{"self":[{"href":"https:\/\/oexpressobr.com.br\/index.php?rest_route=\/wp\/v2\/posts\/1203","targetHints":{"allow":["GET"]}}],"collection":[{"href":"https:\/\/oexpressobr.com.br\/index.php?rest_route=\/wp\/v2\/posts"}],"about":[{"href":"https:\/\/oexpressobr.com.br\/index.php?rest_route=\/wp\/v2\/types\/post"}],"author":[{"embeddable":true,"href":"https:\/\/oexpressobr.com.br\/index.php?rest_route=\/wp\/v2\/users\/1"}],"replies":[{"embeddable":true,"href":"https:\/\/oexpressobr.com.br\/index.php?rest_route=%2Fwp%2Fv2%2Fcomments&post=1203"}],"version-history":[{"count":1,"href":"https:\/\/oexpressobr.com.br\/index.php?rest_route=\/wp\/v2\/posts\/1203\/revisions"}],"predecessor-version":[{"id":1205,"href":"https:\/\/oexpressobr.com.br\/index.php?rest_route=\/wp\/v2\/posts\/1203\/revisions\/1205"}],"wp:featuredmedia":[{"embeddable":true,"href":"https:\/\/oexpressobr.com.br\/index.php?rest_route=\/wp\/v2\/media\/1204"}],"wp:attachment":[{"href":"https:\/\/oexpressobr.com.br\/index.php?rest_route=%2Fwp%2Fv2%2Fmedia&parent=1203"}],"wp:term":[{"taxonomy":"category","embeddable":true,"href":"https:\/\/oexpressobr.com.br\/index.php?rest_route=%2Fwp%2Fv2%2Fcategories&post=1203"},{"taxonomy":"post_tag","embeddable":true,"href":"https:\/\/oexpressobr.com.br\/index.php?rest_route=%2Fwp%2Fv2%2Ftags&post=1203"}],"curies":[{"name":"wp","href":"https:\/\/api.w.org\/{rel}","templated":true}]}}