{"id":1206,"date":"2025-12-30T04:50:17","date_gmt":"2025-12-30T07:50:17","guid":{"rendered":"https:\/\/oexpressobr.com.br\/?p=1206"},"modified":"2025-12-30T04:50:18","modified_gmt":"2025-12-30T07:50:18","slug":"italia-amplia-contratacao-de-medicos-estrangeiros-e-atrai-brasileiros-que-planejam-carreira-no-exterior","status":"publish","type":"post","link":"https:\/\/oexpressobr.com.br\/?p=1206","title":{"rendered":"It\u00e1lia amplia contrata\u00e7\u00e3o de m\u00e9dicos estrangeiros e atrai brasileiros que planejam carreira no exterior"},"content":{"rendered":"\n<p class=\"wp-block-paragraph\">A falta de m\u00e9dicos em diferentes regi\u00f5es da It\u00e1lia vem levando o pa\u00eds a ampliar a contrata\u00e7\u00e3o de profissionais formados fora da Uni\u00e3o Europeia. O movimento tem chamado a aten\u00e7\u00e3o de m\u00e9dicos brasileiros que planejam atuar no exterior a partir de 2026, em busca de melhores condi\u00e7\u00f5es de trabalho, estabilidade e remunera\u00e7\u00e3o que, em situa\u00e7\u00f5es espec\u00edficas, pode chegar ao equivalente a <strong>R$ 45 mil por m\u00eas<\/strong> (cerca de \u20ac 7 mil).<\/p>\n\n\n\n<h3 class=\"wp-block-heading\">O novo cen\u00e1rio: Decreto Flussi e Milleproroghe<\/h3>\n\n\n\n<p class=\"wp-block-paragraph\">O governo italiano consolidou recentemente medidas que facilitam a entrada de profissionais de sa\u00fade para combater o d\u00e9ficit no <strong>Servizio Sanitario Nazionale (SSN)<\/strong>. De acordo com as atualiza\u00e7\u00f5es mais recentes de dezembro de 2025, o chamado <strong>Decreto Flussi<\/strong> (Lei 179\/2025) estabeleceu uma cota recorde de quase <strong>500 mil vistos de trabalho<\/strong> para o tri\u00eanio 2026-2028, com foco especial no setor de assist\u00eancia socio-m\u00e9dica.<\/p>\n\n\n\n<p class=\"wp-block-paragraph\">Al\u00e9m disso, o <strong>Decreto Milleproroghe<\/strong> estendeu at\u00e9 <strong>31 de dezembro de 2027<\/strong> a norma que permite o exerc\u00edcio tempor\u00e1rio da medicina na It\u00e1lia por profissionais estrangeiros. Essa medida \u00e9 um divisor de \u00e1guas: ela autoriza m\u00e9dicos brasileiros a trabalharem em estruturas p\u00fablicas ou privadas antes mesmo de conclu\u00edrem o longo processo de revalida\u00e7\u00e3o definitiva do diploma.<\/p>\n\n\n\n<h3 class=\"wp-block-heading\">Benef\u00edcios e atrativos para brasileiros<\/h3>\n\n\n\n<p class=\"wp-block-paragraph\">Muitas regi\u00f5es, especialmente no norte da It\u00e1lia (como Lombardia e V\u00eaneto) e na Cal\u00e1bria, est\u00e3o oferecendo pacotes de incentivo que v\u00e3o al\u00e9m do sal\u00e1rio:<\/p>\n\n\n\n<ul class=\"wp-block-list\">\n<li><strong>Remunera\u00e7\u00e3o:<\/strong> Sal\u00e1rios que variam de <strong>\u20ac 2.500 a \u20ac 7.000<\/strong>, dependendo da especialidade e da carga hor\u00e1ria (incluindo plant\u00f5es extras).<\/li>\n\n\n\n<li><strong>Aux\u00edlio Moradia:<\/strong> Algumas prefeituras oferecem subs\u00eddio para aluguel ou moradia gratuita nos primeiros meses.<\/li>\n\n\n\n<li><strong>Integra\u00e7\u00e3o:<\/strong> Ofertas que incluem cursos de l\u00edngua italiana e suporte para o visto de resid\u00eancia (<em>permesso di soggiorno<\/em>).<\/li>\n<\/ul>\n\n\n\n<h3 class=\"wp-block-heading\">Os desafios burocr\u00e1ticos e o caminho legal<\/h3>\n\n\n\n<p class=\"wp-block-paragraph\">Embora as portas estejam abertas, o processo exige rigor documental. Para atuar legalmente em 2026, o m\u00e9dico brasileiro deve seguir etapas essenciais:<\/p>\n\n\n\n<ol start=\"1\" class=\"wp-block-list\">\n<li><strong>Documenta\u00e7\u00e3o e Apostila de Haia:<\/strong> Diploma, hist\u00f3rico escolar e ementas devem ser traduzidos por tradutores juramentados e apostilados.<\/li>\n\n\n\n<li><strong>Dichiarazione di Valore:<\/strong> Documento emitido pelo consulado italiano no Brasil que atesta a validade do curso superior.<\/li>\n\n\n\n<li><strong>Inscri\u00e7\u00e3o no Ordine dei Medici:<\/strong> Mesmo para o exerc\u00edcio tempor\u00e1rio em deroga (exce\u00e7\u00e3o), \u00e9 necess\u00e1rio o registro no \u00f3rg\u00e3o de classe italiano da prov\u00edncia onde ir\u00e1 atuar.<\/li>\n\n\n\n<li><strong>Visto de Trabalho:<\/strong> Solicita\u00e7\u00e3o do visto tipo D para trabalho subordinado ou aut\u00f4nomo, agora com prazos de an\u00e1lise agilizados pelas novas leis.<\/li>\n<\/ol>\n\n\n\n<blockquote class=\"wp-block-quote is-layout-flow wp-block-quote-is-layout-flow\">\n<p class=\"wp-block-paragraph\"><strong>Nota importante:<\/strong> O trabalho tempor\u00e1rio n\u00e3o gera cidadania autom\u00e1tica, mas o tempo de resid\u00eancia legal contribui para a contagem necess\u00e1ria para o pedido de cidadania por tempo de resid\u00eancia no futuro.<\/p>\n<\/blockquote>\n\n\n\n<h3 class=\"wp-block-heading\">O &#8220;Inverno Demogr\u00e1fico&#8221;<\/h3>\n\n\n\n<p class=\"wp-block-paragraph\">A abertura para brasileiros n\u00e3o \u00e9 apenas uma escolha econ\u00f4mica, mas uma necessidade demogr\u00e1fica. A It\u00e1lia enfrenta o chamado &#8220;inverno demogr\u00e1fico&#8221;, com uma popula\u00e7\u00e3o cada vez mais idosa e uma aposentadoria em massa de m\u00e9dicos locais. Estima-se que o pa\u00eds precise de pelo menos <strong>65 mil novos profissionais de sa\u00fade<\/strong> nos pr\u00f3ximos anos para manter a efici\u00eancia do sistema.<\/p>\n","protected":false},"excerpt":{"rendered":"<p>A falta de m\u00e9dicos em diferentes regi\u00f5es da It\u00e1lia vem levando o pa\u00eds a ampliar a contrata\u00e7\u00e3o de profissionais formados fora da Uni\u00e3o Europeia. O [&#8230;]<\/p>\n","protected":false},"author":1,"featured_media":1207,"comment_status":"open","ping_status":"open","sticky":false,"template":"","format":"standard","meta":{"_crdt_document":"","_jetpack_memberships_contains_paid_content":false,"footnotes":"","jetpack_publicize_message":"","jetpack_publicize_feature_enabled":true,"jetpack_social_post_already_shared":true,"jetpack_social_options":{"image_generator_settings":{"template":"highway","default_image_id":0,"font":"","enabled":false},"version":2}},"categories":[1],"tags":[],"class_list":["post-1206","post","type-post","status-publish","format-standard","has-post-thumbnail","hentry","category-geral"],"jetpack_publicize_connections":[],"jetpack_featured_media_url":"https:\/\/i0.wp.com\/oexpressobr.com.br\/wp-content\/uploads\/2025\/12\/79ba44c7-8958-445e-8001-d67ac619367e.jpg?fit=1500%2C1143&ssl=1","jetpack_likes_enabled":true,"jetpack_sharing_enabled":true,"_links":{"self":[{"href":"https:\/\/oexpressobr.com.br\/index.php?rest_route=\/wp\/v2\/posts\/1206","targetHints":{"allow":["GET"]}}],"collection":[{"href":"https:\/\/oexpressobr.com.br\/index.php?rest_route=\/wp\/v2\/posts"}],"about":[{"href":"https:\/\/oexpressobr.com.br\/index.php?rest_route=\/wp\/v2\/types\/post"}],"author":[{"embeddable":true,"href":"https:\/\/oexpressobr.com.br\/index.php?rest_route=\/wp\/v2\/users\/1"}],"replies":[{"embeddable":true,"href":"https:\/\/oexpressobr.com.br\/index.php?rest_route=%2Fwp%2Fv2%2Fcomments&post=1206"}],"version-history":[{"count":1,"href":"https:\/\/oexpressobr.com.br\/index.php?rest_route=\/wp\/v2\/posts\/1206\/revisions"}],"predecessor-version":[{"id":1208,"href":"https:\/\/oexpressobr.com.br\/index.php?rest_route=\/wp\/v2\/posts\/1206\/revisions\/1208"}],"wp:featuredmedia":[{"embeddable":true,"href":"https:\/\/oexpressobr.com.br\/index.php?rest_route=\/wp\/v2\/media\/1207"}],"wp:attachment":[{"href":"https:\/\/oexpressobr.com.br\/index.php?rest_route=%2Fwp%2Fv2%2Fmedia&parent=1206"}],"wp:term":[{"taxonomy":"category","embeddable":true,"href":"https:\/\/oexpressobr.com.br\/index.php?rest_route=%2Fwp%2Fv2%2Fcategories&post=1206"},{"taxonomy":"post_tag","embeddable":true,"href":"https:\/\/oexpressobr.com.br\/index.php?rest_route=%2Fwp%2Fv2%2Ftags&post=1206"}],"curies":[{"name":"wp","href":"https:\/\/api.w.org\/{rel}","templated":true}]}}