{"id":1242,"date":"2025-12-31T07:10:47","date_gmt":"2025-12-31T10:10:47","guid":{"rendered":"https:\/\/oexpressobr.com.br\/?p=1242"},"modified":"2025-12-31T07:11:21","modified_gmt":"2025-12-31T10:11:21","slug":"tarcisio-de-freitas-adere-ao-propag-de-lula-para-aliviar-divida-de-r-300-bilhoes-de-sao-paulo","status":"publish","type":"post","link":"https:\/\/oexpressobr.com.br\/?p=1242","title":{"rendered":"Tarc\u00edsio de Freitas adere ao Propag de Lula para aliviar d\u00edvida de R$ 300 bilh\u00f5es de S\u00e3o Paulo"},"content":{"rendered":"\n<p class=\"wp-block-paragraph\">O governador de S\u00e3o Paulo, <strong>Tarc\u00edsio de Freitas (Republicanos)<\/strong>, formalizou sua ades\u00e3o ao <strong>Programa de Pleno Pagamento de D\u00edvidas dos Estados (Propag)<\/strong>, iniciativa lan\u00e7ada pelo governo do presidente <strong>Luiz In\u00e1cio Lula da Silva<\/strong>. A decis\u00e3o marca um recuo pragm\u00e1tico do governador, que, apesar de ser um dos principais nomes da oposi\u00e7\u00e3o e aliado do ex-presidente Jair Bolsonaro, priorizou a sa\u00fade fiscal do estado diante de uma d\u00edvida que ultrapassa os <strong>R$ 300 bilh\u00f5es<\/strong> com a Uni\u00e3o.<\/p>\n\n\n\n<p class=\"wp-block-paragraph\">\u200bA ades\u00e3o ocorre ap\u00f3s um per\u00edodo de intensas negocia\u00e7\u00f5es e a derrubada de vetos presidenciais pelo Congresso Nacional no final de 2025, o que tornou o programa mais atrativo para os grandes devedores.<\/p>\n\n\n\n<h2 class=\"wp-block-heading\">\u200bO f\u00f4lego bilion\u00e1rio para os cofres paulistas<\/h2>\n\n\n\n<p class=\"wp-block-paragraph\">\u200bA d\u00edvida p\u00fablica de S\u00e3o Paulo com a Uni\u00e3o \u00e9 a maior do pa\u00eds. Com a entrada no Propag, o governo paulista projeta uma economia anual que pode variar entre <strong>R$ 1 bilh\u00e3o e R$ 8 bilh\u00f5es<\/strong>, dependendo das condi\u00e7\u00f5es finais de amortiza\u00e7\u00e3o e da entrega de ativos.<\/p>\n\n\n\n<h3 class=\"wp-block-heading\">\u200bPrincipais benef\u00edcios do acordo:<\/h3>\n\n\n\n<ul class=\"wp-block-list\">\n<li>\u200b<strong>Redu\u00e7\u00e3o de Juros:<\/strong> A taxa de corre\u00e7\u00e3o, que anteriormente era de IPCA + 4% (ou Selic), pode cair para at\u00e9 <strong>IPCA + 2%<\/strong>, ou at\u00e9 menos, caso o estado cumpra metas espec\u00edficas.<\/li>\n\n\n\n<li>\u200b<strong>Prazo Alongado:<\/strong> A renegocia\u00e7\u00e3o permite o parcelamento do estoque da d\u00edvida em at\u00e9 <strong>30 anos<\/strong>.<\/li>\n\n\n\n<li>\u200b<strong>Convers\u00e3o em Investimentos:<\/strong> Uma das cl\u00e1usulas centrais do Propag permite que parte do valor que seria pago em juros seja revertida em investimentos diretos no pr\u00f3prio estado, especialmente em:\n<ul class=\"wp-block-list\">\n<li>\u200bEnsino m\u00e9dio t\u00e9cnico e profissionalizante;<\/li>\n\n\n\n<li>\u200bSeguran\u00e7a p\u00fablica e infraestrutura;<\/li>\n\n\n\n<li>\u200bHabita\u00e7\u00e3o popular.<\/li>\n<\/ul>\n<\/li>\n<\/ul>\n\n\n\n<h2 class=\"wp-block-heading\">\u200bPragmatismo pol\u00edtico supera a polariza\u00e7\u00e3o<\/h2>\n\n\n\n<p class=\"wp-block-paragraph\">\u200bEmbora Tarc\u00edsio de Freitas seja visto como um potencial advers\u00e1rio de Lula nas elei\u00e7\u00f5es de 2026, a gest\u00e3o estadual adotou uma postura de &#8220;equil\u00edbrio de pratos&#8221;. Recentemente, o governador elogiou a postura do Minist\u00e9rio da Fazenda, comandado por <strong>Fernando Haddad<\/strong>, classificando o governo federal como &#8220;parceiro&#8221; no processo de constru\u00e7\u00e3o do projeto.<\/p>\n\n\n\n<blockquote class=\"wp-block-quote is-layout-flow wp-block-quote-is-layout-flow\">\n<p class=\"wp-block-paragraph\">\u200b&#8221;O governo federal entendeu que precisava aliviar os Estados e foi parceiro na tramita\u00e7\u00e3o desse projeto. Se os estados tiverem mais capacidade de investir, a economia como um todo cresce&#8221;, afirmou Tarc\u00edsio em declara\u00e7\u00f5es recentes.<\/p>\n<\/blockquote>\n\n\n\n<p class=\"wp-block-paragraph\">\u200bEssa movimenta\u00e7\u00e3o \u00e9 vista por analistas pol\u00edticos como uma estrat\u00e9gia de Tarc\u00edsio para garantir entregas de obras e servi\u00e7os em S\u00e3o Paulo, consolidando sua imagem de gestor eficiente, mesmo que isso signifique assinar um acordo com seu principal oponente pol\u00edtico.<\/p>\n\n\n\n<h2 class=\"wp-block-heading\">\u200bPr\u00f3ximos passos e prazos<\/h2>\n\n\n\n<p class=\"wp-block-paragraph\">\u200bCom a aprova\u00e7\u00e3o da autoriza\u00e7\u00e3o pela <strong>Assembleia Legislativa de S\u00e3o Paulo (Alesp)<\/strong> em dezembro de 2025, o governo estadual agora corre contra o rel\u00f3gio.<\/p>\n\n\n\n<ul class=\"wp-block-list\">\n<li>\u200b<strong>Prazo Final:<\/strong> Os estados t\u00eam at\u00e9 <strong>31 de dezembro de 2025<\/strong> para solicitar a ades\u00e3o formal ao Propag.<\/li>\n\n\n\n<li>\u200b<strong>Homologa\u00e7\u00e3o:<\/strong> Ap\u00f3s o pedido, o Minist\u00e9rio da Fazenda deve validar os ativos oferecidos pelo estado (como a\u00e7\u00f5es de empresas p\u00fablicas ou im\u00f3veis) como parte do pagamento inicial.<\/li>\n<\/ul>\n","protected":false},"excerpt":{"rendered":"<p>O governador de S\u00e3o Paulo, Tarc\u00edsio de Freitas (Republicanos), formalizou sua ades\u00e3o ao Programa de Pleno Pagamento de D\u00edvidas dos Estados (Propag), iniciativa lan\u00e7ada pelo [&#8230;]<\/p>\n","protected":false},"author":1,"featured_media":1243,"comment_status":"open","ping_status":"open","sticky":false,"template":"","format":"standard","meta":{"_crdt_document":"","_jetpack_memberships_contains_paid_content":false,"footnotes":"","jetpack_publicize_message":"","jetpack_publicize_feature_enabled":true,"jetpack_social_post_already_shared":true,"jetpack_social_options":{"image_generator_settings":{"template":"highway","default_image_id":0,"font":"","enabled":false},"version":2}},"categories":[3],"tags":[],"class_list":["post-1242","post","type-post","status-publish","format-standard","has-post-thumbnail","hentry","category-brasil"],"jetpack_publicize_connections":[],"jetpack_featured_media_url":"https:\/\/i0.wp.com\/oexpressobr.com.br\/wp-content\/uploads\/2025\/12\/lula-tarcisio-de-freitas.png?fit=1000%2C666&ssl=1","jetpack_likes_enabled":true,"jetpack_sharing_enabled":true,"_links":{"self":[{"href":"https:\/\/oexpressobr.com.br\/index.php?rest_route=\/wp\/v2\/posts\/1242","targetHints":{"allow":["GET"]}}],"collection":[{"href":"https:\/\/oexpressobr.com.br\/index.php?rest_route=\/wp\/v2\/posts"}],"about":[{"href":"https:\/\/oexpressobr.com.br\/index.php?rest_route=\/wp\/v2\/types\/post"}],"author":[{"embeddable":true,"href":"https:\/\/oexpressobr.com.br\/index.php?rest_route=\/wp\/v2\/users\/1"}],"replies":[{"embeddable":true,"href":"https:\/\/oexpressobr.com.br\/index.php?rest_route=%2Fwp%2Fv2%2Fcomments&post=1242"}],"version-history":[{"count":1,"href":"https:\/\/oexpressobr.com.br\/index.php?rest_route=\/wp\/v2\/posts\/1242\/revisions"}],"predecessor-version":[{"id":1244,"href":"https:\/\/oexpressobr.com.br\/index.php?rest_route=\/wp\/v2\/posts\/1242\/revisions\/1244"}],"wp:featuredmedia":[{"embeddable":true,"href":"https:\/\/oexpressobr.com.br\/index.php?rest_route=\/wp\/v2\/media\/1243"}],"wp:attachment":[{"href":"https:\/\/oexpressobr.com.br\/index.php?rest_route=%2Fwp%2Fv2%2Fmedia&parent=1242"}],"wp:term":[{"taxonomy":"category","embeddable":true,"href":"https:\/\/oexpressobr.com.br\/index.php?rest_route=%2Fwp%2Fv2%2Fcategories&post=1242"},{"taxonomy":"post_tag","embeddable":true,"href":"https:\/\/oexpressobr.com.br\/index.php?rest_route=%2Fwp%2Fv2%2Ftags&post=1242"}],"curies":[{"name":"wp","href":"https:\/\/api.w.org\/{rel}","templated":true}]}}