{"id":1248,"date":"2025-12-31T07:41:45","date_gmt":"2025-12-31T10:41:45","guid":{"rendered":"https:\/\/oexpressobr.com.br\/?p=1248"},"modified":"2025-12-31T07:41:46","modified_gmt":"2025-12-31T10:41:46","slug":"multidao-de-fieis-lota-o-santuario-nacional-de-aparecida-apos-boatos-sobre-a-porta-santa","status":"publish","type":"post","link":"https:\/\/oexpressobr.com.br\/?p=1248","title":{"rendered":"Multid\u00e3o de fi\u00e9is lota o Santu\u00e1rio Nacional de Aparecida ap\u00f3s boatos sobre a Porta Santa"},"content":{"rendered":"\n<p class=\"wp-block-paragraph\">Um fen\u00f4meno de desinforma\u00e7\u00e3o digital mobilizou milhares de cat\u00f3licos rumo ao Santu\u00e1rio Nacional de Aparecida, no interior de S\u00e3o Paulo, nos \u00faltimos dias. Motivados por mensagens virais em redes sociais e aplicativos de mensagens, fi\u00e9is acreditaram que a Porta Santa \u2014 s\u00edmbolo m\u00e1ximo do Ano Jubilar \u2014 seria aberta antecipadamente ou por tempo extremamente limitado, gerando filas quilom\u00e9tricas e sobrecarga nos servi\u00e7os da Bas\u00edlica.O estopim da confus\u00e3oO boato sugeria que a indulg\u00eancia plen\u00e1ria associada \u00e0 Porta Santa s\u00f3 poderia ser obtida em datas espec\u00edficas de dezembro, ignorando o calend\u00e1rio oficial do Vaticano. Na realidade, o Jubileu de 2025, sob o tema &#8220;Peregrinos da Esperan\u00e7a&#8221;, tem datas de abertura rigorosamente definidas pelo Papa Francisco:24 de dezembro de 2024: Abertura oficial na Bas\u00edlica de S\u00e3o Pedro, no Vaticano.29 de dezembro de 2024: Abertura das Portas Santas nas catedrais e santu\u00e1rios ao redor do mundo, incluindo Aparecida.Posicionamento do Santu\u00e1rio NacionalA administra\u00e7\u00e3o do Santu\u00e1rio Nacional de Aparecida precisou vir a p\u00fablico para esclarecer que a cerim\u00f4nia oficial de abertura da sua Porta Santa ocorrer\u00e1 apenas no dia 29 de dezembro, \u00e0s 7h30, em celebra\u00e7\u00e3o presidida pelo Arcebispo de Aparecida, Dom Orlando Brandes.Os reitores refor\u00e7am que:N\u00e3o h\u00e1 necessidade de pressa: Uma vez aberta, a porta permanecer\u00e1 acess\u00edvel durante todo o ano de 2025.Indulg\u00eancia Plen\u00e1ria: O benef\u00edcio espiritual poder\u00e1 ser alcan\u00e7ado por todos os peregrinos que cumprirem os requisitos (confiss\u00e3o, comunh\u00e3o e ora\u00e7\u00e3o pelas inten\u00e7\u00f5es do Papa) ao longo de todo o ano jubilar.O impacto no turismo religiosoA cidade de Aparecida, que j\u00e1 espera um aumento de 15% no fluxo de visitantes para 2025, viu sua rede hoteleira e o sistema de seguran\u00e7a do Santu\u00e1rio operarem em capacidade m\u00e1xima antes do previsto. O epis\u00f3dio serve como um alerta para as autoridades eclesi\u00e1sticas sobre a velocidade com que not\u00edcias falsas podem alterar a log\u00edstica de grandes centros religiosos.Nota ao leitor: Antes de planejar sua viagem, confirme sempre as datas e hor\u00e1rios nos canais oficiais como o portal A12 ou as redes sociais verificadas do Santu\u00e1rio Nacional.<\/p>\n\n\n\n<p class=\"wp-block-paragraph\">Um fen\u00f4meno de desinforma\u00e7\u00e3o digital mobilizou milhares de cat\u00f3licos rumo ao Santu\u00e1rio Nacional de Aparecida, no interior de S\u00e3o Paulo, nos \u00faltimos dias. Motivados por mensagens virais em redes sociais e aplicativos de mensagens, fi\u00e9is acreditaram que a <strong>Porta Santa<\/strong> \u2014 s\u00edmbolo m\u00e1ximo do Ano Jubilar \u2014 seria aberta antecipadamente ou por tempo extremamente limitado, gerando filas quilom\u00e9tricas e sobrecarga nos servi\u00e7os da Bas\u00edlica.<\/p>\n\n\n\n<h3 class=\"wp-block-heading\">\u200bO estopim da confus\u00e3o<\/h3>\n\n\n\n<p class=\"wp-block-paragraph\">\u200bO boato sugeria que a indulg\u00eancia plen\u00e1ria associada \u00e0 Porta Santa s\u00f3 poderia ser obtida em datas espec\u00edficas de dezembro, ignorando o calend\u00e1rio oficial do Vaticano. Na realidade, o <strong>Jubileu de 2025<\/strong>, sob o tema &#8220;Peregrinos da Esperan\u00e7a&#8221;, tem datas de abertura rigorosamente definidas pelo Papa Francisco:<\/p>\n\n\n\n<ul class=\"wp-block-list\">\n<li>\u200b<strong>24 de dezembro de 2024:<\/strong> Abertura oficial na Bas\u00edlica de S\u00e3o Pedro, no Vaticano.<\/li>\n\n\n\n<li>\u200b<strong>29 de dezembro de 2024:<\/strong> Abertura das Portas Santas nas catedrais e santu\u00e1rios ao redor do mundo, incluindo Aparecida.<\/li>\n<\/ul>\n\n\n\n<h3 class=\"wp-block-heading\">\u200bPosicionamento do Santu\u00e1rio Nacional<\/h3>\n\n\n\n<p class=\"wp-block-paragraph\">\u200bA administra\u00e7\u00e3o do Santu\u00e1rio Nacional de Aparecida precisou vir a p\u00fablico para esclarecer que a cerim\u00f4nia oficial de abertura da sua Porta Santa ocorrer\u00e1 apenas no dia <strong>29 de dezembro<\/strong>, \u00e0s 7h30, em celebra\u00e7\u00e3o presidida pelo Arcebispo de Aparecida, Dom Orlando Brandes.<\/p>\n\n\n\n<p class=\"wp-block-paragraph\">\u200bOs reitores refor\u00e7am que:<\/p>\n\n\n\n<ol class=\"wp-block-list\">\n<li>\u200b<strong>N\u00e3o h\u00e1 necessidade de pressa:<\/strong> Uma vez aberta, a porta permanecer\u00e1 acess\u00edvel durante todo o ano de 2025.<\/li>\n\n\n\n<li>\u200b<strong>Indulg\u00eancia Plen\u00e1ria:<\/strong> O benef\u00edcio espiritual poder\u00e1 ser alcan\u00e7ado por todos os peregrinos que cumprirem os requisitos (confiss\u00e3o, comunh\u00e3o e ora\u00e7\u00e3o pelas inten\u00e7\u00f5es do Papa) ao longo de todo o ano jubilar.<\/li>\n<\/ol>\n\n\n\n<h3 class=\"wp-block-heading\">\u200bO impacto no turismo religioso<\/h3>\n\n\n\n<p class=\"wp-block-paragraph\">\u200bA cidade de Aparecida, que j\u00e1 espera um aumento de 15% no fluxo de visitantes para 2025, viu sua rede hoteleira e o sistema de seguran\u00e7a do Santu\u00e1rio operarem em capacidade m\u00e1xima antes do previsto. O epis\u00f3dio serve como um alerta para as autoridades eclesi\u00e1sticas sobre a velocidade com que not\u00edcias falsas podem alterar a log\u00edstica de grandes centros religiosos.<\/p>\n\n\n\n<blockquote class=\"wp-block-quote is-layout-flow wp-block-quote-is-layout-flow\">\n<p class=\"wp-block-paragraph\">\u200b<strong>Nota ao leitor:<\/strong> Antes de planejar sua viagem, confirme sempre as datas e hor\u00e1rios nos canais oficiais como o portal <strong>A12<\/strong> ou as redes sociais verificadas do Santu\u00e1rio Nacional.<\/p>\n<\/blockquote>\n","protected":false},"excerpt":{"rendered":"<p>Um fen\u00f4meno de desinforma\u00e7\u00e3o digital mobilizou milhares de cat\u00f3licos rumo ao Santu\u00e1rio Nacional de Aparecida, no interior de S\u00e3o Paulo, nos \u00faltimos dias. Motivados por [&#8230;]<\/p>\n","protected":false},"author":1,"featured_media":1250,"comment_status":"open","ping_status":"open","sticky":false,"template":"","format":"standard","meta":{"_crdt_document":"","_jetpack_memberships_contains_paid_content":false,"footnotes":"","jetpack_publicize_message":"","jetpack_publicize_feature_enabled":true,"jetpack_social_post_already_shared":true,"jetpack_social_options":{"image_generator_settings":{"template":"highway","default_image_id":0,"font":"","enabled":false},"version":2}},"categories":[33],"tags":[],"class_list":["post-1248","post","type-post","status-publish","format-standard","has-post-thumbnail","hentry","category-curiosidade"],"jetpack_publicize_connections":[],"jetpack_featured_media_url":"https:\/\/i0.wp.com\/oexpressobr.com.br\/wp-content\/uploads\/2025\/12\/IMG-20251231-WA0107.jpg?fit=984%2C553&ssl=1","jetpack_likes_enabled":true,"jetpack_sharing_enabled":true,"_links":{"self":[{"href":"https:\/\/oexpressobr.com.br\/index.php?rest_route=\/wp\/v2\/posts\/1248","targetHints":{"allow":["GET"]}}],"collection":[{"href":"https:\/\/oexpressobr.com.br\/index.php?rest_route=\/wp\/v2\/posts"}],"about":[{"href":"https:\/\/oexpressobr.com.br\/index.php?rest_route=\/wp\/v2\/types\/post"}],"author":[{"embeddable":true,"href":"https:\/\/oexpressobr.com.br\/index.php?rest_route=\/wp\/v2\/users\/1"}],"replies":[{"embeddable":true,"href":"https:\/\/oexpressobr.com.br\/index.php?rest_route=%2Fwp%2Fv2%2Fcomments&post=1248"}],"version-history":[{"count":1,"href":"https:\/\/oexpressobr.com.br\/index.php?rest_route=\/wp\/v2\/posts\/1248\/revisions"}],"predecessor-version":[{"id":1251,"href":"https:\/\/oexpressobr.com.br\/index.php?rest_route=\/wp\/v2\/posts\/1248\/revisions\/1251"}],"wp:featuredmedia":[{"embeddable":true,"href":"https:\/\/oexpressobr.com.br\/index.php?rest_route=\/wp\/v2\/media\/1250"}],"wp:attachment":[{"href":"https:\/\/oexpressobr.com.br\/index.php?rest_route=%2Fwp%2Fv2%2Fmedia&parent=1248"}],"wp:term":[{"taxonomy":"category","embeddable":true,"href":"https:\/\/oexpressobr.com.br\/index.php?rest_route=%2Fwp%2Fv2%2Fcategories&post=1248"},{"taxonomy":"post_tag","embeddable":true,"href":"https:\/\/oexpressobr.com.br\/index.php?rest_route=%2Fwp%2Fv2%2Ftags&post=1248"}],"curies":[{"name":"wp","href":"https:\/\/api.w.org\/{rel}","templated":true}]}}