{"id":1252,"date":"2025-12-31T07:48:25","date_gmt":"2025-12-31T10:48:25","guid":{"rendered":"https:\/\/oexpressobr.com.br\/?p=1252"},"modified":"2025-12-31T07:48:26","modified_gmt":"2025-12-31T10:48:26","slug":"governo-federal-divulga-calendario-oficial-para-2026-com-nove-feriados-em-dias-uteis","status":"publish","type":"post","link":"https:\/\/oexpressobr.com.br\/?p=1252","title":{"rendered":"Governo federal divulga calend\u00e1rio oficial para 2026 com nove feriados em dias \u00fateis"},"content":{"rendered":"\n<p class=\"wp-block-paragraph\"><br>O Minist\u00e9rio da Gest\u00e3o e da Inova\u00e7\u00e3o em Servi\u00e7os P\u00fablicos (MGI) publicou, nesta ter\u00e7a-feira (30\/12\/2025), a Portaria n.\u00ba 11.460\/2025, que estabelece o cronograma oficial de feriados nacionais e pontos facultativos para o ano de 2026. Para quem planeja viagens ou descanso, o novo calend\u00e1rio \u00e9 animador: dos 10 feriados nacionais previstos, apenas um cair\u00e1 no final de semana (Proclama\u00e7\u00e3o da Rep\u00fablica, em 15 de novembro, um domingo).<br>A lista oficial confirmou a tend\u00eancia de &#8220;feriad\u00f5es&#8221;, com diversas datas caindo em segundas e sextas-feiras, al\u00e9m de oportunidades de emendas em feriados que ocorrem \u00e0s ter\u00e7as e quintas-feiras.<br>Calend\u00e1rio de feriados nacionais (folga obrigat\u00f3ria)<\/p>\n\n\n\n<figure class=\"wp-block-table\"><table class=\"has-fixed-layout\"><thead><tr><th>Data<\/th><th>Feriado<\/th><th>Dia da Semana<\/th><\/tr><\/thead><tbody><tr><td>1\u00ba de janeiro<\/td><td>Confraterniza\u00e7\u00e3o Universal<\/td><td>Quinta-feira<\/td><\/tr><tr><td>3 de abril<\/td><td>Paix\u00e3o de Cristo<\/td><td>Sexta-feira<\/td><\/tr><tr><td>21 de abril<\/td><td>Tiradentes<\/td><td>Ter\u00e7a-feira<\/td><\/tr><tr><td>1\u00ba de maio<\/td><td>Dia Mundial do Trabalho<\/td><td>Sexta-feira<\/td><\/tr><tr><td>7 de setembro<\/td><td>Independ\u00eancia do Brasil<\/td><td>Segunda-feira<\/td><\/tr><tr><td>12 de outubro<\/td><td>Nossa Senhora Aparecida<\/td><td>Segunda-feira<\/td><\/tr><tr><td>2 de novembro<\/td><td>Finados<\/td><td>Segunda-feira<\/td><\/tr><tr><td>15 de novembro<\/td><td>Proclama\u00e7\u00e3o da Rep\u00fablica<\/td><td>Domingo<\/td><\/tr><tr><td>20 de novembro<\/td><td>Dia Nacional de Zumbi e da Consci\u00eancia Negra<\/td><td>Sexta-feira<\/td><\/tr><tr><td>25 de dezembro<\/td><td>Natal<\/td><td>Sexta-feira<\/td><\/tr><tr><td>Datas de pontos facultativos e emendas<\/td><td><\/td><td><\/td><\/tr><tr><td>Al\u00e9m dos feriados, o governo federal estabeleceu nove datas como ponto facultativo para os \u00f3rg\u00e3os da administra\u00e7\u00e3o p\u00fablica federal. Munic\u00edpios e estados podem seguir o mesmo exemplo ou decretar feriados locais (como o anivers\u00e1rio de cidades).<\/td><td><\/td><td><\/td><\/tr><\/tbody><\/table><\/figure>\n\n\n\n<ul class=\"wp-block-list\">\n<li>Carnaval: 16 e 17 de fevereiro (segunda e ter\u00e7a-feira);<\/li>\n\n\n\n<li>Quarta-feira de Cinzas: 18 de fevereiro (facultativo at\u00e9 as 14h);<\/li>\n\n\n\n<li>Emenda de Tiradentes: 20 de abril (segunda-feira);<\/li>\n\n\n\n<li>Corpus Christi: 4 de junho (quinta-feira) e 5 de junho (sexta-feira);<\/li>\n\n\n\n<li>Dia do Servidor P\u00fablico: 28 de outubro (quarta-feira);<\/li>\n\n\n\n<li>V\u00e9speras de Festas: 24 e 31 de dezembro (quinta-feira, facultativo ap\u00f3s as 13h).<\/li>\n<\/ul>\n\n\n\n<blockquote class=\"wp-block-quote is-layout-flow wp-block-quote-is-layout-flow\">\n<p class=\"wp-block-paragraph\">Aten\u00e7\u00e3o: Os pontos facultativos s\u00e3o de cumprimento obrigat\u00f3rio apenas para a administra\u00e7\u00e3o p\u00fablica federal. No setor privado, a folga depende de acordo entre empresa e funcion\u00e1rio ou conven\u00e7\u00e3o coletiva.<\/p>\n\n\n\n<p class=\"wp-block-paragraph\">Destaque para o turismo<br>O setor tur\u00edstico brasileiro j\u00e1 demonstra otimismo com o calend\u00e1rio de 2026. Com feriados como Independ\u00eancia, Padroeira do Brasil e Finados caindo em segundas-feiras, e o Dia da Consci\u00eancia Negra e o Natal em sextas-feiras, o ano ter\u00e1 uma sequ\u00eancia de &#8220;finais de semana prolongados&#8221; que deve aquecer a economia de servi\u00e7os e o transporte nacional.<br><\/p>\n<\/blockquote>\n","protected":false},"excerpt":{"rendered":"<p>O Minist\u00e9rio da Gest\u00e3o e da Inova\u00e7\u00e3o em Servi\u00e7os P\u00fablicos (MGI) publicou, nesta ter\u00e7a-feira (30\/12\/2025), a Portaria n.\u00ba 11.460\/2025, que estabelece o cronograma oficial de [&#8230;]<\/p>\n","protected":false},"author":1,"featured_media":1253,"comment_status":"open","ping_status":"open","sticky":false,"template":"","format":"standard","meta":{"_crdt_document":"","_jetpack_memberships_contains_paid_content":false,"footnotes":"","jetpack_publicize_message":"","jetpack_publicize_feature_enabled":true,"jetpack_social_post_already_shared":true,"jetpack_social_options":{"image_generator_settings":{"template":"highway","default_image_id":0,"font":"","enabled":false},"version":2}},"categories":[3],"tags":[],"class_list":["post-1252","post","type-post","status-publish","format-standard","has-post-thumbnail","hentry","category-brasil"],"jetpack_publicize_connections":[],"jetpack_featured_media_url":"https:\/\/i0.wp.com\/oexpressobr.com.br\/wp-content\/uploads\/2025\/12\/IMG-20251231-WA0084.jpg?fit=1280%2C906&ssl=1","jetpack_likes_enabled":true,"jetpack_sharing_enabled":true,"_links":{"self":[{"href":"https:\/\/oexpressobr.com.br\/index.php?rest_route=\/wp\/v2\/posts\/1252","targetHints":{"allow":["GET"]}}],"collection":[{"href":"https:\/\/oexpressobr.com.br\/index.php?rest_route=\/wp\/v2\/posts"}],"about":[{"href":"https:\/\/oexpressobr.com.br\/index.php?rest_route=\/wp\/v2\/types\/post"}],"author":[{"embeddable":true,"href":"https:\/\/oexpressobr.com.br\/index.php?rest_route=\/wp\/v2\/users\/1"}],"replies":[{"embeddable":true,"href":"https:\/\/oexpressobr.com.br\/index.php?rest_route=%2Fwp%2Fv2%2Fcomments&post=1252"}],"version-history":[{"count":1,"href":"https:\/\/oexpressobr.com.br\/index.php?rest_route=\/wp\/v2\/posts\/1252\/revisions"}],"predecessor-version":[{"id":1254,"href":"https:\/\/oexpressobr.com.br\/index.php?rest_route=\/wp\/v2\/posts\/1252\/revisions\/1254"}],"wp:featuredmedia":[{"embeddable":true,"href":"https:\/\/oexpressobr.com.br\/index.php?rest_route=\/wp\/v2\/media\/1253"}],"wp:attachment":[{"href":"https:\/\/oexpressobr.com.br\/index.php?rest_route=%2Fwp%2Fv2%2Fmedia&parent=1252"}],"wp:term":[{"taxonomy":"category","embeddable":true,"href":"https:\/\/oexpressobr.com.br\/index.php?rest_route=%2Fwp%2Fv2%2Fcategories&post=1252"},{"taxonomy":"post_tag","embeddable":true,"href":"https:\/\/oexpressobr.com.br\/index.php?rest_route=%2Fwp%2Fv2%2Ftags&post=1252"}],"curies":[{"name":"wp","href":"https:\/\/api.w.org\/{rel}","templated":true}]}}