{"id":1255,"date":"2025-12-31T07:55:21","date_gmt":"2025-12-31T10:55:21","guid":{"rendered":"https:\/\/oexpressobr.com.br\/?p=1255"},"modified":"2025-12-31T07:56:52","modified_gmt":"2025-12-31T10:56:52","slug":"virada-de-ano-tera-calor-intenso-e-pancadas-de-chuva-em-capitais-do-sudeste-e-sul","status":"publish","type":"post","link":"https:\/\/oexpressobr.com.br\/?p=1255","title":{"rendered":"Virada de ano ter\u00e1 calor intenso e pancadas de chuva em capitais do Sudeste e Sul"},"content":{"rendered":"\n<p class=\"wp-block-paragraph\"><br>O \u00faltimo dia de 2025 chega com o clima t\u00edpico do ver\u00e3o brasileiro: uma combina\u00e7\u00e3o de calor escaldante e instabilidade atmosf\u00e9rica. Para quem planeja celebrar o R\u00e9veillon ao ar livre, o monitoramento meteorol\u00f3gico do Inmet e da Climatempo indica que, embora o sol apare\u00e7a durante o dia, a chegada de uma frente fria e a alta umidade podem provocar pancadas de chuva justamente no momento da contagem regressiva em diversas regi\u00f5es.<br>Panorama por regi\u00e3o<br>Abaixo, detalhamos como o tempo deve se comportar nas principais \u00e1reas do pa\u00eds durante a transi\u00e7\u00e3o para 2026:<\/p>\n\n\n\n<ul class=\"wp-block-list\">\n<li>Sudeste (S\u00e3o Paulo e Rio de Janeiro): O cen\u00e1rio \u00e9 de aten\u00e7\u00e3o. Em S\u00e3o Paulo, a previs\u00e3o aponta risco de pancadas de chuva moderadas a fortes na regi\u00e3o metropolitana durante a noite, devido ao calor acumulado e ao avan\u00e7o de uma frente fria. No Rio de Janeiro, o calor segue intenso (com m\u00e1ximas pr\u00f3ximas aos 35\u00b0C), mas h\u00e1 possibilidade de chuvas isoladas e um alerta de ressaca emitido pela Marinha, com ondas que podem chegar a 2,5 metros na orla.<\/li>\n\n\n\n<li>Sul: Curitiba, Florian\u00f3polis e Porto Alegre t\u00eam previs\u00e3o de chuva. A instabilidade \u00e9 mais acentuada no litoral catarinense e paranaense, onde o c\u00e9u deve permanecer nublado com pancadas frequentes.<\/li>\n\n\n\n<li>Centro-Oeste: O calor predomina, mas cidades como Bras\u00edlia e Goi\u00e2nia possuem alto risco de temporais isolados, inclusive com chance de granizo em pontos espec\u00edficos.<\/li>\n\n\n\n<li>Nordeste: \u00c9 a regi\u00e3o com o tempo mais est\u00e1vel para a festa. O litoral, de Salvador a Fortaleza, deve ter tempo firme e c\u00e9u aberto, ideal para a queima de fogos. Chuvas isoladas s\u00e3o esperadas apenas no interior e em \u00e1reas como S\u00e3o Lu\u00eds e Natal.<\/li>\n\n\n\n<li>Norte: Clima quente e \u00famido. Manaus e Bel\u00e9m mant\u00eam a tradi\u00e7\u00e3o das chuvas r\u00e1pidas e isoladas de final de tarde e noite, mas sem queda brusca na temperatura.<br><br>Tabela de temperaturas nas capitais (Previs\u00e3o 31\/12)<br>Capital M\u00ednima M\u00e1xima Condi\u00e7\u00e3o na Virada<br>S\u00e3o Paulo 21\u00b0C 29\u00b0C Pancadas de chuva<br>Rio de Janeiro 23\u00b0C 32\u00b0C Nublado com chuva isolada<br>Belo Horizonte 22\u00b0C 31\u00b0C Possibilidade de temporal<br>Salvador 24\u00b0C 31\u00b0C Tempo firme<br>Bras\u00edlia 20\u00b0C 26\u00b0C Risco de chuva e granizo<br>Curitiba 18\u00b0C 26\u00b0C Chuva moderada Nota de Seguran\u00e7a: Em caso de raios ou ventos fortes durante a queima de fogos, a Defesa Civil recomenda buscar abrigo em locais fechados e evitar estruturas met\u00e1licas ou \u00e1rvores na faixa de areia.<\/li>\n<\/ul>\n\n\n\n<p class=\"wp-block-paragraph\"><\/p>\n","protected":false},"excerpt":{"rendered":"<p>O \u00faltimo dia de 2025 chega com o clima t\u00edpico do ver\u00e3o brasileiro: uma combina\u00e7\u00e3o de calor escaldante e instabilidade atmosf\u00e9rica. Para quem planeja celebrar [&#8230;]<\/p>\n","protected":false},"author":1,"featured_media":1256,"comment_status":"open","ping_status":"open","sticky":false,"template":"","format":"standard","meta":{"_crdt_document":"","_jetpack_memberships_contains_paid_content":false,"footnotes":"","jetpack_publicize_message":"","jetpack_publicize_feature_enabled":true,"jetpack_social_post_already_shared":true,"jetpack_social_options":{"image_generator_settings":{"template":"highway","default_image_id":0,"font":"","enabled":false},"version":2}},"categories":[3],"tags":[],"class_list":["post-1255","post","type-post","status-publish","format-standard","has-post-thumbnail","hentry","category-brasil"],"jetpack_publicize_connections":[],"jetpack_featured_media_url":"https:\/\/i0.wp.com\/oexpressobr.com.br\/wp-content\/uploads\/2025\/12\/IMG-20251231-WA0111.jpg?fit=984%2C656&ssl=1","jetpack_likes_enabled":true,"jetpack_sharing_enabled":true,"_links":{"self":[{"href":"https:\/\/oexpressobr.com.br\/index.php?rest_route=\/wp\/v2\/posts\/1255","targetHints":{"allow":["GET"]}}],"collection":[{"href":"https:\/\/oexpressobr.com.br\/index.php?rest_route=\/wp\/v2\/posts"}],"about":[{"href":"https:\/\/oexpressobr.com.br\/index.php?rest_route=\/wp\/v2\/types\/post"}],"author":[{"embeddable":true,"href":"https:\/\/oexpressobr.com.br\/index.php?rest_route=\/wp\/v2\/users\/1"}],"replies":[{"embeddable":true,"href":"https:\/\/oexpressobr.com.br\/index.php?rest_route=%2Fwp%2Fv2%2Fcomments&post=1255"}],"version-history":[{"count":2,"href":"https:\/\/oexpressobr.com.br\/index.php?rest_route=\/wp\/v2\/posts\/1255\/revisions"}],"predecessor-version":[{"id":1258,"href":"https:\/\/oexpressobr.com.br\/index.php?rest_route=\/wp\/v2\/posts\/1255\/revisions\/1258"}],"wp:featuredmedia":[{"embeddable":true,"href":"https:\/\/oexpressobr.com.br\/index.php?rest_route=\/wp\/v2\/media\/1256"}],"wp:attachment":[{"href":"https:\/\/oexpressobr.com.br\/index.php?rest_route=%2Fwp%2Fv2%2Fmedia&parent=1255"}],"wp:term":[{"taxonomy":"category","embeddable":true,"href":"https:\/\/oexpressobr.com.br\/index.php?rest_route=%2Fwp%2Fv2%2Fcategories&post=1255"},{"taxonomy":"post_tag","embeddable":true,"href":"https:\/\/oexpressobr.com.br\/index.php?rest_route=%2Fwp%2Fv2%2Ftags&post=1255"}],"curies":[{"name":"wp","href":"https:\/\/api.w.org\/{rel}","templated":true}]}}