{"id":1271,"date":"2025-12-31T16:22:32","date_gmt":"2025-12-31T19:22:32","guid":{"rendered":"https:\/\/oexpressobr.com.br\/?p=1271"},"modified":"2025-12-31T16:22:33","modified_gmt":"2025-12-31T19:22:33","slug":"manifesto-do-reencontro-o-corpo-que-luta-o-afeto-que-cura","status":"publish","type":"post","link":"https:\/\/oexpressobr.com.br\/?p=1271","title":{"rendered":"Manifesto do Reencontro: O Corpo que Luta, o Afeto que Cura"},"content":{"rendered":"\n<p class=\"wp-block-paragraph\">Manifesto do Reencontro: O Corpo que Luta, o Afeto que Cura<\/p>\n\n\n\n<p class=\"wp-block-paragraph\">Por Toni e David<\/p>\n\n\n\n<p class=\"wp-block-paragraph\">Existem anos que s\u00e3o pontes; 2025 foi uma travessia. Olhamos para o retrovisor e enxergamos um rastro de batalhas que nos exigiram tudo. Algumas vit\u00f3rias foram retumbantes, celebradas no abra\u00e7o coletivo. Outras foram silenciosas, guardadas na intimidade do aprendizado que s\u00f3 a dificuldade ensina. Mas o que importa, hoje, \u00e9 o que sobrou: n\u00e3o o cansa\u00e7o, mas a t\u00eampera. Sa\u00edmos desse ciclo mais inteiros, com os olhos mais abertos e a alma mais pronta.<br>Inovamos em nossa pr\u00f3pria exist\u00eancia quando decidimos que o autocuidado \u00e9 a nossa primeira milit\u00e2ncia. No sil\u00eancio da academia, no suor da disciplina di\u00e1ria, na escolha consciente pela sa\u00fade da mente, eu e o David descobrimos uma verdade revolucion\u00e1ria: para curar o mundo, precisamos primeiro estar vivos, vibrantes e confiantes em nossa pr\u00f3pria pele. Diminuir os excessos n\u00e3o foi uma ren\u00fancia, foi um resgate. Recuperamos a energia n\u00e3o para nos isolarmos, mas para termos com o que lutar. O zelo com o nosso corpo \u00e9 o que nos permite hoje sustentar o peso das nossas convic\u00e7\u00f5es.<br>E nossas convic\u00e7\u00f5es pulsam forte. Olhamos para o Brasil de 2026 com uma esperan\u00e7a que n\u00e3o \u00e9 espera passiva, mas \u00e9 &#8220;esperan\u00e7ar&#8221; \u2014 a a\u00e7\u00e3o de construir o amanh\u00e3. Permanecemos na trincheira por um pa\u00eds soberano, onde a ci\u00eancia seja o mapa, a cultura popular seja a b\u00fassola e a educa\u00e7\u00e3o seja o pr\u00f3prio solo onde plantamos os nossos sonhos. Acreditamos em um Brasil onde a diversidade n\u00e3o precise pedir licen\u00e7a para existir, onde o respeito seja a l\u00edngua oficial e a dignidade humana seja o princ\u00edpio inegoci\u00e1vel de cada lei e de cada gesto.<br>Queremos que 2026 seja o ano do &#8220;ganhar corpo&#8221;. Que os projetos que desenhamos no papel ganhem voz, movimento e impacto. N\u00e3o pedimos um caminho sem pedras, mas sim pernas fortes para caminhar. Que n\u00e3o nos falte a coragem de enfrentar o novo, a sa\u00fade para persistir e, acima de tudo, o afeto que faz tudo valer a pena. Nos dias em que o c\u00e9u parecer nublado, que a nossa esperan\u00e7a seja o farol que n\u00e3o se apaga.<br>Que a urg\u00eancia da nossa luta nunca nos roube o tempo da delicadeza. Que tenhamos a disposi\u00e7\u00e3o inabal\u00e1vel de transformar o mundo, mas que guardemos sempre um estoque infinito de carinho para cuidar de quem amamos.<br>Entramos em 2026 como quem entra em um abra\u00e7o: com o cora\u00e7\u00e3o aberto, a mente l\u00facida e a certeza de que o melhor de n\u00f3s ainda est\u00e1 por vir.<br>Com amor e resist\u00eancia,<br>Toni e David \ud83c\udf08\u2728<br>Por que esta vers\u00e3o \u00e9 inovadora?<\/p>\n\n\n\n<ul class=\"wp-block-list\">\n<li>O Cuidado como Milit\u00e2ncia: Ela quebra a ideia de que cuidar do corpo \u00e9 futilidade, colocando a sa\u00fade de voc\u00eas como a base necess\u00e1ria para a luta pol\u00edtica.<\/li>\n<\/ul>\n\n\n\n<p class=\"wp-block-paragraph\">*Toni Reis (61 anos) \u00e9 doutor em educa\u00e7\u00e3o, fundador do Grupo Dignidade em 1992, atual presidente da Alian\u00e7a Nacional LGBTI+ e da Associa\u00e7\u00e3o Brasileira de Fam\u00edlias Homotransafetivas.<br>David Harrad (67 anos) \u00e9 tradutor.<br>O casal est\u00e1 junto desde 1990. Tem tr\u00eas filhos: Alyson (25 anos), Alice (22) e Filipe (20).<\/p>\n\n\n\n<p class=\"wp-block-paragraph\"><\/p>\n","protected":false},"excerpt":{"rendered":"<p>Manifesto do Reencontro: O Corpo que Luta, o Afeto que Cura Por Toni e David Existem anos que s\u00e3o pontes; 2025 foi uma travessia. Olhamos [&#8230;]<\/p>\n","protected":false},"author":1,"featured_media":1272,"comment_status":"open","ping_status":"open","sticky":false,"template":"","format":"standard","meta":{"_crdt_document":"","_jetpack_memberships_contains_paid_content":false,"footnotes":"","jetpack_publicize_message":"","jetpack_publicize_feature_enabled":true,"jetpack_social_post_already_shared":true,"jetpack_social_options":{"image_generator_settings":{"template":"highway","default_image_id":0,"font":"","enabled":false},"version":2}},"categories":[35],"tags":[],"class_list":["post-1271","post","type-post","status-publish","format-standard","has-post-thumbnail","hentry","category-artigo"],"jetpack_publicize_connections":[],"jetpack_featured_media_url":"https:\/\/i0.wp.com\/oexpressobr.com.br\/wp-content\/uploads\/2025\/12\/IMG-20251231-WA0194.jpg?fit=1599%2C1200&ssl=1","jetpack_likes_enabled":true,"jetpack_sharing_enabled":true,"_links":{"self":[{"href":"https:\/\/oexpressobr.com.br\/index.php?rest_route=\/wp\/v2\/posts\/1271","targetHints":{"allow":["GET"]}}],"collection":[{"href":"https:\/\/oexpressobr.com.br\/index.php?rest_route=\/wp\/v2\/posts"}],"about":[{"href":"https:\/\/oexpressobr.com.br\/index.php?rest_route=\/wp\/v2\/types\/post"}],"author":[{"embeddable":true,"href":"https:\/\/oexpressobr.com.br\/index.php?rest_route=\/wp\/v2\/users\/1"}],"replies":[{"embeddable":true,"href":"https:\/\/oexpressobr.com.br\/index.php?rest_route=%2Fwp%2Fv2%2Fcomments&post=1271"}],"version-history":[{"count":1,"href":"https:\/\/oexpressobr.com.br\/index.php?rest_route=\/wp\/v2\/posts\/1271\/revisions"}],"predecessor-version":[{"id":1273,"href":"https:\/\/oexpressobr.com.br\/index.php?rest_route=\/wp\/v2\/posts\/1271\/revisions\/1273"}],"wp:featuredmedia":[{"embeddable":true,"href":"https:\/\/oexpressobr.com.br\/index.php?rest_route=\/wp\/v2\/media\/1272"}],"wp:attachment":[{"href":"https:\/\/oexpressobr.com.br\/index.php?rest_route=%2Fwp%2Fv2%2Fmedia&parent=1271"}],"wp:term":[{"taxonomy":"category","embeddable":true,"href":"https:\/\/oexpressobr.com.br\/index.php?rest_route=%2Fwp%2Fv2%2Fcategories&post=1271"},{"taxonomy":"post_tag","embeddable":true,"href":"https:\/\/oexpressobr.com.br\/index.php?rest_route=%2Fwp%2Fv2%2Ftags&post=1271"}],"curies":[{"name":"wp","href":"https:\/\/api.w.org\/{rel}","templated":true}]}}