{"id":1275,"date":"2026-01-02T08:29:43","date_gmt":"2026-01-02T11:29:43","guid":{"rendered":"https:\/\/oexpressobr.com.br\/?p=1275"},"modified":"2026-01-02T08:29:44","modified_gmt":"2026-01-02T11:29:44","slug":"bolsonaro-recebe-alta-e-retorna-a-prisao-apos-moraes-negar-regime-domiciliar","status":"publish","type":"post","link":"https:\/\/oexpressobr.com.br\/?p=1275","title":{"rendered":"Bolsonaro recebe alta e retorna \u00e0 pris\u00e3o ap\u00f3s Moraes negar regime domiciliar"},"content":{"rendered":"\n<p class=\"wp-block-paragraph\">O ex-presidente <strong>Jair Bolsonaro (PL)<\/strong> retornou \u00e0 Superintend\u00eancia da Pol\u00edcia Federal, em Bras\u00edlia, na noite de quinta-feira (1). A transfer\u00eancia ocorreu poucas horas ap\u00f3s ele receber alta da unidade hospitalar onde estava sob observa\u00e7\u00e3o. O retorno ao c\u00e1rcere foi determinado ap\u00f3s o ministro do Supremo Tribunal Federal (STF), <strong>Alexandre de Moraes<\/strong>, indeferir o pedido da defesa que buscava a convers\u00e3o da pena em <strong>pris\u00e3o domiciliar<\/strong>.<\/p>\n\n\n\n<h3 class=\"wp-block-heading\">\u200bDetalhes do quadro cl\u00ednico e a decis\u00e3o judicial<\/h3>\n\n\n\n<p class=\"wp-block-paragraph\">\u200bBolsonaro havia sido internado para exames de rotina e tratamento de um quadro de sa\u00fade recorrente, mas a equipe m\u00e9dica deu o aval para a alta hospitalar ap\u00f3s a estabiliza\u00e7\u00e3o de seu estado.<\/p>\n\n\n\n<p class=\"wp-block-paragraph\">\u200bA defesa argumentou que a estrutura da Pol\u00edcia Federal n\u00e3o seria adequada para os cuidados cont\u00ednuos de que o ex-presidente necessita. No entanto, o ministro Alexandre de Moraes manteve o entendimento de que a Superintend\u00eancia possui condi\u00e7\u00f5es de oferecer a assist\u00eancia b\u00e1sica necess\u00e1ria e que a manuten\u00e7\u00e3o da pris\u00e3o preventiva (ou o cumprimento da pena, conforme o est\u00e1gio do processo) segue os requisitos legais diante da gravidade das condena\u00e7\u00f5es relacionadas \u00e0 <strong>trama golpista<\/strong>.<\/p>\n\n\n\n<h3 class=\"wp-block-heading\">\u200bO cen\u00e1rio jur\u00eddico atual<\/h3>\n\n\n\n<p class=\"wp-block-paragraph\">\u200bO ex-presidente cumpre pena no \u00e2mbito das investiga\u00e7\u00f5es que apuram a tentativa de aboli\u00e7\u00e3o violenta do Estado Democr\u00e1tico de Direito. Entre os principais pontos da atualiza\u00e7\u00e3o do caso, destacam-se:<\/p>\n\n\n\n<ul class=\"wp-block-list\">\n<li>\u200b<strong>Rigor na cust\u00f3dia:<\/strong> A negativa da pris\u00e3o domiciliar refor\u00e7a a postura do STF em manter o cumprimento das penas em regime fechado para os principais articuladores dos atos antidemocr\u00e1ticos.<\/li>\n\n\n\n<li>\u200b<strong>Monitoramento m\u00e9dico:<\/strong> A PF dever\u00e1 apresentar relat\u00f3rios peri\u00f3dicos sobre a sa\u00fade do ex-presidente para garantir que os direitos fundamentais \u00e0 assist\u00eancia m\u00e9dica sejam respeitados dentro da unidade.<\/li>\n\n\n\n<li>\u200b<strong>Repercuss\u00e3o pol\u00edtica:<\/strong> Aliados do PL classificam a decis\u00e3o como &#8220;desumana&#8221;, enquanto o setor jur\u00eddico do governo e especialistas em Direito Constitucional apontam que a isonomia deve prevalecer, independentemente do cargo anteriormente ocupado pelo r\u00e9u.<\/li>\n<\/ul>\n\n\n\n<h3 class=\"wp-block-heading\">\u200bPr\u00f3ximos passos do processo<\/h3>\n\n\n\n<p class=\"wp-block-paragraph\">\u200bOs advogados de Bolsonaro j\u00e1 sinalizaram que devem recorrer da decis\u00e3o de Moraes, buscando uma segunda an\u00e1lise pelo plen\u00e1rio do STF. O argumento central continuar\u00e1 sendo a fragilidade cl\u00ednica do ex-presidente, que passou por diversas cirurgias abdominais nos \u00faltimos anos.<\/p>\n\n\n\n<blockquote class=\"wp-block-quote is-layout-flow wp-block-quote-is-layout-flow\">\n<p class=\"wp-block-paragraph\">\u200b<strong>Nota:<\/strong> At\u00e9 o momento, a Superintend\u00eancia da PF em Bras\u00edlia n\u00e3o registrou intercorr\u00eancias no retorno do ex-presidente \u00e0 cela especial.<\/p>\n<\/blockquote>\n","protected":false},"excerpt":{"rendered":"<p>O ex-presidente Jair Bolsonaro (PL) retornou \u00e0 Superintend\u00eancia da Pol\u00edcia Federal, em Bras\u00edlia, na noite de quinta-feira (1). A transfer\u00eancia ocorreu poucas horas ap\u00f3s ele [&#8230;]<\/p>\n","protected":false},"author":1,"featured_media":1276,"comment_status":"open","ping_status":"open","sticky":false,"template":"","format":"standard","meta":{"_crdt_document":"","_jetpack_memberships_contains_paid_content":false,"footnotes":"","jetpack_publicize_message":"","jetpack_publicize_feature_enabled":true,"jetpack_social_post_already_shared":true,"jetpack_social_options":{"image_generator_settings":{"template":"highway","default_image_id":0,"font":"","enabled":false},"version":2}},"categories":[3],"tags":[],"class_list":["post-1275","post","type-post","status-publish","format-standard","has-post-thumbnail","hentry","category-brasil"],"jetpack_publicize_connections":[],"jetpack_featured_media_url":"https:\/\/i0.wp.com\/oexpressobr.com.br\/wp-content\/uploads\/2026\/01\/IMG-20260102-WA0050.jpg?fit=450%2C450&ssl=1","jetpack_likes_enabled":true,"jetpack_sharing_enabled":true,"_links":{"self":[{"href":"https:\/\/oexpressobr.com.br\/index.php?rest_route=\/wp\/v2\/posts\/1275","targetHints":{"allow":["GET"]}}],"collection":[{"href":"https:\/\/oexpressobr.com.br\/index.php?rest_route=\/wp\/v2\/posts"}],"about":[{"href":"https:\/\/oexpressobr.com.br\/index.php?rest_route=\/wp\/v2\/types\/post"}],"author":[{"embeddable":true,"href":"https:\/\/oexpressobr.com.br\/index.php?rest_route=\/wp\/v2\/users\/1"}],"replies":[{"embeddable":true,"href":"https:\/\/oexpressobr.com.br\/index.php?rest_route=%2Fwp%2Fv2%2Fcomments&post=1275"}],"version-history":[{"count":1,"href":"https:\/\/oexpressobr.com.br\/index.php?rest_route=\/wp\/v2\/posts\/1275\/revisions"}],"predecessor-version":[{"id":1277,"href":"https:\/\/oexpressobr.com.br\/index.php?rest_route=\/wp\/v2\/posts\/1275\/revisions\/1277"}],"wp:featuredmedia":[{"embeddable":true,"href":"https:\/\/oexpressobr.com.br\/index.php?rest_route=\/wp\/v2\/media\/1276"}],"wp:attachment":[{"href":"https:\/\/oexpressobr.com.br\/index.php?rest_route=%2Fwp%2Fv2%2Fmedia&parent=1275"}],"wp:term":[{"taxonomy":"category","embeddable":true,"href":"https:\/\/oexpressobr.com.br\/index.php?rest_route=%2Fwp%2Fv2%2Fcategories&post=1275"},{"taxonomy":"post_tag","embeddable":true,"href":"https:\/\/oexpressobr.com.br\/index.php?rest_route=%2Fwp%2Fv2%2Ftags&post=1275"}],"curies":[{"name":"wp","href":"https:\/\/api.w.org\/{rel}","templated":true}]}}