{"id":1278,"date":"2026-01-02T08:35:32","date_gmt":"2026-01-02T11:35:32","guid":{"rendered":"https:\/\/oexpressobr.com.br\/?p=1278"},"modified":"2026-01-02T08:35:35","modified_gmt":"2026-01-02T11:35:35","slug":"maioria-dos-brasileiros-ve-prisao-de-jair-bolsonaro-como-merecida-aponta-quaest","status":"publish","type":"post","link":"https:\/\/oexpressobr.com.br\/?p=1278","title":{"rendered":"Maioria dos brasileiros v\u00ea pris\u00e3o de Jair Bolsonaro como merecida, aponta Quaest"},"content":{"rendered":"\n<p class=\"wp-block-paragraph\">A polariza\u00e7\u00e3o pol\u00edtica no Brasil encerra o ano de 2025 com um retrato n\u00edtido da divis\u00e3o nacional. Segundo levantamento da <strong>Genial\/Quaest<\/strong> divulgado no \u00faltimo dia 31 de dezembro, a maioria da popula\u00e7\u00e3o apoia a perman\u00eancia do ex-presidente <strong>Jair Bolsonaro<\/strong> no c\u00e1rcere. O estudo revela que <strong>51% dos entrevistados acreditam que ele merece estar preso<\/strong>, enquanto 42% atribuem a situa\u00e7\u00e3o a uma persegui\u00e7\u00e3o pol\u00edtica.<\/p>\n\n\n\n<p class=\"wp-block-paragraph\">\u200bA pesquisa detalha que o sentimento de justi\u00e7a ou persegui\u00e7\u00e3o varia drasticamente conforme a inclina\u00e7\u00e3o ideol\u00f3gica:<\/p>\n\n\n\n<ul class=\"wp-block-list\">\n<li>\u200b<strong>Lulistas:<\/strong> 91% consideram a pris\u00e3o merecida.<\/li>\n\n\n\n<li>\u200b<strong>Bolsonaristas:<\/strong> 94% enxergam persegui\u00e7\u00e3o pol\u00edtica.<\/li>\n\n\n\n<li>\u200b<strong>Independentes:<\/strong> 54% avaliam que o ex-presidente merece a deten\u00e7\u00e3o, enquanto 36% veem persegui\u00e7\u00e3o.<\/li>\n<\/ul>\n\n\n\n<h3 class=\"wp-block-heading\">\u200bMotiva\u00e7\u00f5es e percep\u00e7\u00e3o de enfraquecimento<\/h3>\n\n\n\n<p class=\"wp-block-paragraph\">\u200bAl\u00e9m do m\u00e9rito da pris\u00e3o, a Quaest investigou as causas imediatas que levaram o ex-presidente de volta ao regime fechado. Para <strong>32%<\/strong> dos brasileiros, o principal motivo foi o fato de Bolsonaro ter <strong>danificado sua tornozeleira eletr\u00f4nica<\/strong> durante o per\u00edodo em que esteve em pris\u00e3o domiciliar. Outros <strong>16%<\/strong> citaram o <strong>risco de fuga para o exterior<\/strong>, e 21% apontaram a atua\u00e7\u00e3o do STF e do ministro Alexandre de Moraes como fator determinante.<\/p>\n\n\n\n<p class=\"wp-block-paragraph\">\u200bO impacto pol\u00edtico da reclus\u00e3o tamb\u00e9m foi mensurado:<\/p>\n\n\n\n<ul class=\"wp-block-list\">\n<li>\u200b<strong>56%<\/strong> acreditam que a pris\u00e3o <strong>enfraquece<\/strong> Bolsonaro politicamente.<\/li>\n\n\n\n<li>\u200b<strong>36%<\/strong> avaliam que a medida o torna <strong>mais forte<\/strong> perante seu eleitorado.<\/li>\n<\/ul>\n\n\n\n<h3 class=\"wp-block-heading\">\u200bContexto recente<\/h3>\n\n\n\n<p class=\"wp-block-paragraph\">\u200bO levantamento ocorre em um momento delicado para o ex-presidente, que recentemente deixou o hospital ap\u00f3s exames cl\u00ednicos para tratar crises de solu\u00e7o e retornou \u00e0 carceragem da Pol\u00edcia Federal em Bras\u00edlia. A defesa segue tentando reverter a pena de <strong>27 anos e tr\u00eas meses<\/strong>, imposta por tentativa de golpe de Estado, sob o argumento de agravamento do estado de sa\u00fade.<\/p>\n\n\n\n<blockquote class=\"wp-block-quote is-layout-flow wp-block-quote-is-layout-flow\">\n<p class=\"wp-block-paragraph\">\u200b<strong>Dados da Pesquisa:<\/strong><\/p>\n\n\n\n<ul class=\"wp-block-list\">\n<li>\u200b<strong>Per\u00edodo:<\/strong> 11 a 14 de dezembro de 2025.<\/li>\n\n\n\n<li>\u200b<strong>Amostra:<\/strong> 2.004 pessoas (16 anos ou mais).<\/li>\n\n\n\n<li>\u200b<strong>Margem de erro:<\/strong> 2 pontos percentuais para mais ou para menos.<\/li>\n\n\n\n<li>\u200b<strong>N\u00edvel de confian\u00e7a:<\/strong> 95%.<\/li>\n<\/ul>\n<\/blockquote>\n","protected":false},"excerpt":{"rendered":"<p>A polariza\u00e7\u00e3o pol\u00edtica no Brasil encerra o ano de 2025 com um retrato n\u00edtido da divis\u00e3o nacional. Segundo levantamento da Genial\/Quaest divulgado no \u00faltimo dia [&#8230;]<\/p>\n","protected":false},"author":1,"featured_media":1279,"comment_status":"open","ping_status":"open","sticky":false,"template":"","format":"standard","meta":{"_crdt_document":"","_jetpack_memberships_contains_paid_content":false,"footnotes":"","jetpack_publicize_message":"","jetpack_publicize_feature_enabled":true,"jetpack_social_post_already_shared":true,"jetpack_social_options":{"image_generator_settings":{"template":"highway","default_image_id":0,"font":"","enabled":false},"version":2}},"categories":[3],"tags":[],"class_list":["post-1278","post","type-post","status-publish","format-standard","has-post-thumbnail","hentry","category-brasil"],"jetpack_publicize_connections":[],"jetpack_featured_media_url":"https:\/\/i0.wp.com\/oexpressobr.com.br\/wp-content\/uploads\/2026\/01\/IMG-20260102-WA0051.jpg?fit=1080%2C1350&ssl=1","jetpack_likes_enabled":true,"jetpack_sharing_enabled":true,"_links":{"self":[{"href":"https:\/\/oexpressobr.com.br\/index.php?rest_route=\/wp\/v2\/posts\/1278","targetHints":{"allow":["GET"]}}],"collection":[{"href":"https:\/\/oexpressobr.com.br\/index.php?rest_route=\/wp\/v2\/posts"}],"about":[{"href":"https:\/\/oexpressobr.com.br\/index.php?rest_route=\/wp\/v2\/types\/post"}],"author":[{"embeddable":true,"href":"https:\/\/oexpressobr.com.br\/index.php?rest_route=\/wp\/v2\/users\/1"}],"replies":[{"embeddable":true,"href":"https:\/\/oexpressobr.com.br\/index.php?rest_route=%2Fwp%2Fv2%2Fcomments&post=1278"}],"version-history":[{"count":1,"href":"https:\/\/oexpressobr.com.br\/index.php?rest_route=\/wp\/v2\/posts\/1278\/revisions"}],"predecessor-version":[{"id":1280,"href":"https:\/\/oexpressobr.com.br\/index.php?rest_route=\/wp\/v2\/posts\/1278\/revisions\/1280"}],"wp:featuredmedia":[{"embeddable":true,"href":"https:\/\/oexpressobr.com.br\/index.php?rest_route=\/wp\/v2\/media\/1279"}],"wp:attachment":[{"href":"https:\/\/oexpressobr.com.br\/index.php?rest_route=%2Fwp%2Fv2%2Fmedia&parent=1278"}],"wp:term":[{"taxonomy":"category","embeddable":true,"href":"https:\/\/oexpressobr.com.br\/index.php?rest_route=%2Fwp%2Fv2%2Fcategories&post=1278"},{"taxonomy":"post_tag","embeddable":true,"href":"https:\/\/oexpressobr.com.br\/index.php?rest_route=%2Fwp%2Fv2%2Ftags&post=1278"}],"curies":[{"name":"wp","href":"https:\/\/api.w.org\/{rel}","templated":true}]}}