{"id":1284,"date":"2026-01-02T08:49:29","date_gmt":"2026-01-02T11:49:29","guid":{"rendered":"https:\/\/oexpressobr.com.br\/?p=1284"},"modified":"2026-01-02T08:49:30","modified_gmt":"2026-01-02T11:49:30","slug":"sobreviventes-da-kiss-e-familiares-de-vitimas-lamentam-tragedia-na-suica","status":"publish","type":"post","link":"https:\/\/oexpressobr.com.br\/?p=1284","title":{"rendered":"Sobreviventes da Kiss e familiares de v\u00edtimas lamentam trag\u00e9dia na Su\u00ed\u00e7a"},"content":{"rendered":"\n<p class=\"wp-block-paragraph\">O sentimento de &#8220;d\u00e9j\u00e0 vu&#8221; e a dor da impunidade voltaram a assombrar os sobreviventes e familiares das v\u00edtimas da <strong>Boate Kiss<\/strong> nesta semana. Ap\u00f3s o inc\u00eandio que devastou o bar e discoteca <strong>Le Constellation<\/strong>, em Crans-Montana, na Su\u00ed\u00e7a, na madrugada de Ano Novo de 2026, o grupo brasileiro manifestou solidariedade e indigna\u00e7\u00e3o diante das semelhan\u00e7as fatais entre os dois epis\u00f3dios.<\/p>\n\n\n\n<h3 class=\"wp-block-heading\">\u200bO cen\u00e1rio da trag\u00e9dia su\u00ed\u00e7a<\/h3>\n\n\n\n<p class=\"wp-block-paragraph\">\u200bO incidente em Crans-Montana ocorreu por volta de 1h30 da manh\u00e3 de 1\u00ba de janeiro. Segundo testemunhas, o fogo teria come\u00e7ado quando funcion\u00e1rias carregavam garrafas de champanhe com <strong>velas de fa\u00edsca (sparklers)<\/strong>. As chamas atingiram o teto de madeira do estabelecimento, que ficava no subsolo e possu\u00eda apenas uma escada estreita para evacua\u00e7\u00e3o.<\/p>\n\n\n\n<ul class=\"wp-block-list\">\n<li>\u200b<strong>V\u00edtimas:<\/strong> Ao menos <strong>40 mortos<\/strong> e <strong>115 feridos<\/strong> (muitos em estado grave).<\/li>\n\n\n\n<li>\u200b<strong>Perfil:<\/strong> A maioria das v\u00edtimas era composta por jovens e turistas internacionais.<\/li>\n\n\n\n<li>\u200b<strong>Causa prov\u00e1vel:<\/strong> Uso inadequado de pirotecnia em ambiente fechado, agravado pela estrutura inflam\u00e1vel e falta de sa\u00eddas de emerg\u00eancia adequadas.<\/li>\n<\/ul>\n\n\n\n<h3 class=\"wp-block-heading\">\u200b&#8221;A hist\u00f3ria se repete&#8221;: A rea\u00e7\u00e3o brasileira<\/h3>\n\n\n\n<p class=\"wp-block-paragraph\">\u200bPara a <strong>Associa\u00e7\u00e3o dos Familiares de V\u00edtimas e Sobreviventes da Trag\u00e9dia de Santa Maria (AVTSM)<\/strong>, as not\u00edcias vindas da Europa refor\u00e7am a urg\u00eancia de leis globais de seguran\u00e7a mais r\u00edgidas. &#8220;Parece que o mundo n\u00e3o aprendeu nada com Santa Maria&#8221;, afirmou um porta-voz do grupo.<\/p>\n\n\n\n<p class=\"wp-block-paragraph\">\u200bA trag\u00e9dia na Su\u00ed\u00e7a ocorre em um momento sens\u00edvel para os brasileiros, que em 2025 marcaram os <strong>12 anos da Kiss<\/strong> ainda lutando pela conclus\u00e3o dos processos judiciais e pela constru\u00e7\u00e3o de um memorial no local onde 242 pessoas perderam a vida em 2013.<\/p>\n\n\n\n<h3 class=\"wp-block-heading\">\u200bBalan\u00e7o das trag\u00e9dias em casas noturnas no mundo<\/h3>\n\n\n\n<p class=\"wp-block-paragraph\">\u200bMedidas internacionais\u200bO presidente su\u00ed\u00e7o, Guy Parmelin, classificou o epis\u00f3dio como &#8220;uma das piores trag\u00e9dias da hist\u00f3ria do pa\u00eds&#8221;. Autoridades locais j\u00e1 iniciaram investiga\u00e7\u00f5es criminais contra os respons\u00e1veis pelo bar, enquanto governos vizinhos, como It\u00e1lia e Fran\u00e7a, auxiliam no tratamento dos queimados em unidades de terapia intensiva especializadas.<div>.<\/div><\/p>\n\n\n\n<p class=\"wp-block-paragraph\"><\/p>\n","protected":false},"excerpt":{"rendered":"<p>O sentimento de &#8220;d\u00e9j\u00e0 vu&#8221; e a dor da impunidade voltaram a assombrar os sobreviventes e familiares das v\u00edtimas da Boate Kiss nesta semana. Ap\u00f3s [&#8230;]<\/p>\n","protected":false},"author":1,"featured_media":1285,"comment_status":"open","ping_status":"open","sticky":false,"template":"","format":"standard","meta":{"_crdt_document":"","_jetpack_memberships_contains_paid_content":false,"footnotes":"","jetpack_publicize_message":"","jetpack_publicize_feature_enabled":true,"jetpack_social_post_already_shared":true,"jetpack_social_options":{"image_generator_settings":{"template":"highway","default_image_id":0,"font":"","enabled":false},"version":2}},"categories":[3],"tags":[],"class_list":["post-1284","post","type-post","status-publish","format-standard","has-post-thumbnail","hentry","category-brasil"],"jetpack_publicize_connections":[],"jetpack_featured_media_url":"https:\/\/i0.wp.com\/oexpressobr.com.br\/wp-content\/uploads\/2026\/01\/4bbb0160-e71d-11f0-b67b-690eb873de1b.png.webp?fit=800%2C449&ssl=1","jetpack_likes_enabled":true,"jetpack_sharing_enabled":true,"_links":{"self":[{"href":"https:\/\/oexpressobr.com.br\/index.php?rest_route=\/wp\/v2\/posts\/1284","targetHints":{"allow":["GET"]}}],"collection":[{"href":"https:\/\/oexpressobr.com.br\/index.php?rest_route=\/wp\/v2\/posts"}],"about":[{"href":"https:\/\/oexpressobr.com.br\/index.php?rest_route=\/wp\/v2\/types\/post"}],"author":[{"embeddable":true,"href":"https:\/\/oexpressobr.com.br\/index.php?rest_route=\/wp\/v2\/users\/1"}],"replies":[{"embeddable":true,"href":"https:\/\/oexpressobr.com.br\/index.php?rest_route=%2Fwp%2Fv2%2Fcomments&post=1284"}],"version-history":[{"count":1,"href":"https:\/\/oexpressobr.com.br\/index.php?rest_route=\/wp\/v2\/posts\/1284\/revisions"}],"predecessor-version":[{"id":1286,"href":"https:\/\/oexpressobr.com.br\/index.php?rest_route=\/wp\/v2\/posts\/1284\/revisions\/1286"}],"wp:featuredmedia":[{"embeddable":true,"href":"https:\/\/oexpressobr.com.br\/index.php?rest_route=\/wp\/v2\/media\/1285"}],"wp:attachment":[{"href":"https:\/\/oexpressobr.com.br\/index.php?rest_route=%2Fwp%2Fv2%2Fmedia&parent=1284"}],"wp:term":[{"taxonomy":"category","embeddable":true,"href":"https:\/\/oexpressobr.com.br\/index.php?rest_route=%2Fwp%2Fv2%2Fcategories&post=1284"},{"taxonomy":"post_tag","embeddable":true,"href":"https:\/\/oexpressobr.com.br\/index.php?rest_route=%2Fwp%2Fv2%2Ftags&post=1284"}],"curies":[{"name":"wp","href":"https:\/\/api.w.org\/{rel}","templated":true}]}}