{"id":1287,"date":"2026-01-02T08:56:03","date_gmt":"2026-01-02T11:56:03","guid":{"rendered":"https:\/\/oexpressobr.com.br\/?p=1287"},"modified":"2026-01-02T08:56:05","modified_gmt":"2026-01-02T11:56:05","slug":"servidor-do-ifpr-e-preso-por-apologia-ao-nazismo-e-ameaca-de-atentado-em-curitiba","status":"publish","type":"post","link":"https:\/\/oexpressobr.com.br\/?p=1287","title":{"rendered":"Servidor do IFPR \u00e9 preso por apologia ao nazismo e amea\u00e7a de atentado em Curitiba"},"content":{"rendered":"\n<p class=\"wp-block-paragraph\">Uma opera\u00e7\u00e3o da Pol\u00edcia Civil do Paran\u00e1 resultou na pris\u00e3o preventiva de <strong>Phetronio Paulo de Medeiros<\/strong>, servidor p\u00fablico federal lotado no Instituto Federal do Paran\u00e1 (IFPR), na v\u00e9spera do R\u00e9veillon. A investiga\u00e7\u00e3o aponta que o suspeito utilizava redes sociais para propagar ideais neonazistas, exibir s\u00edmbolos proibidos e proferir amea\u00e7as de ataques violentos.<\/p>\n\n\n\n<h3 class=\"wp-block-heading\">\u200bDetalhes da investiga\u00e7\u00e3o e pris\u00e3o<\/h3>\n\n\n\n<p class=\"wp-block-paragraph\">\u200bA pris\u00e3o ocorreu no bairro Rebou\u00e7as, em Curitiba, ap\u00f3s um monitoramento detalhado do Grupo de Atua\u00e7\u00e3o Especial de Combate ao Crime Organizado (<strong>Gaeco<\/strong>) e da Pol\u00edcia Civil. De acordo com as autoridades, Medeiros n\u00e3o apenas compartilhava conte\u00fado de \u00f3dio, mas tamb\u00e9m publicava fotos portando armas e mensagens que sugeriam o planejamento de atentados.<\/p>\n\n\n\n<ul class=\"wp-block-list\">\n<li>\u200b<strong>Evid\u00eancias coletadas:<\/strong> Durante o cumprimento do mandado de busca e apreens\u00e3o, foram confiscados computadores, celulares e materiais que faziam alus\u00e3o direta ao regime nazista.<\/li>\n\n\n\n<li>\u200b<strong>Hist\u00f3rico digital:<\/strong> O servidor mantinha perfis em plataformas diversas onde interagia com grupos extremistas, utilizando f\u00f3runs para validar discursos de supremacia.<\/li>\n<\/ul>\n\n\n\n<h3 class=\"wp-block-heading\">\u200bPosicionamento das institui\u00e7\u00f5es<\/h3>\n\n\n\n<p class=\"wp-block-paragraph\">\u200bO <strong>Instituto Federal do Paran\u00e1 (IFPR)<\/strong> manifestou-se oficialmente ap\u00f3s a ci\u00eancia do caso. A institui\u00e7\u00e3o confirmou que o suspeito \u00e9 assistente em administra\u00e7\u00e3o e informou que um processo administrativo disciplinar (<strong>PAD<\/strong>) ser\u00e1 instaurado para apurar a conduta do servidor, o que pode resultar em sua demiss\u00e3o definitiva do servi\u00e7o p\u00fablico.<\/p>\n\n\n\n<p class=\"wp-block-paragraph\">\u200bEm nota, o IFPR refor\u00e7ou seu compromisso com a democracia e o respeito aos direitos humanos, repudiando qualquer forma de apologia ao crime ou discurso de \u00f3dio.<\/p>\n\n\n\n<h3 class=\"wp-block-heading\">\u200bContexto legal e penalidades<\/h3>\n\n\n\n<p class=\"wp-block-paragraph\">\u200bNo Brasil, a Lei 7.716\/1989 estabelece que a apologia ao nazismo \u00e9 crime inafian\u00e7\u00e1vel e imprescrit\u00edvel. No caso de Phetronio, as acusa\u00e7\u00f5es se acumulam:<\/p>\n\n\n\n<ol class=\"wp-block-list\">\n<li>\u200b<strong>Apologia ao Nazismo:<\/strong> Fabricar, comercializar ou veicular s\u00edmbolos (como a cruz su\u00e1stica) para fins de divulga\u00e7\u00e3o do nazismo.<\/li>\n\n\n\n<li>\u200b<strong>Amea\u00e7a:<\/strong> Comprovada pelas postagens que indicavam a inten\u00e7\u00e3o de realizar ataques f\u00edsicos contra grupos espec\u00edficos.<\/li>\n\n\n\n<li>\u200b<strong>Incita\u00e7\u00e3o ao Crime:<\/strong> Devido ao incentivo \u00e0 viol\u00eancia contra minorias em f\u00f3runs digitais.<\/li>\n<\/ol>\n","protected":false},"excerpt":{"rendered":"<p>Uma opera\u00e7\u00e3o da Pol\u00edcia Civil do Paran\u00e1 resultou na pris\u00e3o preventiva de Phetronio Paulo de Medeiros, servidor p\u00fablico federal lotado no Instituto Federal do Paran\u00e1 [&#8230;]<\/p>\n","protected":false},"author":1,"featured_media":1288,"comment_status":"open","ping_status":"open","sticky":false,"template":"","format":"standard","meta":{"_crdt_document":"","_jetpack_memberships_contains_paid_content":false,"footnotes":"","jetpack_publicize_message":"","jetpack_publicize_feature_enabled":true,"jetpack_social_post_already_shared":true,"jetpack_social_options":{"image_generator_settings":{"template":"highway","default_image_id":0,"font":"","enabled":false},"version":2}},"categories":[9],"tags":[],"class_list":["post-1287","post","type-post","status-publish","format-standard","has-post-thumbnail","hentry","category-policia"],"jetpack_publicize_connections":[],"jetpack_featured_media_url":"https:\/\/i0.wp.com\/oexpressobr.com.br\/wp-content\/uploads\/2026\/01\/g1-20-.jpeg?fit=984%2C553&ssl=1","jetpack_likes_enabled":true,"jetpack_sharing_enabled":true,"_links":{"self":[{"href":"https:\/\/oexpressobr.com.br\/index.php?rest_route=\/wp\/v2\/posts\/1287","targetHints":{"allow":["GET"]}}],"collection":[{"href":"https:\/\/oexpressobr.com.br\/index.php?rest_route=\/wp\/v2\/posts"}],"about":[{"href":"https:\/\/oexpressobr.com.br\/index.php?rest_route=\/wp\/v2\/types\/post"}],"author":[{"embeddable":true,"href":"https:\/\/oexpressobr.com.br\/index.php?rest_route=\/wp\/v2\/users\/1"}],"replies":[{"embeddable":true,"href":"https:\/\/oexpressobr.com.br\/index.php?rest_route=%2Fwp%2Fv2%2Fcomments&post=1287"}],"version-history":[{"count":1,"href":"https:\/\/oexpressobr.com.br\/index.php?rest_route=\/wp\/v2\/posts\/1287\/revisions"}],"predecessor-version":[{"id":1289,"href":"https:\/\/oexpressobr.com.br\/index.php?rest_route=\/wp\/v2\/posts\/1287\/revisions\/1289"}],"wp:featuredmedia":[{"embeddable":true,"href":"https:\/\/oexpressobr.com.br\/index.php?rest_route=\/wp\/v2\/media\/1288"}],"wp:attachment":[{"href":"https:\/\/oexpressobr.com.br\/index.php?rest_route=%2Fwp%2Fv2%2Fmedia&parent=1287"}],"wp:term":[{"taxonomy":"category","embeddable":true,"href":"https:\/\/oexpressobr.com.br\/index.php?rest_route=%2Fwp%2Fv2%2Fcategories&post=1287"},{"taxonomy":"post_tag","embeddable":true,"href":"https:\/\/oexpressobr.com.br\/index.php?rest_route=%2Fwp%2Fv2%2Ftags&post=1287"}],"curies":[{"name":"wp","href":"https:\/\/api.w.org\/{rel}","templated":true}]}}