{"id":1290,"date":"2026-01-02T09:01:45","date_gmt":"2026-01-02T12:01:45","guid":{"rendered":"https:\/\/oexpressobr.com.br\/?p=1290"},"modified":"2026-01-02T09:01:46","modified_gmt":"2026-01-02T12:01:46","slug":"filipe-martins-ex-assessor-de-bolsonaro-e-preso-pela-pf-no-parana-por-ordem-de-moraes","status":"publish","type":"post","link":"https:\/\/oexpressobr.com.br\/?p=1290","title":{"rendered":"Filipe Martins, ex-assessor de Bolsonaro, \u00e9 preso pela PF no Paran\u00e1 por ordem de Moraes"},"content":{"rendered":"\n<p class=\"wp-block-paragraph\">A Pol\u00edcia Federal (PF) prendeu, na manh\u00e3 desta sexta-feira (2), <strong>Filipe Martins<\/strong>, ex-assessor especial para Assuntos Internacionais do ex-presidente <strong>Jair Bolsonaro<\/strong>. A deten\u00e7\u00e3o ocorreu em sua resid\u00eancia, em Ponta Grossa, nos Campos Gerais do Paran\u00e1, por determina\u00e7\u00e3o do ministro <strong>Alexandre de Moraes<\/strong>, do Supremo Tribunal Federal (STF).<\/p>\n\n\n\n<h3 class=\"wp-block-heading\">\u200bO motivo da pris\u00e3o<\/h3>\n\n\n\n<p class=\"wp-block-paragraph\">\u200bMartins estava em regime de <strong>pris\u00e3o domiciliar<\/strong> desde o \u00faltimo s\u00e1bado (27), ap\u00f3s o endurecimento de medidas cautelares contra investigados da trama golpista de 2022. No entanto, o ministro Alexandre de Moraes converteu a medida em <strong>pris\u00e3o preventiva<\/strong> ap\u00f3s identificar o descumprimento de restri\u00e7\u00f5es judiciais.<\/p>\n\n\n\n<p class=\"wp-block-paragraph\">\u200bDe acordo com a decis\u00e3o, o ex-assessor teria violado a proibi\u00e7\u00e3o de utilizar redes sociais ao acessar a plataforma <strong>LinkedIn<\/strong> para buscar perfis de terceiros.<\/p>\n\n\n\n<blockquote class=\"wp-block-quote is-layout-flow wp-block-quote-is-layout-flow\">\n<p class=\"wp-block-paragraph\">\u200b&#8221;Verifica-se que Filipe Garcia Martins Pereira descumpriu as medidas cautelares impostas (&#8230;). Essas circunst\u00e2ncias por si s\u00f3s evidenciam o desprezo do r\u00e9u pelas medidas impostas e pelo pr\u00f3prio sistema jur\u00eddico&#8221;, afirmou Moraes no despacho.<\/p>\n<\/blockquote>\n\n\n\n<h3 class=\"wp-block-heading\">\u200bArgumentos da defesa<\/h3>\n\n\n\n<p class=\"wp-block-paragraph\">\u200bA defesa de Filipe Martins nega qualquer irregularidade. Os advogados afirmam que:<\/p>\n\n\n\n<ul class=\"wp-block-list\">\n<li>\u200bAs contas digitais do ex-assessor est\u00e3o sob <strong>cust\u00f3dia exclusiva da equipe jur\u00eddica<\/strong> desde fevereiro de 2024.<\/li>\n\n\n\n<li>\u200bO acesso ao LinkedIn teria sido realizado pelos pr\u00f3prios advogados para &#8220;preservar provas e auditar hist\u00f3ricos digitais&#8221;.<\/li>\n\n\n\n<li>\u200bOs registros de visualiza\u00e7\u00e3o de perfis seriam fruto de mecanismos autom\u00e1ticos da plataforma, sem a\u00e7\u00e3o volunt\u00e1ria de Martins.<\/li>\n<\/ul>\n\n\n\n<h3 class=\"wp-block-heading\">\u200bContexto jur\u00eddico<\/h3>\n\n\n\n<p class=\"wp-block-paragraph\">\u200bFilipe Martins \u00e9 apontado como integrante do chamado &#8220;n\u00facleo 2&#8221; das investiga\u00e7\u00f5es sobre a tentativa de golpe de Estado. Em 16 de dezembro de 2025, ele foi <strong>condenado pela Primeira Turma do STF a 21 anos e seis meses de pris\u00e3o<\/strong> por crimes relacionados \u00e0 elabora\u00e7\u00e3o da minuta golpista. Como o processo ainda permite recursos (n\u00e3o houve tr\u00e2nsito em julgado), ele aguardava o andamento das apela\u00e7\u00f5es sob medidas cautelares, que agora foram revogadas.<\/p>\n\n\n\n<p class=\"wp-block-paragraph\">\u200bAp\u00f3s ser detido, Martins foi encaminhado para um pres\u00eddio da regi\u00e3o de Ponta Grossa.<\/p>\n","protected":false},"excerpt":{"rendered":"<p>A Pol\u00edcia Federal (PF) prendeu, na manh\u00e3 desta sexta-feira (2), Filipe Martins, ex-assessor especial para Assuntos Internacionais do ex-presidente Jair Bolsonaro. A deten\u00e7\u00e3o ocorreu em [&#8230;]<\/p>\n","protected":false},"author":1,"featured_media":1291,"comment_status":"open","ping_status":"open","sticky":false,"template":"","format":"standard","meta":{"_crdt_document":"","_jetpack_memberships_contains_paid_content":false,"footnotes":"","jetpack_publicize_message":"","jetpack_publicize_feature_enabled":true,"jetpack_social_post_already_shared":true,"jetpack_social_options":{"image_generator_settings":{"template":"highway","default_image_id":0,"font":"","enabled":false},"version":2}},"categories":[8],"tags":[],"class_list":["post-1290","post","type-post","status-publish","format-standard","has-post-thumbnail","hentry","category-judiciario"],"jetpack_publicize_connections":[],"jetpack_featured_media_url":"https:\/\/i0.wp.com\/oexpressobr.com.br\/wp-content\/uploads\/2026\/01\/filipe-martins.jpg?fit=984%2C607&ssl=1","jetpack_likes_enabled":true,"jetpack_sharing_enabled":true,"_links":{"self":[{"href":"https:\/\/oexpressobr.com.br\/index.php?rest_route=\/wp\/v2\/posts\/1290","targetHints":{"allow":["GET"]}}],"collection":[{"href":"https:\/\/oexpressobr.com.br\/index.php?rest_route=\/wp\/v2\/posts"}],"about":[{"href":"https:\/\/oexpressobr.com.br\/index.php?rest_route=\/wp\/v2\/types\/post"}],"author":[{"embeddable":true,"href":"https:\/\/oexpressobr.com.br\/index.php?rest_route=\/wp\/v2\/users\/1"}],"replies":[{"embeddable":true,"href":"https:\/\/oexpressobr.com.br\/index.php?rest_route=%2Fwp%2Fv2%2Fcomments&post=1290"}],"version-history":[{"count":1,"href":"https:\/\/oexpressobr.com.br\/index.php?rest_route=\/wp\/v2\/posts\/1290\/revisions"}],"predecessor-version":[{"id":1292,"href":"https:\/\/oexpressobr.com.br\/index.php?rest_route=\/wp\/v2\/posts\/1290\/revisions\/1292"}],"wp:featuredmedia":[{"embeddable":true,"href":"https:\/\/oexpressobr.com.br\/index.php?rest_route=\/wp\/v2\/media\/1291"}],"wp:attachment":[{"href":"https:\/\/oexpressobr.com.br\/index.php?rest_route=%2Fwp%2Fv2%2Fmedia&parent=1290"}],"wp:term":[{"taxonomy":"category","embeddable":true,"href":"https:\/\/oexpressobr.com.br\/index.php?rest_route=%2Fwp%2Fv2%2Fcategories&post=1290"},{"taxonomy":"post_tag","embeddable":true,"href":"https:\/\/oexpressobr.com.br\/index.php?rest_route=%2Fwp%2Fv2%2Ftags&post=1290"}],"curies":[{"name":"wp","href":"https:\/\/api.w.org\/{rel}","templated":true}]}}