{"id":1293,"date":"2026-01-02T09:09:16","date_gmt":"2026-01-02T12:09:16","guid":{"rendered":"https:\/\/oexpressobr.com.br\/?p=1293"},"modified":"2026-01-02T09:09:17","modified_gmt":"2026-01-02T12:09:17","slug":"vandalismo-em-curitiba-mulher-e-flagrada-arrancando-40-mudas-de-arvores-plantadas-por-voluntarios-no-bairro-santa-quiteria","status":"publish","type":"post","link":"https:\/\/oexpressobr.com.br\/?p=1293","title":{"rendered":"Vandalismo em Curitiba: Mulher \u00e9 flagrada arrancando 40 mudas de \u00e1rvores plantadas por volunt\u00e1rios no bairro Santa Quit\u00e9ria"},"content":{"rendered":"\n<p class=\"wp-block-paragraph\">Um ato de vandalismo ambiental chocou moradores de Curitiba e mobilizou as redes sociais nesta semana. Uma mulher, ainda n\u00e3o identificada oficialmente pelas autoridades, foi filmada destruindo cerca de <strong>40 mudas de \u00e1rvores<\/strong> que haviam sido plantadas por volunt\u00e1rios em uma cal\u00e7ada no bairro Santa Quit\u00e9ria.<\/p>\n\n\n\n<p class=\"wp-block-paragraph\">\u200bAs imagens de seguran\u00e7a mostram a mulher caminhando calmamente pela via enquanto, de forma sistem\u00e1tica, arranca as plantas do solo e as arremessa na rua.<\/p>\n\n\n\n<h3 class=\"wp-block-heading\">\u200bO esfor\u00e7o coletivo destru\u00eddo<\/h3>\n\n\n\n<p class=\"wp-block-paragraph\">\u200bAs \u00e1rvores faziam parte de uma iniciativa local para arboriza\u00e7\u00e3o urbana, um esfor\u00e7o comum na capital paranaense, que \u00e9 refer\u00eancia em \u00e1reas verdes. O plantio havia sido realizado dias antes por um grupo de moradores e volunt\u00e1rios que buscavam melhorar o microclima e a est\u00e9tica da regi\u00e3o.<\/p>\n\n\n\n<p class=\"wp-block-paragraph\">\u200bDe acordo com relatos de testemunhas e membros do projeto de arboriza\u00e7\u00e3o:<\/p>\n\n\n\n<ul class=\"wp-block-list\">\n<li>\u200bAs mudas eram de esp\u00e9cies nativas adequadas para o ambiente urbano.<\/li>\n\n\n\n<li>\u200bO preju\u00edzo n\u00e3o \u00e9 apenas financeiro, mas ambiental e comunit\u00e1rio.<\/li>\n\n\n\n<li>\u200bO grupo de volunt\u00e1rios levou meses planejando a a\u00e7\u00e3o e obtendo as autoriza\u00e7\u00f5es necess\u00e1rias.<\/li>\n<\/ul>\n\n\n\n<h3 class=\"wp-block-heading\">\u200bO que dizem as autoridades e a lei<\/h3>\n\n\n\n<p class=\"wp-block-paragraph\">\u200bA <strong>Prefeitura de Curitiba<\/strong> e a <strong>Guarda Municipal<\/strong> j\u00e1 foram notificadas sobre o ocorrido. O caso est\u00e1 sendo tratado como crime ambiental e dano ao patrim\u00f4nio p\u00fablico\/privado.<\/p>\n\n\n\n<blockquote class=\"wp-block-quote is-layout-flow wp-block-quote-is-layout-flow\">\n<p class=\"wp-block-paragraph\">\u200b<strong>Nota T\u00e9cnica:<\/strong> De acordo com a Lei de Crimes Ambientais (Lei n\u00ba 9.605\/1998), destruir, danificar, lesar ou maltratar, por qualquer modo ou meio, plantas de ornamenta\u00e7\u00e3o de logradouros p\u00fablicos ou em propriedade alheia pode resultar em deten\u00e7\u00e3o e multa.<\/p>\n<\/blockquote>\n\n\n\n<h3 class=\"wp-block-heading\">\u200bRepercuss\u00e3o e pr\u00f3ximos passos<\/h3>\n\n\n\n<p class=\"wp-block-paragraph\">\u200bO v\u00eddeo rapidamente viralizou, gerando uma onda de indigna\u00e7\u00e3o. Internautas e moradores do bairro Santa Quit\u00e9ria se organizaram para realizar um <strong>novo mutir\u00e3o de plantio<\/strong> no pr\u00f3ximo final de semana, demonstrando resist\u00eancia ao ato de vandalismo.<\/p>\n\n\n\n<p class=\"wp-block-paragraph\">\u200bAt\u00e9 o momento, a motiva\u00e7\u00e3o da mulher permanece desconhecida. Moradores locais afirmam que ela reside na regi\u00e3o, mas a pol\u00edcia ainda trabalha na identifica\u00e7\u00e3o formal para que as medidas legais sejam tomadas.<\/p>\n","protected":false},"excerpt":{"rendered":"<p>Um ato de vandalismo ambiental chocou moradores de Curitiba e mobilizou as redes sociais nesta semana. Uma mulher, ainda n\u00e3o identificada oficialmente pelas autoridades, foi [&#8230;]<\/p>\n","protected":false},"author":1,"featured_media":1294,"comment_status":"open","ping_status":"open","sticky":false,"template":"","format":"standard","meta":{"_crdt_document":"","_jetpack_memberships_contains_paid_content":false,"footnotes":"","jetpack_publicize_message":"","jetpack_publicize_feature_enabled":true,"jetpack_social_post_already_shared":true,"jetpack_social_options":{"image_generator_settings":{"template":"highway","default_image_id":0,"font":"","enabled":false},"version":2}},"categories":[32],"tags":[],"class_list":["post-1293","post","type-post","status-publish","format-standard","has-post-thumbnail","hentry","category-meio-ambiente"],"jetpack_publicize_connections":[],"jetpack_featured_media_url":"https:\/\/i0.wp.com\/oexpressobr.com.br\/wp-content\/uploads\/2026\/01\/IMG-20260102-WA0068.jpg?fit=984%2C554&ssl=1","jetpack_likes_enabled":true,"jetpack_sharing_enabled":true,"_links":{"self":[{"href":"https:\/\/oexpressobr.com.br\/index.php?rest_route=\/wp\/v2\/posts\/1293","targetHints":{"allow":["GET"]}}],"collection":[{"href":"https:\/\/oexpressobr.com.br\/index.php?rest_route=\/wp\/v2\/posts"}],"about":[{"href":"https:\/\/oexpressobr.com.br\/index.php?rest_route=\/wp\/v2\/types\/post"}],"author":[{"embeddable":true,"href":"https:\/\/oexpressobr.com.br\/index.php?rest_route=\/wp\/v2\/users\/1"}],"replies":[{"embeddable":true,"href":"https:\/\/oexpressobr.com.br\/index.php?rest_route=%2Fwp%2Fv2%2Fcomments&post=1293"}],"version-history":[{"count":1,"href":"https:\/\/oexpressobr.com.br\/index.php?rest_route=\/wp\/v2\/posts\/1293\/revisions"}],"predecessor-version":[{"id":1295,"href":"https:\/\/oexpressobr.com.br\/index.php?rest_route=\/wp\/v2\/posts\/1293\/revisions\/1295"}],"wp:featuredmedia":[{"embeddable":true,"href":"https:\/\/oexpressobr.com.br\/index.php?rest_route=\/wp\/v2\/media\/1294"}],"wp:attachment":[{"href":"https:\/\/oexpressobr.com.br\/index.php?rest_route=%2Fwp%2Fv2%2Fmedia&parent=1293"}],"wp:term":[{"taxonomy":"category","embeddable":true,"href":"https:\/\/oexpressobr.com.br\/index.php?rest_route=%2Fwp%2Fv2%2Fcategories&post=1293"},{"taxonomy":"post_tag","embeddable":true,"href":"https:\/\/oexpressobr.com.br\/index.php?rest_route=%2Fwp%2Fv2%2Ftags&post=1293"}],"curies":[{"name":"wp","href":"https:\/\/api.w.org\/{rel}","templated":true}]}}