{"id":1296,"date":"2026-01-02T09:13:43","date_gmt":"2026-01-02T12:13:43","guid":{"rendered":"https:\/\/oexpressobr.com.br\/?p=1296"},"modified":"2026-01-02T09:13:45","modified_gmt":"2026-01-02T12:13:45","slug":"governo-lula-bate-recorde-historico-com-pagamento-de-r-315-bilhoes-em-emendas-em-2025","status":"publish","type":"post","link":"https:\/\/oexpressobr.com.br\/?p=1296","title":{"rendered":"Governo Lula bate recorde hist\u00f3rico com pagamento de R$ 31,5 bilh\u00f5es em emendas em 2025"},"content":{"rendered":"\n<p class=\"wp-block-paragraph\">O governo do presidente Luiz In\u00e1cio Lula da Silva encerrou o ano de 2025 estabelecendo um novo marco na rela\u00e7\u00e3o financeira com o Legislativo. Segundo dados extra\u00eddos do Sistema Integrado de Planejamento e Or\u00e7amento (Siop) em 31 de dezembro, o Pal\u00e1cio do Planalto desembolsou <strong>R$ 31,5 bilh\u00f5es<\/strong> em emendas parlamentares, o maior volume j\u00e1 pago em um \u00fanico exerc\u00edcio financeiro na hist\u00f3ria do Brasil.<\/p>\n\n\n\n<p class=\"wp-block-paragraph\">\u200bO montante recorde reflete a estrat\u00e9gia do Executivo para garantir governabilidade e destravar pautas priorit\u00e1rias em um Congresso Nacional cada vez mais empoderado sobre o Or\u00e7amento da Uni\u00e3o.<\/p>\n\n\n\n<h3 class=\"wp-block-heading\">\u200bRadiografia dos pagamentos<\/h3>\n\n\n\n<p class=\"wp-block-paragraph\">\u200bDos mais de <strong>R$ 48,5 bilh\u00f5es<\/strong> autorizados para emendas em 2025, o governo conseguiu empenhar (reservar formalmente) cerca de 95% do total. A execu\u00e7\u00e3o financeira efetiva, que resultou nos R$ 31,5 bilh\u00f5es pagos, seguiu a seguinte distribui\u00e7\u00e3o:<\/p>\n\n\n\n<ul class=\"wp-block-list\">\n<li>\u200b<strong>Emendas Individuais:<\/strong> R$ 19,9 bilh\u00f5es (pagamento obrigat\u00f3rio).<\/li>\n\n\n\n<li>\u200b<strong>Emendas de Bancada:<\/strong> R$ 6,3 bilh\u00f5es (pagamento obrigat\u00f3rio).<\/li>\n\n\n\n<li>\u200b<strong>Emendas de Comiss\u00e3o:<\/strong> R$ 5,3 bilh\u00f5es (n\u00e3o impositivas, com execu\u00e7\u00e3o de 47,4%).<\/li>\n<\/ul>\n\n\n\n<p class=\"wp-block-paragraph\">\u200bA reta final de dezembro foi decisiva para atingir essa cifra. Somente na semana do Natal, o governo liberou <strong>R$ 1,5 bilh\u00e3o<\/strong>, coincidindo com a aprova\u00e7\u00e3o do Or\u00e7amento de 2026 e a manuten\u00e7\u00e3o de vetos presidenciais importantes.<\/p>\n\n\n\n<h3 class=\"wp-block-heading\">\u200bO novo cen\u00e1rio para 2026<\/h3>\n\n\n\n<p class=\"wp-block-paragraph\">\u200bAl\u00e9m do recorde de pagamentos, o governo Lula sancionou, no dia 1\u00ba de janeiro de 2026, a Lei de Diretrizes Or\u00e7ament\u00e1rias (LDO) com uma mudan\u00e7a estrutural in\u00e9dita: a cria\u00e7\u00e3o de um <strong>calend\u00e1rio impositivo de pagamentos<\/strong>.<\/p>\n\n\n\n<blockquote class=\"wp-block-quote is-layout-flow wp-block-quote-is-layout-flow\">\n<p class=\"wp-block-paragraph\">\u200b<strong>Nota:<\/strong> Pela primeira vez, o Executivo ser\u00e1 obrigado por lei a liberar pelo menos <strong>65% das emendas individuais e de bancada at\u00e9 julho<\/strong>, garantindo que os parlamentares tenham acesso aos recursos antes do per\u00edodo das elei\u00e7\u00f5es municipais e estaduais.<\/p>\n<\/blockquote>\n\n\n\n<h3 class=\"wp-block-heading\">\u200bImpacto pol\u00edtico<\/h3>\n\n\n\n<p class=\"wp-block-paragraph\">\u200bO crescimento das emendas \u00e9 vertiginoso: em 2016, o valor autorizado era de R$ 9 bilh\u00f5es; em dez anos, o montante saltou para quase R$ 50 bilh\u00f5es. Especialistas apontam que, embora o pagamento recorde tenha reduzido as tens\u00f5es com o presidente da C\u00e2mara e do Senado, ele aumenta a rigidez do or\u00e7amento federal, deixando menos margem para investimentos diretos dos minist\u00e9rios.<\/p>\n\n\n\n<p class=\"wp-block-paragraph\">\u200bOs valores que foram empenhados mas n\u00e3o pagos em 2025 (cerca de R$ 15 bilh\u00f5es) foram transferidos para a conta de <strong>&#8220;restos a pagar&#8221;<\/strong>, mantendo a press\u00e3o sobre o caixa da Uni\u00e3o para os primeiros meses de 2026.<\/p>\n","protected":false},"excerpt":{"rendered":"<p>O governo do presidente Luiz In\u00e1cio Lula da Silva encerrou o ano de 2025 estabelecendo um novo marco na rela\u00e7\u00e3o financeira com o Legislativo. Segundo [&#8230;]<\/p>\n","protected":false},"author":1,"featured_media":1297,"comment_status":"open","ping_status":"open","sticky":false,"template":"","format":"standard","meta":{"_crdt_document":"","_jetpack_memberships_contains_paid_content":false,"footnotes":"","jetpack_publicize_message":"","jetpack_publicize_feature_enabled":true,"jetpack_social_post_already_shared":true,"jetpack_social_options":{"image_generator_settings":{"template":"highway","default_image_id":0,"font":"","enabled":false},"version":2}},"categories":[3],"tags":[],"class_list":["post-1296","post","type-post","status-publish","format-standard","has-post-thumbnail","hentry","category-brasil"],"jetpack_publicize_connections":[],"jetpack_featured_media_url":"https:\/\/i0.wp.com\/oexpressobr.com.br\/wp-content\/uploads\/2026\/01\/IMG-20260102-WA0066.jpg?fit=1600%2C1064&ssl=1","jetpack_likes_enabled":true,"jetpack_sharing_enabled":true,"_links":{"self":[{"href":"https:\/\/oexpressobr.com.br\/index.php?rest_route=\/wp\/v2\/posts\/1296","targetHints":{"allow":["GET"]}}],"collection":[{"href":"https:\/\/oexpressobr.com.br\/index.php?rest_route=\/wp\/v2\/posts"}],"about":[{"href":"https:\/\/oexpressobr.com.br\/index.php?rest_route=\/wp\/v2\/types\/post"}],"author":[{"embeddable":true,"href":"https:\/\/oexpressobr.com.br\/index.php?rest_route=\/wp\/v2\/users\/1"}],"replies":[{"embeddable":true,"href":"https:\/\/oexpressobr.com.br\/index.php?rest_route=%2Fwp%2Fv2%2Fcomments&post=1296"}],"version-history":[{"count":1,"href":"https:\/\/oexpressobr.com.br\/index.php?rest_route=\/wp\/v2\/posts\/1296\/revisions"}],"predecessor-version":[{"id":1298,"href":"https:\/\/oexpressobr.com.br\/index.php?rest_route=\/wp\/v2\/posts\/1296\/revisions\/1298"}],"wp:featuredmedia":[{"embeddable":true,"href":"https:\/\/oexpressobr.com.br\/index.php?rest_route=\/wp\/v2\/media\/1297"}],"wp:attachment":[{"href":"https:\/\/oexpressobr.com.br\/index.php?rest_route=%2Fwp%2Fv2%2Fmedia&parent=1296"}],"wp:term":[{"taxonomy":"category","embeddable":true,"href":"https:\/\/oexpressobr.com.br\/index.php?rest_route=%2Fwp%2Fv2%2Fcategories&post=1296"},{"taxonomy":"post_tag","embeddable":true,"href":"https:\/\/oexpressobr.com.br\/index.php?rest_route=%2Fwp%2Fv2%2Ftags&post=1296"}],"curies":[{"name":"wp","href":"https:\/\/api.w.org\/{rel}","templated":true}]}}