{"id":1311,"date":"2026-01-02T15:40:35","date_gmt":"2026-01-02T18:40:35","guid":{"rendered":"https:\/\/oexpressobr.com.br\/?p=1311"},"modified":"2026-01-02T15:40:37","modified_gmt":"2026-01-02T18:40:37","slug":"pf-determina-retorno-de-eduardo-bolsonaro-ao-cargo-de-escrivao-apos-cassacao-de-mandato","status":"publish","type":"post","link":"https:\/\/oexpressobr.com.br\/?p=1311","title":{"rendered":"Pf determina retorno de Eduardo Bolsonaro ao cargo de escriv\u00e3o ap\u00f3s cassa\u00e7\u00e3o de mandato"},"content":{"rendered":"\n<p class=\"wp-block-paragraph\">A <strong>Pol\u00edcia Federal (PF)<\/strong> publicou, nesta sexta-feira (2 de janeiro de 2026), uma determina\u00e7\u00e3o para o retorno imediato de <strong>Eduardo Bolsonaro<\/strong> ao cargo de escriv\u00e3o da corpora\u00e7\u00e3o. O ex-parlamentar estava afastado de suas fun\u00e7\u00f5es t\u00e9cnicas para exercer o mandato de deputado federal, mas teve o cargo cassado pela C\u00e2mara dos Deputados em dezembro de 2025.<\/p>\n\n\n\n<h3 class=\"wp-block-heading\">\u200bDetalhes da decis\u00e3o e situa\u00e7\u00e3o funcional<\/h3>\n\n\n\n<p class=\"wp-block-paragraph\">\u200bO ato declarat\u00f3rio, assinado pelo diretor de Gest\u00e3o de Pessoas da PF, estabelece a &#8220;cessa\u00e7\u00e3o do afastamento para exerc\u00edcio de mandato eletivo&#8221; com efeitos retroativos a 19 de dezembro de 2025. Eduardo deve se apresentar na Delegacia da Pol\u00edcia Federal em <strong>Angra dos Reis (RJ)<\/strong>, unidade onde est\u00e1 lotado.<\/p>\n\n\n\n<p class=\"wp-block-paragraph\">\u200bA corpora\u00e7\u00e3o foi enf\u00e1tica ao alertar que o n\u00e3o cumprimento da ordem pode acarretar puni\u00e7\u00f5es:<\/p>\n\n\n\n<blockquote class=\"wp-block-quote is-layout-flow wp-block-quote-is-layout-flow\">\n<p class=\"wp-block-paragraph\">\u200b&#8221;A aus\u00eancia injustificada poder\u00e1 ensejar a ado\u00e7\u00e3o das provid\u00eancias administrativas e disciplinares cab\u00edveis&#8221;, diz o texto publicado no Di\u00e1rio Oficial da Uni\u00e3o.<\/p>\n<\/blockquote>\n\n\n\n<h3 class=\"wp-block-heading\">\u200bContexto da cassa\u00e7\u00e3o<\/h3>\n\n\n\n<p class=\"wp-block-paragraph\">\u200bA perda do mandato de Eduardo Bolsonaro ocorreu devido ao <strong>excesso de faltas<\/strong> \u00e0s sess\u00f5es deliberativas da C\u00e2mara. Segundo o regimento interno e a Constitui\u00e7\u00e3o, parlamentares que faltam a mais de um ter\u00e7o das sess\u00f5es sem justificativa perdem o cargo.<\/p>\n\n\n\n<p class=\"wp-block-paragraph\">\u200bDesde o in\u00edcio de 2025, Eduardo reside nos <strong>Estados Unidos<\/strong>, alegando sofrer persegui\u00e7\u00e3o pol\u00edtica e judicial no Brasil. Recentemente, al\u00e9m da cassa\u00e7\u00e3o, ele teve seu passaporte diplom\u00e1tico cancelado e \u00e9 alvo de investiga\u00e7\u00f5es no Supremo Tribunal Federal (STF) por condutas que incluem a articula\u00e7\u00e3o de san\u00e7\u00f5es internacionais contra autoridades brasileiras.<\/p>\n\n\n\n<h3 class=\"wp-block-heading\">\u200bResumo dos principais pontos<\/h3>\n\n\n\n<ul class=\"wp-block-list\">\n<li>\u200b<strong>Cargo:<\/strong> Escriv\u00e3o da Pol\u00edcia Federal (concursado).<\/li>\n\n\n\n<li>\u200b<strong>Lota\u00e7\u00e3o:<\/strong> Angra dos Reis, Rio de Janeiro.<\/li>\n\n\n\n<li>\u200b<strong>Motivo do retorno:<\/strong> Perda do mandato parlamentar por absente\u00edsmo.<\/li>\n\n\n\n<li>\u200b<strong>Situa\u00e7\u00e3o atual:<\/strong> O ex-deputado permanece no exterior e n\u00e3o se manifestou sobre a notifica\u00e7\u00e3o at\u00e9 o momento.<\/li>\n<\/ul>\n","protected":false},"excerpt":{"rendered":"<p>A Pol\u00edcia Federal (PF) publicou, nesta sexta-feira (2 de janeiro de 2026), uma determina\u00e7\u00e3o para o retorno imediato de Eduardo Bolsonaro ao cargo de escriv\u00e3o [&#8230;]<\/p>\n","protected":false},"author":1,"featured_media":1312,"comment_status":"open","ping_status":"open","sticky":false,"template":"","format":"standard","meta":{"_crdt_document":"","_jetpack_memberships_contains_paid_content":false,"footnotes":"","jetpack_publicize_message":"","jetpack_publicize_feature_enabled":true,"jetpack_social_post_already_shared":true,"jetpack_social_options":{"image_generator_settings":{"template":"highway","default_image_id":0,"font":"","enabled":false},"version":2}},"categories":[9],"tags":[],"class_list":["post-1311","post","type-post","status-publish","format-standard","has-post-thumbnail","hentry","category-policia"],"jetpack_publicize_connections":[],"jetpack_featured_media_url":"https:\/\/i0.wp.com\/oexpressobr.com.br\/wp-content\/uploads\/2026\/01\/IMG-20260102-WA0171.jpg?fit=750%2C500&ssl=1","jetpack_likes_enabled":true,"jetpack_sharing_enabled":true,"_links":{"self":[{"href":"https:\/\/oexpressobr.com.br\/index.php?rest_route=\/wp\/v2\/posts\/1311","targetHints":{"allow":["GET"]}}],"collection":[{"href":"https:\/\/oexpressobr.com.br\/index.php?rest_route=\/wp\/v2\/posts"}],"about":[{"href":"https:\/\/oexpressobr.com.br\/index.php?rest_route=\/wp\/v2\/types\/post"}],"author":[{"embeddable":true,"href":"https:\/\/oexpressobr.com.br\/index.php?rest_route=\/wp\/v2\/users\/1"}],"replies":[{"embeddable":true,"href":"https:\/\/oexpressobr.com.br\/index.php?rest_route=%2Fwp%2Fv2%2Fcomments&post=1311"}],"version-history":[{"count":1,"href":"https:\/\/oexpressobr.com.br\/index.php?rest_route=\/wp\/v2\/posts\/1311\/revisions"}],"predecessor-version":[{"id":1313,"href":"https:\/\/oexpressobr.com.br\/index.php?rest_route=\/wp\/v2\/posts\/1311\/revisions\/1313"}],"wp:featuredmedia":[{"embeddable":true,"href":"https:\/\/oexpressobr.com.br\/index.php?rest_route=\/wp\/v2\/media\/1312"}],"wp:attachment":[{"href":"https:\/\/oexpressobr.com.br\/index.php?rest_route=%2Fwp%2Fv2%2Fmedia&parent=1311"}],"wp:term":[{"taxonomy":"category","embeddable":true,"href":"https:\/\/oexpressobr.com.br\/index.php?rest_route=%2Fwp%2Fv2%2Fcategories&post=1311"},{"taxonomy":"post_tag","embeddable":true,"href":"https:\/\/oexpressobr.com.br\/index.php?rest_route=%2Fwp%2Fv2%2Ftags&post=1311"}],"curies":[{"name":"wp","href":"https:\/\/api.w.org\/{rel}","templated":true}]}}