{"id":1323,"date":"2026-01-03T05:45:44","date_gmt":"2026-01-03T08:45:44","guid":{"rendered":"https:\/\/oexpressobr.com.br\/?p=1323"},"modified":"2026-01-03T05:45:45","modified_gmt":"2026-01-03T08:45:45","slug":"sanepar-e-governo-do-estado-enfrentam-criticas-durante-a-virada-de-ano","status":"publish","type":"post","link":"https:\/\/oexpressobr.com.br\/?p=1323","title":{"rendered":"Sanepar e Governo do Estado enfrentam cr\u00edticas durante a virada de ano"},"content":{"rendered":"\n<p class=\"wp-block-paragraph\">A celebra\u00e7\u00e3o da chegada de 2026 em Guaratuba, no litoral do Paran\u00e1, foi marcada por um cen\u00e1rio de indigna\u00e7\u00e3o e transtornos. Pelo terceiro ano consecutivo, moradores e os mais de 500 mil turistas que escolheram o balne\u00e1rio para o R\u00e9veillon sofreram com a falta cr\u00f4nica de \u00e1gua. O problema, que se arrasta desde o dia 23 de dezembro, exp\u00f5e falhas na infraestrutura da Sanepar e gera cobran\u00e7as diretas ao governador Ratinho J\u00fanior.<\/p>\n\n\n\n<h3 class=\"wp-block-heading\">\u200bO &#8220;R\u00e9veillon a seco&#8221; e o caos nas resid\u00eancias<\/h3>\n\n\n\n<p class=\"wp-block-paragraph\">\u200bEmbora a Sanepar tenha atribu\u00eddo o agravamento da situa\u00e7\u00e3o ao rompimento de uma adutora de grande porte na \u00faltima segunda-feira (29), relatos colhidos pela reportagem indicam que o desabastecimento come\u00e7ou muito antes. Em diversos bairros, como Centro, Brejatuba, Cohapar e Coroados, as torneiras ficaram secas por dias, for\u00e7ando veranistas a improvisarem banhos com \u00e1gua da chuva ou a buscarem bicas p\u00fablicas.<\/p>\n\n\n\n<p class=\"wp-block-paragraph\">\u200b&#8221;Todo ano \u00e9 a mesma coisa. O governador exalta a obra da ponte, mas n\u00e3o resolve o b\u00e1sico, que \u00e9 \u00e1gua na torneira&#8221;, desabafou uma moradora local. O contraste entre o investimento na Ponte de Guaratuba e a incapacidade de garantir o saneamento b\u00e1sico tornou-se o principal ponto de cr\u00edtica nas redes sociais e entre comerciantes, que precisaram fechar as portas em plena temporada de alto faturamento.<\/p>\n\n\n\n<h3 class=\"wp-block-heading\">\u200bA resposta da Sanepar e do Governo<\/h3>\n\n\n\n<p class=\"wp-block-paragraph\">\u200bA Sanepar informou que mobilizou uma for\u00e7a-tarefa, incluindo o uso de helic\u00f3pteros para transporte de insumos e escolta policial para agilizar reparos. Segundo a companhia, a estrat\u00e9gia atual foca na &#8220;gest\u00e3o de press\u00e3o&#8221;, o que, na pr\u00e1tica, significa reduzir a for\u00e7a da \u00e1gua em determinados per\u00edodos para recuperar os reservat\u00f3rios.<\/p>\n\n\n\n<p class=\"wp-block-paragraph\">\u200bEntretanto, quando o abastecimento come\u00e7a a ser retomado, uma nova reclama\u00e7\u00e3o surge: a qualidade da \u00e1gua. Consumidores relatam que o l\u00edquido tem chegado \u00e0s casas com colora\u00e7\u00e3o escura, turbidez elevada e, em alguns casos, gosto salgado.<\/p>\n\n\n\n<p class=\"wp-block-paragraph\">\u200bAt\u00e9 o momento, o Governo do Estado n\u00e3o emitiu uma nota oficial detalhada sobre a recorr\u00eancia do problema no litoral. Enquanto isso, o deputado estadual Ney Leprevost anunciou que pretende convocar uma audi\u00eancia p\u00fablica logo ap\u00f3s o recesso parlamentar para exigir explica\u00e7\u00f5es da diretoria da Sanepar e cobrar investimentos reais que impe\u00e7am a repeti\u00e7\u00e3o desse cen\u00e1rio em 2027.<\/p>\n\n\n\n<h3 class=\"wp-block-heading\">\u200bImpacto no turismo<\/h3>\n\n\n\n<p class=\"wp-block-paragraph\">\u200bO preju\u00edzo econ\u00f4mico \u00e9 incalcul\u00e1vel. Hot\u00e9is e casas de aluguel registraram cancelamentos e partidas antecipadas de turistas frustrados. Para muitos, a &#8220;Virada em Guaratuba&#8221; tornou-se sin\u00f4nimo de falta de higiene e descaso p\u00fablico, manchando a imagem de um dos destinos mais tradicionais do Paran\u00e1.<\/p>\n\n\n\n<p class=\"wp-block-paragraph\">\u200bA previs\u00e3o da Sanepar \u00e9 de que o sistema seja normalizado gradualmente, mas o alerta de &#8220;novas interrup\u00e7\u00f5es tempor\u00e1rias na press\u00e3o&#8221; permanece ativo, mantendo a popula\u00e7\u00e3o em estado de vigil\u00e2ncia e desconfian\u00e7a.<\/p>\n","protected":false},"excerpt":{"rendered":"<p>A celebra\u00e7\u00e3o da chegada de 2026 em Guaratuba, no litoral do Paran\u00e1, foi marcada por um cen\u00e1rio de indigna\u00e7\u00e3o e transtornos. Pelo terceiro ano consecutivo, [&#8230;]<\/p>\n","protected":false},"author":1,"featured_media":1324,"comment_status":"open","ping_status":"open","sticky":false,"template":"","format":"standard","meta":{"_crdt_document":"","_jetpack_memberships_contains_paid_content":false,"footnotes":"","jetpack_publicize_message":"","jetpack_publicize_feature_enabled":true,"jetpack_social_post_already_shared":true,"jetpack_social_options":{"image_generator_settings":{"template":"highway","default_image_id":0,"font":"","enabled":false},"version":2}},"categories":[5],"tags":[],"class_list":["post-1323","post","type-post","status-publish","format-standard","has-post-thumbnail","hentry","category-parana"],"jetpack_publicize_connections":[],"jetpack_featured_media_url":"https:\/\/i0.wp.com\/oexpressobr.com.br\/wp-content\/uploads\/2026\/01\/3.jpg?fit=440%2C296&ssl=1","jetpack_likes_enabled":true,"jetpack_sharing_enabled":true,"_links":{"self":[{"href":"https:\/\/oexpressobr.com.br\/index.php?rest_route=\/wp\/v2\/posts\/1323","targetHints":{"allow":["GET"]}}],"collection":[{"href":"https:\/\/oexpressobr.com.br\/index.php?rest_route=\/wp\/v2\/posts"}],"about":[{"href":"https:\/\/oexpressobr.com.br\/index.php?rest_route=\/wp\/v2\/types\/post"}],"author":[{"embeddable":true,"href":"https:\/\/oexpressobr.com.br\/index.php?rest_route=\/wp\/v2\/users\/1"}],"replies":[{"embeddable":true,"href":"https:\/\/oexpressobr.com.br\/index.php?rest_route=%2Fwp%2Fv2%2Fcomments&post=1323"}],"version-history":[{"count":1,"href":"https:\/\/oexpressobr.com.br\/index.php?rest_route=\/wp\/v2\/posts\/1323\/revisions"}],"predecessor-version":[{"id":1325,"href":"https:\/\/oexpressobr.com.br\/index.php?rest_route=\/wp\/v2\/posts\/1323\/revisions\/1325"}],"wp:featuredmedia":[{"embeddable":true,"href":"https:\/\/oexpressobr.com.br\/index.php?rest_route=\/wp\/v2\/media\/1324"}],"wp:attachment":[{"href":"https:\/\/oexpressobr.com.br\/index.php?rest_route=%2Fwp%2Fv2%2Fmedia&parent=1323"}],"wp:term":[{"taxonomy":"category","embeddable":true,"href":"https:\/\/oexpressobr.com.br\/index.php?rest_route=%2Fwp%2Fv2%2Fcategories&post=1323"},{"taxonomy":"post_tag","embeddable":true,"href":"https:\/\/oexpressobr.com.br\/index.php?rest_route=%2Fwp%2Fv2%2Ftags&post=1323"}],"curies":[{"name":"wp","href":"https:\/\/api.w.org\/{rel}","templated":true}]}}