{"id":1326,"date":"2026-01-03T05:55:23","date_gmt":"2026-01-03T08:55:23","guid":{"rendered":"https:\/\/oexpressobr.com.br\/?p=1326"},"modified":"2026-01-03T05:55:24","modified_gmt":"2026-01-03T08:55:24","slug":"mp-abre-procedimento-criminal-contra-gestores-da-sanepar-apos-denuncia-do-conseg-em-guaratuba","status":"publish","type":"post","link":"https:\/\/oexpressobr.com.br\/?p=1326","title":{"rendered":"MP abre procedimento criminal contra gestores da Sanepar ap\u00f3s den\u00fancia do CONSEG em Guaratuba"},"content":{"rendered":"\n<p class=\"wp-block-paragraph\">\u200bA crise no abastecimento de \u00e1gua em <strong>Guaratuba<\/strong>, que castiga moradores e turistas neste in\u00edcio de <strong>2026<\/strong>, tomou um rumo jur\u00eddico severo. O <strong>Minist\u00e9rio P\u00fablico do Paran\u00e1 (MPPR)<\/strong> oficializou a abertura de um procedimento criminal para investigar a conduta dos gestores da <strong>Sanepar<\/strong>, atendendo a uma representa\u00e7\u00e3o protocolada pelo <strong>Conselho Comunit\u00e1rio de Seguran\u00e7a (CONSEG)<\/strong> do munic\u00edpio.<\/p>\n\n\n\n<p class=\"wp-block-paragraph\">\u200bO presidente do CONSEG, que lidera a den\u00fancia, aponta uma contradi\u00e7\u00e3o inaceit\u00e1vel: enquanto o Governo do Estado e a companhia anunciam <strong>&#8220;obras milion\u00e1rias&#8221;<\/strong> e investimentos em infraestrutura \u2014 como a Ponte de Guaratuba e novos reservat\u00f3rios \u2014, a popula\u00e7\u00e3o enfrenta torneiras secas pelo terceiro ano consecutivo em plena temporada de ver\u00e3o.<\/p>\n\n\n\n<h3 class=\"wp-block-heading\">\u200bO Contraste entre Investimento e Realidade<\/h3>\n\n\n\n<p class=\"wp-block-paragraph\">\u200bA den\u00fancia do Conselho destaca que a falta de planejamento e a inefici\u00eancia operacional est\u00e3o prejudicando a sa\u00fade p\u00fablica e a economia local.<\/p>\n\n\n\n<ul class=\"wp-block-list\">\n<li>\u200b<strong>Obras Milion\u00e1rias:<\/strong> O CONSEG questiona o destino dos recursos, citando que os altos valores investidos n\u00e3o se traduzem em seguran\u00e7a h\u00eddrica.<\/li>\n\n\n\n<li>\u200b<strong>Caos no R\u00e9veillon:<\/strong> Turistas e residentes relataram ter passado a virada de ano sem \u00e1gua para higiene b\u00e1sica e preparo de alimentos. Em alguns casos, veranistas foram flagrados utilizando \u00e1gua da chuva para banho.<\/li>\n\n\n\n<li>\u200b<strong>Qualidade Question\u00e1vel:<\/strong> Al\u00e9m da falta de press\u00e3o, h\u00e1 relatos de que, quando o fornecimento retorna, a \u00e1gua apresenta turbidez, cor escura ou at\u00e9 sabor salgado.<\/li>\n<\/ul>\n\n\n\n<h3 class=\"wp-block-heading\">\u200bSitua\u00e7\u00e3o Atual: Bairros Ainda Desabastecidos<\/h3>\n\n\n\n<p class=\"wp-block-paragraph\">\u200bNesta <strong>sexta-feira, 2 de janeiro de 2026<\/strong>, a situa\u00e7\u00e3o continua cr\u00edtica. Diversos bairros seguem com o fornecimento interrompido ou com press\u00e3o insuficiente. Entre as localidades mais afetadas est\u00e3o:<\/p>\n\n\n\n<ul class=\"wp-block-list\">\n<li>\u200b<strong>Coroados, Nereidas e Eliana;<\/strong><\/li>\n\n\n\n<li>\u200b<strong>Cohapar, Pi\u00e7arras e Mirim;<\/strong><\/li>\n\n\n\n<li>\u200b<strong>Centro e Brejatuba.<\/strong><\/li>\n<\/ul>\n","protected":false},"excerpt":{"rendered":"<p>\u200bA crise no abastecimento de \u00e1gua em Guaratuba, que castiga moradores e turistas neste in\u00edcio de 2026, tomou um rumo jur\u00eddico severo. O Minist\u00e9rio P\u00fablico [&#8230;]<\/p>\n","protected":false},"author":1,"featured_media":1327,"comment_status":"open","ping_status":"open","sticky":false,"template":"","format":"standard","meta":{"_crdt_document":"","_jetpack_memberships_contains_paid_content":false,"footnotes":"","jetpack_publicize_message":"","jetpack_publicize_feature_enabled":true,"jetpack_social_post_already_shared":true,"jetpack_social_options":{"image_generator_settings":{"template":"highway","default_image_id":0,"font":"","enabled":false},"version":2}},"categories":[5],"tags":[],"class_list":["post-1326","post","type-post","status-publish","format-standard","has-post-thumbnail","hentry","category-parana"],"jetpack_publicize_connections":[],"jetpack_featured_media_url":"https:\/\/i0.wp.com\/oexpressobr.com.br\/wp-content\/uploads\/2026\/01\/mp-abre-procedimento-criminal-contra-gestores-da-sanepar-apos-denuncia-do-conseg-69583771de858.jpg?fit=610%2C407&ssl=1","jetpack_likes_enabled":true,"jetpack_sharing_enabled":true,"_links":{"self":[{"href":"https:\/\/oexpressobr.com.br\/index.php?rest_route=\/wp\/v2\/posts\/1326","targetHints":{"allow":["GET"]}}],"collection":[{"href":"https:\/\/oexpressobr.com.br\/index.php?rest_route=\/wp\/v2\/posts"}],"about":[{"href":"https:\/\/oexpressobr.com.br\/index.php?rest_route=\/wp\/v2\/types\/post"}],"author":[{"embeddable":true,"href":"https:\/\/oexpressobr.com.br\/index.php?rest_route=\/wp\/v2\/users\/1"}],"replies":[{"embeddable":true,"href":"https:\/\/oexpressobr.com.br\/index.php?rest_route=%2Fwp%2Fv2%2Fcomments&post=1326"}],"version-history":[{"count":1,"href":"https:\/\/oexpressobr.com.br\/index.php?rest_route=\/wp\/v2\/posts\/1326\/revisions"}],"predecessor-version":[{"id":1328,"href":"https:\/\/oexpressobr.com.br\/index.php?rest_route=\/wp\/v2\/posts\/1326\/revisions\/1328"}],"wp:featuredmedia":[{"embeddable":true,"href":"https:\/\/oexpressobr.com.br\/index.php?rest_route=\/wp\/v2\/media\/1327"}],"wp:attachment":[{"href":"https:\/\/oexpressobr.com.br\/index.php?rest_route=%2Fwp%2Fv2%2Fmedia&parent=1326"}],"wp:term":[{"taxonomy":"category","embeddable":true,"href":"https:\/\/oexpressobr.com.br\/index.php?rest_route=%2Fwp%2Fv2%2Fcategories&post=1326"},{"taxonomy":"post_tag","embeddable":true,"href":"https:\/\/oexpressobr.com.br\/index.php?rest_route=%2Fwp%2Fv2%2Ftags&post=1326"}],"curies":[{"name":"wp","href":"https:\/\/api.w.org\/{rel}","templated":true}]}}