{"id":1329,"date":"2026-01-03T06:05:39","date_gmt":"2026-01-03T09:05:39","guid":{"rendered":"https:\/\/oexpressobr.com.br\/?p=1329"},"modified":"2026-01-03T06:05:40","modified_gmt":"2026-01-03T09:05:40","slug":"explosoes-atingem-caracas-e-venezuela-acusa-estados-unidos-de-agressao-militar","status":"publish","type":"post","link":"https:\/\/oexpressobr.com.br\/?p=1329","title":{"rendered":"Explos\u00f5es atingem Caracas e Venezuela acusa Estados Unidos de agress\u00e3o militar"},"content":{"rendered":"\n<p class=\"wp-block-paragraph\">Na madrugada deste s\u00e1bado, 3 de janeiro de 2026, a capital venezuelana, <strong>Caracas<\/strong>, foi abalada por uma s\u00e9rie de pelo menos sete explos\u00f5es coordenadas, mergulhando a cidade em um cen\u00e1rio de p\u00e2nico e incerteza. O governo de <strong>Nicol\u00e1s Maduro<\/strong> reagiu prontamente, classificando os eventos como uma &#8220;grav\u00edssima agress\u00e3o militar&#8221; perpetrada pelos <strong>Estados Unidos<\/strong>.<\/p>\n\n\n\n<h3 class=\"wp-block-heading\">\u200bO que se sabe at\u00e9 agora<\/h3>\n\n\n\n<p class=\"wp-block-paragraph\">\u200bAs detona\u00e7\u00f5es ocorreram por volta das 2h da manh\u00e3 (hor\u00e1rio local), sendo ouvidas em diversos pontos da capital e nos estados adjacentes de <strong>Miranda, Aragua e La Guaira<\/strong>. Relatos de testemunhas e jornalistas no local confirmam o sobrevoo de aeronaves a baixa altitude logo ap\u00f3s os estrondos.<\/p>\n\n\n\n<ul class=\"wp-block-list\">\n<li>\u200b<strong>Alvos atingidos:<\/strong> Informa\u00e7\u00f5es preliminares indicam que as explos\u00f5es atingiram instala\u00e7\u00f5es estrat\u00e9gicas, incluindo a <strong>Base A\u00e9rea General\u00edsimo Francisco de Miranda<\/strong> (La Carlota) e o <strong>Forte Tiuna<\/strong>, o principal complexo militar do pa\u00eds. H\u00e1 tamb\u00e9m relatos de ataques ao Aeroporto de Higuerote.<\/li>\n\n\n\n<li>\u200b<strong>Impacto na infraestrutura:<\/strong> Grande parte da zona sul de Caracas e \u00e1reas pr\u00f3ximas \u00e0s bases militares sofreram interrup\u00e7\u00f5es no fornecimento de energia el\u00e9trica. V\u00eddeos em redes sociais mostram colunas de fuma\u00e7a e moradores ocupando as ruas em estado de alerta.<\/li>\n\n\n\n<li>\u200b<strong>Estado de Exce\u00e7\u00e3o:<\/strong> Nicol\u00e1s Maduro decretou estado de exce\u00e7\u00e3o e convocou uma &#8220;mobiliza\u00e7\u00e3o nacional&#8221;, apelando para que as for\u00e7as pol\u00edticas e sociais defendam a soberania do pa\u00eds contra o que chamou de &#8220;ataque imperialista&#8221;.<\/li>\n<\/ul>\n\n\n\n<h3 class=\"wp-block-heading\">\u200bContexto de escalada militar<\/h3>\n\n\n\n<p class=\"wp-block-paragraph\">\u200bA acusa\u00e7\u00e3o venezuelana ocorre em um momento de tens\u00e3o m\u00e1xima com a administra\u00e7\u00e3o de <strong>Donald Trump<\/strong>. Nas \u00faltimas semanas, o governo americano intensificou a press\u00e3o sobre o regime de Maduro:<\/p>\n\n\n\n<ol class=\"wp-block-list\">\n<li>\u200b<strong>Aumento de recompensa:<\/strong> Em agosto de 2025, os EUA elevaram para <strong>US$ 50 milh\u00f5es<\/strong> a recompensa por informa\u00e7\u00f5es que levassem \u00e0 pris\u00e3o de Maduro.<\/li>\n\n\n\n<li>\u200b<strong>Presen\u00e7a naval:<\/strong> Um robusto aparato militar foi enviado ao Mar do Caribe, inicialmente sob a justificativa de combate ao narcotr\u00e1fico.<\/li>\n\n\n\n<li>\u200b<strong>Ordens de ataque:<\/strong> Segundo fontes da imprensa americana, como a <em>CBS News<\/em>, o presidente Trump teria autorizado ataques a\u00e9reos contra alvos espec\u00edficos em solo venezuelano para destruir infraestruturas que, segundo Washington, apoiam o crime organizado e o tr\u00e1fico.<\/li>\n<\/ol>\n\n\n\n<h3 class=\"wp-block-heading\">\u200bRea\u00e7\u00f5es Internacionais<\/h3>\n\n\n\n<p class=\"wp-block-paragraph\">\u200bA <strong>FAA<\/strong> (Administra\u00e7\u00e3o Federal de Avia\u00e7\u00e3o dos EUA) emitiu um comunicado proibindo aeronaves civis americanas de operarem no espa\u00e7o a\u00e9reo venezuelano, citando &#8220;atividade militar em curso&#8221;.<\/p>\n\n\n\n<p class=\"wp-block-paragraph\">\u200bEnquanto a <strong>Casa Branca<\/strong> e o <strong>Pent\u00e1gono<\/strong> ainda n\u00e3o emitiram um pronunciamento oficial detalhando a extens\u00e3o da opera\u00e7\u00e3o, o presidente da Col\u00f4mbia, <strong>Gustavo Petro<\/strong>, manifestou-se em redes sociais afirmando que Caracas est\u00e1 sendo alvo de bombardeios por m\u00edsseis e pediu a convoca\u00e7\u00e3o imediata da ONU e da OEA.<\/p>\n\n\n\n<p class=\"wp-block-paragraph\">\u200bO governo venezuelano sustenta que o verdadeiro objetivo da a\u00e7\u00e3o \u00e9 o controle das reservas de petr\u00f3leo e recursos minerais do pa\u00eds. At\u00e9 o momento, n\u00e3o h\u00e1 balan\u00e7o oficial de v\u00edtimas ou feridos.<\/p>\n","protected":false},"excerpt":{"rendered":"<p>Na madrugada deste s\u00e1bado, 3 de janeiro de 2026, a capital venezuelana, Caracas, foi abalada por uma s\u00e9rie de pelo menos sete explos\u00f5es coordenadas, mergulhando [&#8230;]<\/p>\n","protected":false},"author":1,"featured_media":1330,"comment_status":"open","ping_status":"open","sticky":false,"template":"","format":"standard","meta":{"_crdt_document":"","_jetpack_memberships_contains_paid_content":false,"footnotes":"","jetpack_publicize_message":"","jetpack_publicize_feature_enabled":true,"jetpack_social_post_already_shared":true,"jetpack_social_options":{"image_generator_settings":{"template":"highway","default_image_id":0,"font":"","enabled":false},"version":2}},"categories":[15],"tags":[],"class_list":["post-1329","post","type-post","status-publish","format-standard","has-post-thumbnail","hentry","category-internacional"],"jetpack_publicize_connections":[],"jetpack_featured_media_url":"https:\/\/i0.wp.com\/oexpressobr.com.br\/wp-content\/uploads\/2026\/01\/ap26003237866896.jpg?fit=984%2C656&ssl=1","jetpack_likes_enabled":true,"jetpack_sharing_enabled":true,"_links":{"self":[{"href":"https:\/\/oexpressobr.com.br\/index.php?rest_route=\/wp\/v2\/posts\/1329","targetHints":{"allow":["GET"]}}],"collection":[{"href":"https:\/\/oexpressobr.com.br\/index.php?rest_route=\/wp\/v2\/posts"}],"about":[{"href":"https:\/\/oexpressobr.com.br\/index.php?rest_route=\/wp\/v2\/types\/post"}],"author":[{"embeddable":true,"href":"https:\/\/oexpressobr.com.br\/index.php?rest_route=\/wp\/v2\/users\/1"}],"replies":[{"embeddable":true,"href":"https:\/\/oexpressobr.com.br\/index.php?rest_route=%2Fwp%2Fv2%2Fcomments&post=1329"}],"version-history":[{"count":1,"href":"https:\/\/oexpressobr.com.br\/index.php?rest_route=\/wp\/v2\/posts\/1329\/revisions"}],"predecessor-version":[{"id":1331,"href":"https:\/\/oexpressobr.com.br\/index.php?rest_route=\/wp\/v2\/posts\/1329\/revisions\/1331"}],"wp:featuredmedia":[{"embeddable":true,"href":"https:\/\/oexpressobr.com.br\/index.php?rest_route=\/wp\/v2\/media\/1330"}],"wp:attachment":[{"href":"https:\/\/oexpressobr.com.br\/index.php?rest_route=%2Fwp%2Fv2%2Fmedia&parent=1329"}],"wp:term":[{"taxonomy":"category","embeddable":true,"href":"https:\/\/oexpressobr.com.br\/index.php?rest_route=%2Fwp%2Fv2%2Fcategories&post=1329"},{"taxonomy":"post_tag","embeddable":true,"href":"https:\/\/oexpressobr.com.br\/index.php?rest_route=%2Fwp%2Fv2%2Ftags&post=1329"}],"curies":[{"name":"wp","href":"https:\/\/api.w.org\/{rel}","templated":true}]}}