{"id":1338,"date":"2026-01-03T06:41:56","date_gmt":"2026-01-03T09:41:56","guid":{"rendered":"https:\/\/oexpressobr.com.br\/?p=1338"},"modified":"2026-01-03T06:41:58","modified_gmt":"2026-01-03T09:41:58","slug":"isencao-de-ate-r-5-mil-e-nova-taxacao-para-super-ricos-avancam-no-governo-federal","status":"publish","type":"post","link":"https:\/\/oexpressobr.com.br\/?p=1338","title":{"rendered":"Isen\u00e7\u00e3o de at\u00e9 R$ 5 mil e nova taxa\u00e7\u00e3o para super-ricos avan\u00e7am no Governo Federal"},"content":{"rendered":"\n<p class=\"wp-block-paragraph\">O pacote de medidas econ\u00f4micas anunciado pelo Governo Federal prop\u00f5e uma reestrutura\u00e7\u00e3o profunda na tabela do Imposto de Renda de Pessoa F\u00edsica (IRPF). A mudan\u00e7a principal foca em dois extremos da pir\u00e2mide social: o al\u00edvio para a classe m\u00e9dia e o aumento da carga tribut\u00e1ria para quem possui rendimentos elevados, especialmente acima de R$ 50 mil mensais.<\/p>\n\n\n\n<h3 class=\"wp-block-heading\">\u200bIsen\u00e7\u00e3o ampliada para R$ 5 mil<\/h3>\n\n\n\n<p class=\"wp-block-paragraph\">\u200bO ponto central da proposta \u00e9 a promessa de campanha de elevar a faixa de isen\u00e7\u00e3o para quem ganha at\u00e9 <strong>R$ 5.000,00<\/strong>. Atualmente, o teto de isen\u00e7\u00e3o est\u00e1 fixado em R$ 2.824,00 (equivalente a dois sal\u00e1rios m\u00ednimos).<\/p>\n\n\n\n<p class=\"wp-block-paragraph\">\u200bPara viabilizar essa mudan\u00e7a sem comprometer as metas fiscais, o governo planeja uma implementa\u00e7\u00e3o gradual. A expectativa \u00e9 que milh\u00f5es de contribuintes deixem de pagar o tributo, aumentando o poder de consumo das fam\u00edlias brasileiras.<\/p>\n\n\n\n<h3 class=\"wp-block-heading\">\u200bO &#8220;Robin Hood&#8221; tribut\u00e1rio: Taxa\u00e7\u00e3o de quem ganha mais de R$ 50 mil<\/h3>\n\n\n\n<p class=\"wp-block-paragraph\">\u200bPara compensar a perda de arrecada\u00e7\u00e3o com a isen\u00e7\u00e3o, o Minist\u00e9rio da Fazenda desenhou uma nova al\u00edquota ou um imposto m\u00ednimo voltado para os &#8220;super-ricos&#8221;.<\/p>\n\n\n\n<ul class=\"wp-block-list\">\n<li>\u200b<strong>P\u00fablico-alvo:<\/strong> Contribuintes com renda superior a R$ 50 mil mensais.<\/li>\n\n\n\n<li>\u200b<strong>Mecanismo:<\/strong> A proposta estuda a cria\u00e7\u00e3o de uma al\u00edquota efetiva m\u00ednima. Isso evita que grandes rendimentos, muitas vezes recebidos como lucros e dividendos (atualmente isentos), fiquem abaixo da tributa\u00e7\u00e3o paga pela classe m\u00e9dia assalariada.<\/li>\n\n\n\n<li>\u200b<strong>Impacto:<\/strong> Estima-se que essa medida atinja menos de 1% da popula\u00e7\u00e3o brasileira, mas com potencial de arrecada\u00e7\u00e3o bilion\u00e1rio.<\/li>\n<\/ul>\n\n\n\n<h3 class=\"wp-block-heading\">\u200bContexto Pol\u00edtico e Pr\u00f3ximos Passos<\/h3>\n\n\n\n<p class=\"wp-block-paragraph\">\u200bO texto da reforma faz parte de um conjunto de medidas de corte de gastos e ajuste de receitas. O Ministro da Fazenda, Fernando Haddad, tem refor\u00e7ado que a reforma \u00e9 &#8220;neutra&#8221;, ou seja, ela n\u00e3o visa aumentar a carga tribut\u00e1ria total, mas sim redistribu\u00ed-la para tornar o sistema mais progressivo \u2014 onde quem ganha mais, paga proporcionalmente mais.<\/p>\n\n\n\n<blockquote class=\"wp-block-quote is-layout-flow wp-block-quote-is-layout-flow\">\n<p class=\"wp-block-paragraph\">\u200b&#8221;O objetivo \u00e9 corrigir uma injusti\u00e7a hist\u00f3rica no sistema tribut\u00e1rio brasileiro, onde a classe m\u00e9dia sustenta uma carga desproporcional em rela\u00e7\u00e3o ao topo da pir\u00e2mide&#8221;, afirmam t\u00e9cnicos da equipe econ\u00f4mica.<\/p>\n<\/blockquote>\n\n\n\n<p class=\"wp-block-paragraph\">\u200bA proposta agora precisa enfrentar o crivo do Congresso Nacional, onde deve encontrar resist\u00eancia de setores ligados ao mercado financeiro e grandes fortunas, mas forte apoio popular devido ao aumento da faixa de isen\u00e7\u00e3o.<\/p>\n","protected":false},"excerpt":{"rendered":"<p>O pacote de medidas econ\u00f4micas anunciado pelo Governo Federal prop\u00f5e uma reestrutura\u00e7\u00e3o profunda na tabela do Imposto de Renda de Pessoa F\u00edsica (IRPF). A mudan\u00e7a [&#8230;]<\/p>\n","protected":false},"author":1,"featured_media":1339,"comment_status":"open","ping_status":"open","sticky":false,"template":"","format":"standard","meta":{"_crdt_document":"","_jetpack_memberships_contains_paid_content":false,"footnotes":"","jetpack_publicize_message":"","jetpack_publicize_feature_enabled":true,"jetpack_social_post_already_shared":true,"jetpack_social_options":{"image_generator_settings":{"template":"highway","default_image_id":0,"font":"","enabled":false},"version":2}},"categories":[10],"tags":[],"class_list":["post-1338","post","type-post","status-publish","format-standard","has-post-thumbnail","hentry","category-economia"],"jetpack_publicize_connections":[],"jetpack_featured_media_url":"https:\/\/i0.wp.com\/oexpressobr.com.br\/wp-content\/uploads\/2026\/01\/imposto-de-renda-2025-e1767382572863.jpeg?fit=414%2C280&ssl=1","jetpack_likes_enabled":true,"jetpack_sharing_enabled":true,"_links":{"self":[{"href":"https:\/\/oexpressobr.com.br\/index.php?rest_route=\/wp\/v2\/posts\/1338","targetHints":{"allow":["GET"]}}],"collection":[{"href":"https:\/\/oexpressobr.com.br\/index.php?rest_route=\/wp\/v2\/posts"}],"about":[{"href":"https:\/\/oexpressobr.com.br\/index.php?rest_route=\/wp\/v2\/types\/post"}],"author":[{"embeddable":true,"href":"https:\/\/oexpressobr.com.br\/index.php?rest_route=\/wp\/v2\/users\/1"}],"replies":[{"embeddable":true,"href":"https:\/\/oexpressobr.com.br\/index.php?rest_route=%2Fwp%2Fv2%2Fcomments&post=1338"}],"version-history":[{"count":1,"href":"https:\/\/oexpressobr.com.br\/index.php?rest_route=\/wp\/v2\/posts\/1338\/revisions"}],"predecessor-version":[{"id":1340,"href":"https:\/\/oexpressobr.com.br\/index.php?rest_route=\/wp\/v2\/posts\/1338\/revisions\/1340"}],"wp:featuredmedia":[{"embeddable":true,"href":"https:\/\/oexpressobr.com.br\/index.php?rest_route=\/wp\/v2\/media\/1339"}],"wp:attachment":[{"href":"https:\/\/oexpressobr.com.br\/index.php?rest_route=%2Fwp%2Fv2%2Fmedia&parent=1338"}],"wp:term":[{"taxonomy":"category","embeddable":true,"href":"https:\/\/oexpressobr.com.br\/index.php?rest_route=%2Fwp%2Fv2%2Fcategories&post=1338"},{"taxonomy":"post_tag","embeddable":true,"href":"https:\/\/oexpressobr.com.br\/index.php?rest_route=%2Fwp%2Fv2%2Ftags&post=1338"}],"curies":[{"name":"wp","href":"https:\/\/api.w.org\/{rel}","templated":true}]}}