{"id":1343,"date":"2026-01-03T06:49:59","date_gmt":"2026-01-03T09:49:59","guid":{"rendered":"https:\/\/oexpressobr.com.br\/?p=1343"},"modified":"2026-01-03T06:50:00","modified_gmt":"2026-01-03T09:50:00","slug":"presidente-da-bolivia-luis-arce-assina-decreto-para-governar-a-distancia-em-meio-a-racha-com-vice","status":"publish","type":"post","link":"https:\/\/oexpressobr.com.br\/?p=1343","title":{"rendered":"PRESIDENTE da Bol\u00edvia Luis Arce assina decreto para governar a dist\u00e2ncia em meio a racha com vice"},"content":{"rendered":"\n<p class=\"wp-block-paragraph\">O presidente da Bol\u00edvia, <strong>Luis Arce<\/strong>, oficializou uma medida in\u00e9dita para assegurar a continuidade de seu comando administrativo mesmo durante agendas internacionais. Atrav\u00e9s de um decreto presidencial, Arce estabeleceu as bases legais para <strong>governar a dist\u00e2ncia<\/strong>, utilizando ferramentas digitais e assinaturas eletr\u00f4nicas. A decis\u00e3o ocorre em um momento de extrema fragilidade pol\u00edtica e isolamento institucional do mandat\u00e1rio.<\/p>\n\n\n\n<p class=\"wp-block-paragraph\">\u200bA medida \u00e9 interpretada por analistas como uma manobra estrat\u00e9gica para evitar que o poder caia nas m\u00e3os de seu vice-presidente, <strong>David Choquehuanca<\/strong>, com quem mant\u00e9m uma rela\u00e7\u00e3o de profunda desconfian\u00e7a. Pela Constitui\u00e7\u00e3o boliviana, o vice-presidente deveria assumir o comando interino do pa\u00eds sempre que o titular se ausentasse do territ\u00f3rio nacional. Com o novo decreto, Arce tenta esvaziar essa prerrogativa constitucional, mantendo o controle das decis\u00f5es executivas de forma remota.<\/p>\n\n\n\n<h3 class=\"wp-block-heading\">\u200bO Contexto da Crise e as Novidades Recentes<\/h3>\n\n\n\n<p class=\"wp-block-paragraph\">\u200bA pol\u00edtica boliviana atravessa um per\u00edodo de turbul\u00eancia sem precedentes, marcado por um racha definitivo dentro do partido governista, o <strong>Movimento ao Socialismo (MAS)<\/strong>. O cen\u00e1rio atual apresenta tr\u00eas frentes de conflito que explicam a necessidade de Arce em n\u00e3o ceder espa\u00e7o:<\/p>\n\n\n\n<ul class=\"wp-block-list\">\n<li>\u200b<strong>Ruptura com o Vice:<\/strong> A rela\u00e7\u00e3o com Choquehuanca, que representa a ala mais indigenista do partido, deteriorou-se ap\u00f3s acusa\u00e7\u00f5es m\u00fatuas de trai\u00e7\u00e3o e conspira\u00e7\u00e3o. Arce teme que, em uma aus\u00eancia prolongada, o vice possa articular mudan\u00e7as no gabinete ou sabotar decretos econ\u00f4micos.<\/li>\n\n\n\n<li>\u200b<strong>A Sombra de Evo Morales:<\/strong> O ex-presidente Evo Morales continua sendo o principal advers\u00e1rio interno de Arce. Recentemente, Morales liderou protestos e bloqueios de estradas, exigindo a ren\u00fancia de Arce e a viabiliza\u00e7\u00e3o de sua pr\u00f3pria candidatura para futuros pleitos.<\/li>\n\n\n\n<li>\u200b<strong>Press\u00e3o Judicial e Eleitoral:<\/strong> Informa\u00e7\u00f5es recentes indicam que o governo de Luis Arce enfrentou derrotas significativas no Tribunal Supremo Eleitoral, enquanto investiga\u00e7\u00f5es de corrup\u00e7\u00e3o envolvendo ex-ministros e figuras pr\u00f3ximas ao presidente ganharam for\u00e7a nos \u00faltimos meses.<\/li>\n<\/ul>\n","protected":false},"excerpt":{"rendered":"<p>O presidente da Bol\u00edvia, Luis Arce, oficializou uma medida in\u00e9dita para assegurar a continuidade de seu comando administrativo mesmo durante agendas internacionais. Atrav\u00e9s de um [&#8230;]<\/p>\n","protected":false},"author":1,"featured_media":1344,"comment_status":"open","ping_status":"open","sticky":false,"template":"","format":"standard","meta":{"_crdt_document":"","_jetpack_memberships_contains_paid_content":false,"footnotes":"","jetpack_publicize_message":"","jetpack_publicize_feature_enabled":true,"jetpack_social_post_already_shared":true,"jetpack_social_options":{"image_generator_settings":{"template":"highway","default_image_id":0,"font":"","enabled":false},"version":2}},"categories":[15],"tags":[],"class_list":["post-1343","post","type-post","status-publish","format-standard","has-post-thumbnail","hentry","category-internacional"],"jetpack_publicize_connections":[],"jetpack_featured_media_url":"https:\/\/i0.wp.com\/oexpressobr.com.br\/wp-content\/uploads\/2026\/01\/GettyImages-2240143521.jpg?fit=414%2C280&ssl=1","jetpack_likes_enabled":true,"jetpack_sharing_enabled":true,"_links":{"self":[{"href":"https:\/\/oexpressobr.com.br\/index.php?rest_route=\/wp\/v2\/posts\/1343","targetHints":{"allow":["GET"]}}],"collection":[{"href":"https:\/\/oexpressobr.com.br\/index.php?rest_route=\/wp\/v2\/posts"}],"about":[{"href":"https:\/\/oexpressobr.com.br\/index.php?rest_route=\/wp\/v2\/types\/post"}],"author":[{"embeddable":true,"href":"https:\/\/oexpressobr.com.br\/index.php?rest_route=\/wp\/v2\/users\/1"}],"replies":[{"embeddable":true,"href":"https:\/\/oexpressobr.com.br\/index.php?rest_route=%2Fwp%2Fv2%2Fcomments&post=1343"}],"version-history":[{"count":1,"href":"https:\/\/oexpressobr.com.br\/index.php?rest_route=\/wp\/v2\/posts\/1343\/revisions"}],"predecessor-version":[{"id":1345,"href":"https:\/\/oexpressobr.com.br\/index.php?rest_route=\/wp\/v2\/posts\/1343\/revisions\/1345"}],"wp:featuredmedia":[{"embeddable":true,"href":"https:\/\/oexpressobr.com.br\/index.php?rest_route=\/wp\/v2\/media\/1344"}],"wp:attachment":[{"href":"https:\/\/oexpressobr.com.br\/index.php?rest_route=%2Fwp%2Fv2%2Fmedia&parent=1343"}],"wp:term":[{"taxonomy":"category","embeddable":true,"href":"https:\/\/oexpressobr.com.br\/index.php?rest_route=%2Fwp%2Fv2%2Fcategories&post=1343"},{"taxonomy":"post_tag","embeddable":true,"href":"https:\/\/oexpressobr.com.br\/index.php?rest_route=%2Fwp%2Fv2%2Ftags&post=1343"}],"curies":[{"name":"wp","href":"https:\/\/api.w.org\/{rel}","templated":true}]}}