{"id":1346,"date":"2026-01-03T06:56:45","date_gmt":"2026-01-03T09:56:45","guid":{"rendered":"https:\/\/oexpressobr.com.br\/?p=1346"},"modified":"2026-01-03T06:56:47","modified_gmt":"2026-01-03T09:56:47","slug":"eleicoes-2026-brasil-colombia-e-peru-definem-rumos-sob-a-sombra-de-donald-trump","status":"publish","type":"post","link":"https:\/\/oexpressobr.com.br\/?p=1346","title":{"rendered":"ELEI\u00c7\u00d5ES 2026: Brasil, Col\u00f4mbia e Peru definem rumos sob a sombra de Donald Trump"},"content":{"rendered":"\n<p class=\"wp-block-paragraph\">O ano de 2026 promete ser um divisor de \u00e1guas para a geopol\u00edtica da Am\u00e9rica Latina. Com as urnas abertas em pot\u00eancias regionais como Brasil e Col\u00f4mbia, al\u00e9m de um Peru em busca de estabilidade, o cen\u00e1rio eleitoral ser\u00e1 inevitavelmente influenciado pelo retorno de Donald Trump \u00e0 Casa Branca. A combina\u00e7\u00e3o de press\u00f5es econ\u00f4micas, pol\u00edticas migrat\u00f3rias r\u00edgidas e o fortalecimento de movimentos conservadores cria um tabuleiro complexo para candidatos de todas as vertentes.<\/p>\n\n\n\n<h3 class=\"wp-block-heading\">\u200bOs principais palcos da disputa<\/h3>\n\n\n\n<p class=\"wp-block-paragraph\">\u200b<strong>Brasil: A polariza\u00e7\u00e3o levada ao limite<\/strong><\/p>\n\n\n\n<p class=\"wp-block-paragraph\">No maior pa\u00eds da regi\u00e3o, a elei\u00e7\u00e3o presidencial de outubro de 2026 j\u00e1 domina as discuss\u00f5es. O presidente Luiz In\u00e1cio Lula da Silva, embora enfrente debates sobre sua idade e sucess\u00e3o, aparece como o nome natural da esquerda. Do outro lado, a direita busca se consolidar: com Jair Bolsonaro atualmente ineleg\u00edvel, nomes como o governador de S\u00e3o Paulo, Tarc\u00edsio de Freitas, e a ex-primeira-dama Michelle Bolsonaro ganham for\u00e7a. A vit\u00f3ria de Trump nos EUA \u00e9 vista por aliados de Bolsonaro como um combust\u00edvel moral e pol\u00edtico para tentar reverter decis\u00f5es judiciais e mobilizar a base conservadora.<\/p>\n\n\n\n<p class=\"wp-block-paragraph\">\u200b<strong>Col\u00f4mbia: O teste da &#8220;Paz Total&#8221;<\/strong><\/p>\n\n\n\n<p class=\"wp-block-paragraph\">Gustavo Petro, o primeiro presidente de esquerda da hist\u00f3ria moderna da Col\u00f4mbia, enfrentar\u00e1 o julgamento das urnas (atrav\u00e9s de seu sucessor ou coaliz\u00e3o) em um clima de incerteza. Com a popularidade oscilando em torno de 37% e cr\u00edticas crescentes \u00e0 sua estrat\u00e9gia de seguran\u00e7a, o pa\u00eds v\u00ea a ascens\u00e3o de figuras como Sergio Fajardo e outros nomes da direita que prometem &#8220;m\u00e3o dura&#8221;. O atentado contra o pol\u00edtico Miguel Uribe em 2025 acirrou os \u00e2nimos, tornando a seguran\u00e7a p\u00fablica o tema central da disputa.<\/p>\n\n\n\n<p class=\"wp-block-paragraph\">\u200b<strong>Peru: O fim da era Boluarte?<\/strong><\/p>\n\n\n\n<p class=\"wp-block-paragraph\">Ap\u00f3s anos de turbul\u00eancia pol\u00edtica, a presidente Dina Boluarte convocou elei\u00e7\u00f5es gerais para 12 de abril de 2026. Impedida por lei de buscar a reelei\u00e7\u00e3o e sob investiga\u00e7\u00e3o por diversos esc\u00e2ndalos, Boluarte entrega um pa\u00eds fragmentado. A expectativa \u00e9 que o pleito tente encerrar um ciclo de trocas constantes de presidentes, mas o cen\u00e1rio ainda carece de lideran\u00e7as claras que unifiquem o eleitorado.<\/p>\n\n\n\n<p class=\"wp-block-paragraph\">\u200b<strong>Outros pleitos:<\/strong> Al\u00e9m desses, pa\u00edses como <strong>Costa Rica<\/strong> tamb\u00e9m devem realizar elei\u00e7\u00f5es presidenciais no in\u00edcio do ano (fevereiro de 2026), mantendo a agenda democr\u00e1tica da regi\u00e3o intensa.<\/p>\n\n\n\n<h3 class=\"wp-block-heading\">\u200bO &#8220;Fator Trump&#8221; e a Doutrina Monroe<\/h3>\n\n\n\n<p class=\"wp-block-paragraph\">\u200bA influ\u00eancia de Washington em 2026 n\u00e3o ser\u00e1 apenas diplom\u00e1tica, mas direta e pragm\u00e1tica:<\/p>\n\n\n\n<ol class=\"wp-block-list\">\n<li>\u200b<strong>Apoio Ideol\u00f3gico:<\/strong> A gest\u00e3o Trump j\u00e1 sinalizou que a promo\u00e7\u00e3o de governos conservadores na Am\u00e9rica Latina faz parte de sua estrat\u00e9gia de seguran\u00e7a nacional. Candidatos alinhados ao &#8220;estilo Trump&#8221; \u2014 focado em soberania, valores tradicionais e cr\u00edticas a organismos multilaterais \u2014 devem receber apoio simb\u00f3lico (e talvez pol\u00edtico) direto dos EUA.<\/li>\n\n\n\n<li>\u200b<strong>Press\u00e3o Econ\u00f4mica e Tarifas:<\/strong> A amea\u00e7a de tarifas de importa\u00e7\u00e3o e san\u00e7\u00f5es como ferramenta de negocia\u00e7\u00e3o pode desestabilizar economias locais, influenciando o voto de eleitores preocupados com a infla\u00e7\u00e3o e o emprego. No Brasil, analistas apontam que o discurso nacionalista de Lula pode colidir ou se beneficiar desse atrito, dependendo da narrativa adotada.<\/li>\n\n\n\n<li>\u200b<strong>Migra\u00e7\u00e3o e Fronteiras:<\/strong> Com Trump priorizando o controle de fronteiras como &#8220;elemento principal&#8221; de sua agenda, governos latino-americanos ser\u00e3o pressionados a colaborar com pol\u00edticas migrat\u00f3rias restritivas, sob risco de cortes de aux\u00edlio ou retalia\u00e7\u00f5es comerciais.<\/li>\n<\/ol>\n\n\n\n<p class=\"wp-block-paragraph\">\u200bEm suma, 2026 n\u00e3o ser\u00e1 apenas um ano de vota\u00e7\u00f5es locais, mas um teste de resist\u00eancia para as democracias da Am\u00e9rica Latina frente a uma nova era de interven\u00e7\u00e3o conservadora vinda do Norte. O resultado dessas urnas determinar\u00e1 se a regi\u00e3o seguir\u00e1 em um ciclo de governos progressistas ou se mergulhar\u00e1 em uma nova onda de direita, agora com o aval expl\u00edcito da Casa Branca.<\/p>\n","protected":false},"excerpt":{"rendered":"<p>O ano de 2026 promete ser um divisor de \u00e1guas para a geopol\u00edtica da Am\u00e9rica Latina. Com as urnas abertas em pot\u00eancias regionais como Brasil [&#8230;]<\/p>\n","protected":false},"author":1,"featured_media":1347,"comment_status":"open","ping_status":"open","sticky":false,"template":"","format":"standard","meta":{"_crdt_document":"","_jetpack_memberships_contains_paid_content":false,"footnotes":"","jetpack_publicize_message":"","jetpack_publicize_feature_enabled":true,"jetpack_social_post_already_shared":true,"jetpack_social_options":{"image_generator_settings":{"template":"highway","default_image_id":0,"font":"","enabled":false},"version":2}},"categories":[7],"tags":[],"class_list":["post-1346","post","type-post","status-publish","format-standard","has-post-thumbnail","hentry","category-politica"],"jetpack_publicize_connections":[],"jetpack_featured_media_url":"https:\/\/i0.wp.com\/oexpressobr.com.br\/wp-content\/uploads\/2026\/01\/29336600-e628-11f0-8290-291e53bc4fb1.jpg.webp?fit=800%2C450&ssl=1","jetpack_likes_enabled":true,"jetpack_sharing_enabled":true,"_links":{"self":[{"href":"https:\/\/oexpressobr.com.br\/index.php?rest_route=\/wp\/v2\/posts\/1346","targetHints":{"allow":["GET"]}}],"collection":[{"href":"https:\/\/oexpressobr.com.br\/index.php?rest_route=\/wp\/v2\/posts"}],"about":[{"href":"https:\/\/oexpressobr.com.br\/index.php?rest_route=\/wp\/v2\/types\/post"}],"author":[{"embeddable":true,"href":"https:\/\/oexpressobr.com.br\/index.php?rest_route=\/wp\/v2\/users\/1"}],"replies":[{"embeddable":true,"href":"https:\/\/oexpressobr.com.br\/index.php?rest_route=%2Fwp%2Fv2%2Fcomments&post=1346"}],"version-history":[{"count":1,"href":"https:\/\/oexpressobr.com.br\/index.php?rest_route=\/wp\/v2\/posts\/1346\/revisions"}],"predecessor-version":[{"id":1348,"href":"https:\/\/oexpressobr.com.br\/index.php?rest_route=\/wp\/v2\/posts\/1346\/revisions\/1348"}],"wp:featuredmedia":[{"embeddable":true,"href":"https:\/\/oexpressobr.com.br\/index.php?rest_route=\/wp\/v2\/media\/1347"}],"wp:attachment":[{"href":"https:\/\/oexpressobr.com.br\/index.php?rest_route=%2Fwp%2Fv2%2Fmedia&parent=1346"}],"wp:term":[{"taxonomy":"category","embeddable":true,"href":"https:\/\/oexpressobr.com.br\/index.php?rest_route=%2Fwp%2Fv2%2Fcategories&post=1346"},{"taxonomy":"post_tag","embeddable":true,"href":"https:\/\/oexpressobr.com.br\/index.php?rest_route=%2Fwp%2Fv2%2Ftags&post=1346"}],"curies":[{"name":"wp","href":"https:\/\/api.w.org\/{rel}","templated":true}]}}