{"id":1357,"date":"2026-01-04T04:45:49","date_gmt":"2026-01-04T07:45:49","guid":{"rendered":"https:\/\/oexpressobr.com.br\/?p=1357"},"modified":"2026-01-04T04:45:50","modified_gmt":"2026-01-04T07:45:50","slug":"lula-afirma-que-ataque-a-venezuela-e-captura-de-maduro-ultrapassam-linha-inaceitavel","status":"publish","type":"post","link":"https:\/\/oexpressobr.com.br\/?p=1357","title":{"rendered":"Lula afirma que ataque \u00e0 Venezuela e captura de Maduro ultrapassam &#8216;linha inaceit\u00e1vel&#8217;"},"content":{"rendered":"\n<p class=\"wp-block-paragraph\">O presidente Luiz In\u00e1cio Lula da Silva subiu o tom neste s\u00e1bado (3 de janeiro de 2026) ao condenar a ofensiva militar dos Estados Unidos em territ\u00f3rio venezuelano. Em pronunciamento oficial, Lula classificou a a\u00e7\u00e3o que resultou na captura de Nicol\u00e1s Maduro como uma <strong>&#8220;afronta grav\u00edssima \u00e0 soberania&#8221;<\/strong> e uma viola\u00e7\u00e3o direta do direito internacional.<\/p>\n\n\n\n<p class=\"wp-block-paragraph\">\u200bPara o mandat\u00e1rio brasileiro, o epis\u00f3dio estabelece um precedente perigoso que pode mergulhar a regi\u00e3o em um cen\u00e1rio de instabilidade e viol\u00eancia.<\/p>\n\n\n\n<h3 class=\"wp-block-heading\">\u200bViola\u00e7\u00e3o da soberania e risco regional<\/h3>\n\n\n\n<p class=\"wp-block-paragraph\">\u200bLula utilizou suas redes sociais e canais oficiais para expressar preocupa\u00e7\u00e3o com o m\u00e9todo utilizado pelos EUA. Segundo o presidente, ao ignorar os mecanismos multilaterais, a a\u00e7\u00e3o ignora d\u00e9cadas de esfor\u00e7os para manter a Am\u00e9rica Latina como uma <strong>zona de paz<\/strong>.<\/p>\n\n\n\n<blockquote class=\"wp-block-quote is-layout-flow wp-block-quote-is-layout-flow\">\n<p class=\"wp-block-paragraph\">\u200b&#8221;Atacar pa\u00edses em flagrante viola\u00e7\u00e3o do direito internacional \u00e9 o primeiro passo para um mundo de viol\u00eancia, caos e instabilidade, onde a lei do mais forte prevalece sobre o multilateralismo&#8221;, afirmou o presidente.<\/p>\n<\/blockquote>\n\n\n\n<h3 class=\"wp-block-heading\">\u200bResumo dos fatos recentes<\/h3>\n\n\n\n<p class=\"wp-block-paragraph\">\u200bA tens\u00e3o escalou rapidamente ap\u00f3s as seguintes atualiza\u00e7\u00f5es:<\/p>\n\n\n\n<ul class=\"wp-block-list\">\n<li>\u200b<strong>A Captura:<\/strong> Na madrugada de s\u00e1bado, for\u00e7as especiais dos EUA realizaram uma opera\u00e7\u00e3o que resultou na deten\u00e7\u00e3o de Nicol\u00e1s Maduro e de sua esposa, Cilia Flores. Donald Trump confirmou a a\u00e7\u00e3o, chamando-a de &#8220;brilhante&#8221;.<\/li>\n\n\n\n<li>\u200b<strong>Paradeiro Desconhecido:<\/strong> A vice-presidente venezuelana, Delcy Rodr\u00edguez, exigiu &#8220;provas de vida&#8221; do casal, afirmando que o governo de Caracas n\u00e3o foi informado sobre o local para onde foram levados.<\/li>\n\n\n\n<li>\u200b<strong>Rea\u00e7\u00e3o Brasileira:<\/strong> O governo Lula convocou uma reuni\u00e3o ministerial de emerg\u00eancia no Itamaraty. O ministro da Defesa, Jos\u00e9 M\u00facio, informou que a fronteira em Roraima segue monitorada e, at\u00e9 o momento, aberta e tranquila.<\/li>\n<\/ul>\n\n\n\n<h3 class=\"wp-block-heading\">\u200bO papel da ONU e o futuro diplom\u00e1tico<\/h3>\n\n\n\n<p class=\"wp-block-paragraph\">\u200bO Brasil defende que a solu\u00e7\u00e3o para a crise venezuelana deveria ocorrer por vias diplom\u00e1ticas e eleitorais, e n\u00e3o atrav\u00e9s de interven\u00e7\u00e3o militar estrangeira. Lula cobrou uma resposta <strong>&#8220;vigorosa&#8221;<\/strong> da Organiza\u00e7\u00e3o das Na\u00e7\u00f5es Unidas (ONU) para mediar o conflito e evitar uma escalada de viol\u00eancia sem precedentes no continente.<\/p>\n\n\n\n<p class=\"wp-block-paragraph\">\u200bEnquanto l\u00edderes como Javier Milei (Argentina) comemoraram a queda de Maduro, o Brasil tenta se equilibrar na posi\u00e7\u00e3o de mediador, embora a rela\u00e7\u00e3o com a Casa Branca tenha sofrido um desgaste imediato ap\u00f3s as declara\u00e7\u00f5es de hoje.<\/p>\n","protected":false},"excerpt":{"rendered":"<p>O presidente Luiz In\u00e1cio Lula da Silva subiu o tom neste s\u00e1bado (3 de janeiro de 2026) ao condenar a ofensiva militar dos Estados Unidos [&#8230;]<\/p>\n","protected":false},"author":1,"featured_media":1358,"comment_status":"open","ping_status":"open","sticky":false,"template":"","format":"standard","meta":{"_crdt_document":"","_jetpack_memberships_contains_paid_content":false,"footnotes":"","jetpack_publicize_message":"","jetpack_publicize_feature_enabled":true,"jetpack_social_post_already_shared":true,"jetpack_social_options":{"image_generator_settings":{"template":"highway","default_image_id":0,"font":"","enabled":false},"version":2}},"categories":[3],"tags":[],"class_list":["post-1357","post","type-post","status-publish","format-standard","has-post-thumbnail","hentry","category-brasil"],"jetpack_publicize_connections":[],"jetpack_featured_media_url":"https:\/\/i0.wp.com\/oexpressobr.com.br\/wp-content\/uploads\/2026\/01\/IMG-20260104-WA0024.jpg?fit=750%2C500&ssl=1","jetpack_likes_enabled":true,"jetpack_sharing_enabled":true,"_links":{"self":[{"href":"https:\/\/oexpressobr.com.br\/index.php?rest_route=\/wp\/v2\/posts\/1357","targetHints":{"allow":["GET"]}}],"collection":[{"href":"https:\/\/oexpressobr.com.br\/index.php?rest_route=\/wp\/v2\/posts"}],"about":[{"href":"https:\/\/oexpressobr.com.br\/index.php?rest_route=\/wp\/v2\/types\/post"}],"author":[{"embeddable":true,"href":"https:\/\/oexpressobr.com.br\/index.php?rest_route=\/wp\/v2\/users\/1"}],"replies":[{"embeddable":true,"href":"https:\/\/oexpressobr.com.br\/index.php?rest_route=%2Fwp%2Fv2%2Fcomments&post=1357"}],"version-history":[{"count":1,"href":"https:\/\/oexpressobr.com.br\/index.php?rest_route=\/wp\/v2\/posts\/1357\/revisions"}],"predecessor-version":[{"id":1359,"href":"https:\/\/oexpressobr.com.br\/index.php?rest_route=\/wp\/v2\/posts\/1357\/revisions\/1359"}],"wp:featuredmedia":[{"embeddable":true,"href":"https:\/\/oexpressobr.com.br\/index.php?rest_route=\/wp\/v2\/media\/1358"}],"wp:attachment":[{"href":"https:\/\/oexpressobr.com.br\/index.php?rest_route=%2Fwp%2Fv2%2Fmedia&parent=1357"}],"wp:term":[{"taxonomy":"category","embeddable":true,"href":"https:\/\/oexpressobr.com.br\/index.php?rest_route=%2Fwp%2Fv2%2Fcategories&post=1357"},{"taxonomy":"post_tag","embeddable":true,"href":"https:\/\/oexpressobr.com.br\/index.php?rest_route=%2Fwp%2Fv2%2Ftags&post=1357"}],"curies":[{"name":"wp","href":"https:\/\/api.w.org\/{rel}","templated":true}]}}