{"id":1360,"date":"2026-01-04T04:56:23","date_gmt":"2026-01-04T07:56:23","guid":{"rendered":"https:\/\/oexpressobr.com.br\/?p=1360"},"modified":"2026-01-04T04:56:24","modified_gmt":"2026-01-04T07:56:24","slug":"diosdado-cabello-pede-calma-a-populacao-apos-ataques-dos-eua-e-captura-de-nicolas-maduro","status":"publish","type":"post","link":"https:\/\/oexpressobr.com.br\/?p=1360","title":{"rendered":"Diosdado Cabello pede calma \u00e0 popula\u00e7\u00e3o ap\u00f3s ataques dos EUA e captura de Nicol\u00e1s Maduro"},"content":{"rendered":"\n<p class=\"wp-block-paragraph\">A Venezuela amanheceu sob extrema tens\u00e3o neste s\u00e1bado, 3 de janeiro de 2026, ap\u00f3s uma ofensiva militar de larga escala coordenada pelos Estados Unidos. Em pronunciamento oficial, o ministro do Interior e atual &#8220;homem forte&#8221; do chavismo, <strong>Diosdado Cabello<\/strong>, convocou o povo venezuelano \u00e0 calma e \u00e0 resist\u00eancia, classificando a a\u00e7\u00e3o americana como um ato de &#8220;terrorismo imperialista&#8221;.<\/p>\n\n\n\n<h3 class=\"wp-block-heading\">\u200bO cen\u00e1rio da ofensiva<\/h3>\n\n\n\n<p class=\"wp-block-paragraph\">\u200bA opera\u00e7\u00e3o, que utilizou m\u00edsseis, bombardeios a\u00e9reos e tropas de elite, atingiu pontos estrat\u00e9gicos em <strong>Caracas<\/strong> e nos estados de <strong>Miranda, Aragua e La Guaira<\/strong>. Segundo informa\u00e7\u00f5es confirmadas pelo governo dos EUA e por ve\u00edculos internacionais como o <em>The New York Times<\/em>, a ofensiva resultou na captura do presidente <strong>Nicol\u00e1s Maduro<\/strong> e de sua esposa, <strong>Cilia Flores<\/strong>.<\/p>\n\n\n\n<ul class=\"wp-block-list\">\n<li>\u200b<strong>A Captura:<\/strong> Tropas da For\u00e7a Delta teriam realizado a pris\u00e3o de Maduro em um bunker, transferindo-o imediatamente para um navio da Marinha americana.<\/li>\n\n\n\n<li>\u200b<strong>Justificativa dos EUA:<\/strong> O presidente Donald Trump afirmou que a a\u00e7\u00e3o visa combater o &#8220;narcoterrorismo&#8221; e que os EUA administrar\u00e3o o pa\u00eds interinamente at\u00e9 uma transi\u00e7\u00e3o de poder.<\/li>\n\n\n\n<li>\u200b<strong>V\u00edtimas:<\/strong> Relatos iniciais indicam pelo menos 40 mortes decorrentes dos bombardeios.<\/li>\n<\/ul>\n\n\n\n<h3 class=\"wp-block-heading\">\u200bA rea\u00e7\u00e3o de Diosdado Cabello<\/h3>\n\n\n\n<p class=\"wp-block-paragraph\">\u200bCercado por militares armados em um v\u00eddeo divulgado nas redes sociais, Cabello tentou transmitir uma imagem de controle estatal, apesar da aus\u00eancia de Maduro.<\/p>\n\n\n\n<blockquote class=\"wp-block-quote is-layout-flow wp-block-quote-is-layout-flow\">\n<p class=\"wp-block-paragraph\">\u200b&#8221;O pa\u00eds est\u00e1 completamente calmo. O que eles tentaram fazer com as bombas e m\u00edsseis, conseguiram apenas parcialmente. Esperavam que o povo se revoltasse ou agisse com covardia, mas aqui n\u00e3o h\u00e1 covardes&#8221;, declarou o ministro.<\/p>\n<\/blockquote>\n\n\n\n<p class=\"wp-block-paragraph\">\u200bCabello instou a popula\u00e7\u00e3o a n\u00e3o cair em provoca\u00e7\u00f5es e a manter a &#8220;f\u00e9 absoluta&#8221; na vit\u00f3ria final. Ele tamb\u00e9m cobrou uma postura firme de organismos globais, questionando se as Na\u00e7\u00f5es Unidas ser\u00e3o &#8220;c\u00famplices&#8221; da invas\u00e3o.<\/p>\n\n\n\n<h3 class=\"wp-block-heading\">\u200bRepercuss\u00e3o Internacional<\/h3>\n\n\n\n<p class=\"wp-block-paragraph\">\u200bA a\u00e7\u00e3o militar provocou uma onda de rea\u00e7\u00f5es imediatas ao redor do mundo:<\/p>\n\n\n\n<ol class=\"wp-block-list\">\n<li>\u200b<strong>Brasil:<\/strong> O presidente <strong>Luiz In\u00e1cio Lula da Silva<\/strong> condenou o ataque, classificando-o como uma viola\u00e7\u00e3o grav\u00edssima do direito internacional e uma &#8220;linha inaceit\u00e1vel&#8221; ultrapassada pelos EUA.<\/li>\n\n\n\n<li>\u200b<strong>ONU:<\/strong> O secret\u00e1rio-geral, Ant\u00f3nio Guterres, expressou profunda preocupa\u00e7\u00e3o e alertou para um &#8220;precedente perigoso&#8221; na geopol\u00edtica mundial.<\/li>\n\n\n\n<li>\u200b<strong>Aliados e Cr\u00edticos:<\/strong> Enquanto pa\u00edses como Cuba, R\u00fassia e Ir\u00e3 repudiaram a a\u00e7\u00e3o, o presidente argentino Javier Milei celebrou o ocorrido com mensagens de apoio \u00e0 &#8220;liberdade&#8221;.<\/li>\n<\/ol>\n\n\n\n<p class=\"wp-block-paragraph\">\u200bA situa\u00e7\u00e3o na fronteira com o Brasil, no estado de Roraima, segue sob monitoramento rigoroso do Ex\u00e9rcito Brasileiro, embora o clima em Pacaraima tenha sido relatado como de &#8220;normalidade tensa&#8221; durante as primeiras horas ap\u00f3s o ataque.<\/p>\n","protected":false},"excerpt":{"rendered":"<p>A Venezuela amanheceu sob extrema tens\u00e3o neste s\u00e1bado, 3 de janeiro de 2026, ap\u00f3s uma ofensiva militar de larga escala coordenada pelos Estados Unidos. Em [&#8230;]<\/p>\n","protected":false},"author":1,"featured_media":1361,"comment_status":"open","ping_status":"open","sticky":false,"template":"","format":"standard","meta":{"_crdt_document":"","_jetpack_memberships_contains_paid_content":false,"footnotes":"","jetpack_publicize_message":"","jetpack_publicize_feature_enabled":true,"jetpack_social_post_already_shared":true,"jetpack_social_options":{"image_generator_settings":{"template":"highway","default_image_id":0,"font":"","enabled":false},"version":2}},"categories":[15],"tags":[],"class_list":["post-1360","post","type-post","status-publish","format-standard","has-post-thumbnail","hentry","category-internacional"],"jetpack_publicize_connections":[],"jetpack_featured_media_url":"https:\/\/i0.wp.com\/oexpressobr.com.br\/wp-content\/uploads\/2026\/01\/diosdado_cabello_.webp?fit=1170%2C700&ssl=1","jetpack_likes_enabled":true,"jetpack_sharing_enabled":true,"_links":{"self":[{"href":"https:\/\/oexpressobr.com.br\/index.php?rest_route=\/wp\/v2\/posts\/1360","targetHints":{"allow":["GET"]}}],"collection":[{"href":"https:\/\/oexpressobr.com.br\/index.php?rest_route=\/wp\/v2\/posts"}],"about":[{"href":"https:\/\/oexpressobr.com.br\/index.php?rest_route=\/wp\/v2\/types\/post"}],"author":[{"embeddable":true,"href":"https:\/\/oexpressobr.com.br\/index.php?rest_route=\/wp\/v2\/users\/1"}],"replies":[{"embeddable":true,"href":"https:\/\/oexpressobr.com.br\/index.php?rest_route=%2Fwp%2Fv2%2Fcomments&post=1360"}],"version-history":[{"count":1,"href":"https:\/\/oexpressobr.com.br\/index.php?rest_route=\/wp\/v2\/posts\/1360\/revisions"}],"predecessor-version":[{"id":1362,"href":"https:\/\/oexpressobr.com.br\/index.php?rest_route=\/wp\/v2\/posts\/1360\/revisions\/1362"}],"wp:featuredmedia":[{"embeddable":true,"href":"https:\/\/oexpressobr.com.br\/index.php?rest_route=\/wp\/v2\/media\/1361"}],"wp:attachment":[{"href":"https:\/\/oexpressobr.com.br\/index.php?rest_route=%2Fwp%2Fv2%2Fmedia&parent=1360"}],"wp:term":[{"taxonomy":"category","embeddable":true,"href":"https:\/\/oexpressobr.com.br\/index.php?rest_route=%2Fwp%2Fv2%2Fcategories&post=1360"},{"taxonomy":"post_tag","embeddable":true,"href":"https:\/\/oexpressobr.com.br\/index.php?rest_route=%2Fwp%2Fv2%2Ftags&post=1360"}],"curies":[{"name":"wp","href":"https:\/\/api.w.org\/{rel}","templated":true}]}}