{"id":1368,"date":"2026-01-04T05:09:39","date_gmt":"2026-01-04T08:09:39","guid":{"rendered":"https:\/\/oexpressobr.com.br\/?p=1368"},"modified":"2026-01-04T05:09:40","modified_gmt":"2026-01-04T08:09:40","slug":"china-condena-ataque-dos-eua-na-venezuela-e-aponta-violacao-do-direito-internacional","status":"publish","type":"post","link":"https:\/\/oexpressobr.com.br\/?p=1368","title":{"rendered":"China condena ataque dos EUA na Venezuela e aponta viola\u00e7\u00e3o do direito internacional"},"content":{"rendered":"\n<p class=\"wp-block-paragraph\">A escalada de tens\u00e3o na Am\u00e9rica Latina atingiu um n\u00edvel cr\u00edtico neste in\u00edcio de 2026. O governo da China manifestou-se oficialmente para condenar a incurs\u00e3o militar dos Estados Unidos em territ\u00f3rio venezuelano, que resultou na captura de Nicol\u00e1s Maduro e sua esposa, Cilia Flores. Em comunicado divulgado pelo Minist\u00e9rio das Rela\u00e7\u00f5es Exteriores, Pequim classificou a a\u00e7\u00e3o como um &#8220;comportamento hegem\u00f4nico&#8221; que fere frontalmente a soberania nacional e os princ\u00edpios da Carta das Na\u00e7\u00f5es Unidas.<\/p>\n\n\n\n<h3 class=\"wp-block-heading\">\u200bO choque diplom\u00e1tico e a defesa da soberania<\/h3>\n\n\n\n<p class=\"wp-block-paragraph\">\u200bA chancelaria chinesa afirmou estar &#8220;profundamente chocada&#8221; com o uso de for\u00e7a militar contra um Estado soberano. Para o governo de Xi Jinping, a opera\u00e7\u00e3o \u2014 conduzida sem o aval do Conselho de Seguran\u00e7a da ONU \u2014 abre um precedente perigoso para a ordem global. Pequim exortou Washington a interromper imediatamente as viola\u00e7\u00f5es \u00e0 seguran\u00e7a de outros pa\u00edses e a respeitar o multilateralismo.<\/p>\n\n\n\n<p class=\"wp-block-paragraph\">\u200bA preocupa\u00e7\u00e3o chinesa n\u00e3o \u00e9 apenas diplom\u00e1tica, mas estrat\u00e9gica. Analistas apontam que cerca de 90% do petr\u00f3leo venezuelano \u00e9 exportado para a China. Uma mudan\u00e7a de regime imposta pela for\u00e7a e o controle direto das reservas por empresas norte-americanas, como sugerido pelo presidente Donald Trump, amea\u00e7am o suprimento de uma commodity vital para a economia asi\u00e1tica.<\/p>\n\n\n\n<h3 class=\"wp-block-heading\">\u200bDetalhes da &#8220;Opera\u00e7\u00e3o Resolu\u00e7\u00e3o Absoluta&#8221;<\/h3>\n\n\n\n<p class=\"wp-block-paragraph\">\u200bA a\u00e7\u00e3o que gerou o rep\u00fadio chin\u00eas ocorreu na madrugada de s\u00e1bado, 3 de janeiro de 2026. Tropas de elite dos EUA realizaram bombardeios cir\u00fargicos em Caracas e capturaram Maduro em uma miss\u00e3o que durou pouco mais de duas horas.<\/p>\n\n\n\n<ul class=\"wp-block-list\">\n<li>\u200b<strong>Captura e Deten\u00e7\u00e3o:<\/strong> Trump confirmou que Maduro e sua esposa foram levados para o navio de guerra <em>USS Iwo Jima<\/em> e, posteriormente, encaminhados para Nova York, onde enfrentar\u00e3o julgamento por narcoterrorismo.<\/li>\n\n\n\n<li>\u200b<strong>V\u00edtimas:<\/strong> Relatos iniciais indicam pelo menos 40 mortes decorrentes dos confrontos durante a extra\u00e7\u00e3o do l\u00edder venezuelano.<\/li>\n\n\n\n<li>\u200b<strong>Governan\u00e7a:<\/strong> Em pronunciamento, Trump declarou que os EUA administrar\u00e3o o pa\u00eds temporariamente at\u00e9 uma &#8220;transi\u00e7\u00e3o segura&#8221;, indicando planos para que petroleiras americanas retomem a explora\u00e7\u00e3o no pa\u00eds.<\/li>\n<\/ul>\n\n\n\n<h3 class=\"wp-block-heading\">\u200bRea\u00e7\u00e3o internacional e divis\u00e3o regional<\/h3>\n\n\n\n<p class=\"wp-block-paragraph\">\u200bEnquanto a China e a R\u00fassia classificam o epis\u00f3dio como &#8220;agress\u00e3o armada&#8221;, a resposta na Am\u00e9rica Latina \u00e9 polarizada. O governo brasileiro, sob o presidente Lula, classificou a captura como uma &#8220;linha inaceit\u00e1vel&#8221; e apelou por uma resposta da ONU. Por outro lado, o presidente da Argentina, Javier Milei, celebrou a a\u00e7\u00e3o com frases de apoio \u00e0 &#8220;liberdade&#8221;.<\/p>\n\n\n\n<p class=\"wp-block-paragraph\">\u200bA fronteira entre Brasil e Venezuela permanece fechada e monitorada por for\u00e7as militares brasileiras, refletindo o clima de incerteza que paira sobre a regi\u00e3o. O Conselho de Seguran\u00e7a da ONU deve se reunir em car\u00e1ter de emerg\u00eancia nesta segunda-feira para debater as consequ\u00eancias legais e humanit\u00e1rias da interven\u00e7\u00e3o.<\/p>\n","protected":false},"excerpt":{"rendered":"<p>A escalada de tens\u00e3o na Am\u00e9rica Latina atingiu um n\u00edvel cr\u00edtico neste in\u00edcio de 2026. O governo da China manifestou-se oficialmente para condenar a incurs\u00e3o [&#8230;]<\/p>\n","protected":false},"author":1,"featured_media":1369,"comment_status":"open","ping_status":"open","sticky":false,"template":"","format":"standard","meta":{"_crdt_document":"","_jetpack_memberships_contains_paid_content":false,"footnotes":"","jetpack_publicize_message":"","jetpack_publicize_feature_enabled":true,"jetpack_social_post_already_shared":true,"jetpack_social_options":{"image_generator_settings":{"template":"highway","default_image_id":0,"font":"","enabled":false},"version":2}},"categories":[15],"tags":[],"class_list":["post-1368","post","type-post","status-publish","format-standard","has-post-thumbnail","hentry","category-internacional"],"jetpack_publicize_connections":[],"jetpack_featured_media_url":"https:\/\/i0.wp.com\/oexpressobr.com.br\/wp-content\/uploads\/2026\/01\/2026-01-03t150350z_1_lynxmpem020ai_rtroptp_4_usa-trump-venezuela-un.webp?fit=1170%2C700&ssl=1","jetpack_likes_enabled":true,"jetpack_sharing_enabled":true,"_links":{"self":[{"href":"https:\/\/oexpressobr.com.br\/index.php?rest_route=\/wp\/v2\/posts\/1368","targetHints":{"allow":["GET"]}}],"collection":[{"href":"https:\/\/oexpressobr.com.br\/index.php?rest_route=\/wp\/v2\/posts"}],"about":[{"href":"https:\/\/oexpressobr.com.br\/index.php?rest_route=\/wp\/v2\/types\/post"}],"author":[{"embeddable":true,"href":"https:\/\/oexpressobr.com.br\/index.php?rest_route=\/wp\/v2\/users\/1"}],"replies":[{"embeddable":true,"href":"https:\/\/oexpressobr.com.br\/index.php?rest_route=%2Fwp%2Fv2%2Fcomments&post=1368"}],"version-history":[{"count":1,"href":"https:\/\/oexpressobr.com.br\/index.php?rest_route=\/wp\/v2\/posts\/1368\/revisions"}],"predecessor-version":[{"id":1370,"href":"https:\/\/oexpressobr.com.br\/index.php?rest_route=\/wp\/v2\/posts\/1368\/revisions\/1370"}],"wp:featuredmedia":[{"embeddable":true,"href":"https:\/\/oexpressobr.com.br\/index.php?rest_route=\/wp\/v2\/media\/1369"}],"wp:attachment":[{"href":"https:\/\/oexpressobr.com.br\/index.php?rest_route=%2Fwp%2Fv2%2Fmedia&parent=1368"}],"wp:term":[{"taxonomy":"category","embeddable":true,"href":"https:\/\/oexpressobr.com.br\/index.php?rest_route=%2Fwp%2Fv2%2Fcategories&post=1368"},{"taxonomy":"post_tag","embeddable":true,"href":"https:\/\/oexpressobr.com.br\/index.php?rest_route=%2Fwp%2Fv2%2Ftags&post=1368"}],"curies":[{"name":"wp","href":"https:\/\/api.w.org\/{rel}","templated":true}]}}