{"id":137,"date":"2025-12-01T08:32:28","date_gmt":"2025-12-01T11:32:28","guid":{"rendered":"https:\/\/oexpressobr.com.br\/?p=137"},"modified":"2025-12-01T08:32:29","modified_gmt":"2025-12-01T11:32:29","slug":"lula-sanciona-isencao-do-ir-e-promete-renda-extra-para-a-populacao","status":"publish","type":"post","link":"https:\/\/oexpressobr.com.br\/?p=137","title":{"rendered":"Lula Sanciona Isen\u00e7\u00e3o do IR e Promete Renda Extra para a Popula\u00e7\u00e3o"},"content":{"rendered":"\n<p class=\"wp-block-paragraph\">O presidente Luiz In\u00e1cio Lula da Silva sancionou, na \u00faltima quarta-feira (26 de novembro de 2025), a lei que amplia a <strong>isen\u00e7\u00e3o do Imposto de Renda<\/strong> Pessoa F\u00edsica (IRPF) para quem recebe at\u00e9 <strong>R$ 5 mil mensais<\/strong>. A medida, que tamb\u00e9m estabelece descontos progressivos para rendas de at\u00e9 R$ 7.350, passa a valer a partir de 1\u00ba de janeiro de 2026.<\/p>\n\n\n\n<p class=\"wp-block-paragraph\">\u200bDurante a cerim\u00f4nia de san\u00e7\u00e3o, o presidente destacou o car\u00e1ter social da nova legisla\u00e7\u00e3o, que integra o seu compromisso de reduzir as desigualdades no pa\u00eds, e at\u00e9 brincou com o destino do dinheiro extra no bolso do trabalhador:<\/p>\n\n\n\n<blockquote class=\"wp-block-quote is-layout-flow wp-block-quote-is-layout-flow\">\n<p class=\"wp-block-paragraph\">\u200b&#8221;O dinheiro \u2018extra\u2019 com a isen\u00e7\u00e3o do IR pode virar uma TV para assistir \u00e0 Copa&#8221;, afirmou Lula, referindo-se ao aumento do poder de compra da popula\u00e7\u00e3o.<\/p>\n<\/blockquote>\n\n\n\n<h3 class=\"wp-block-heading\">\u200b\ud83d\udcb0 Inje\u00e7\u00e3o de Renda e Justi\u00e7a Tribut\u00e1ria<\/h3>\n\n\n\n<p class=\"wp-block-paragraph\">\u200bA nova lei \u00e9 celebrada pelo governo como um passo decisivo no combate \u00e0 <strong>&#8220;principal causa da desigualdade no Brasil, a injusti\u00e7a tribut\u00e1ria&#8221;<\/strong>. Em pronunciamento \u00e0 na\u00e7\u00e3o no \u00faltimo domingo (30), o presidente refor\u00e7ou essa vis\u00e3o, mostrando que a economia anual pode equivaler a um &#8220;quase d\u00e9cimo quarto sal\u00e1rio&#8221; para quem ganha cerca de R$ 4.800.<\/p>\n\n\n\n<ul class=\"wp-block-list\">\n<li>\u200b<strong>Benef\u00edcio Imediato:<\/strong> A isen\u00e7\u00e3o de IR para quem ganha at\u00e9 R$ 5 mil passa a valer em janeiro de 2026, sendo que dezembro ser\u00e1 o \u00faltimo m\u00eas com desconto na folha de pagamento para essa faixa.<\/li>\n\n\n\n<li>\u200b<strong>Impacto na Economia:<\/strong> Segundo o presidente, o dinheiro que deixar\u00e1 de ser recolhido pelo IR deve injetar cerca de <strong>R$ 28 bilh\u00f5es na economia<\/strong>, impulsionando o consumo e fazendo &#8220;a roda da economia girar&#8221;.<\/li>\n\n\n\n<li>\u200b<strong>Taxa\u00e7\u00e3o dos Super-Ricos:<\/strong> Para compensar a perda de arrecada\u00e7\u00e3o do IRPF com a amplia\u00e7\u00e3o da isen\u00e7\u00e3o, a lei prev\u00ea o aumento da tributa\u00e7\u00e3o de altas rendas, incluindo a taxa\u00e7\u00e3o de lucros e dividendos acima de R$ 600 mil anuais (com reten\u00e7\u00e3o na fonte para valores acima de R$ 50 mil mensais). O ministro da Fazenda, Fernando Haddad, salientou que a medida busca alinhar o imposto \u00e0 capacidade contributiva dos brasileiros, acabando com privil\u00e9gios.<\/li>\n<\/ul>\n\n\n\n<p class=\"wp-block-paragraph\">\u200bA estimativa do governo \u00e9 que a nova regra beneficie mais de <strong>15 milh\u00f5es de brasileiros<\/strong>, entre isen\u00e7\u00e3o total e redu\u00e7\u00e3o do imposto. O presidente da C\u00e2mara, Arthur Lira, e o presidente do Senado, Davi Alcolumbre, tamb\u00e9m destacaram a aprova\u00e7\u00e3o un\u00e2nime no Congresso como um sinal de di\u00e1logo e compromisso com a justi\u00e7a tribut\u00e1ria.<\/p>\n","protected":false},"excerpt":{"rendered":"<p>O presidente Luiz In\u00e1cio Lula da Silva sancionou, na \u00faltima quarta-feira (26 de novembro de 2025), a lei que amplia a isen\u00e7\u00e3o do Imposto de [&#8230;]<\/p>\n","protected":false},"author":1,"featured_media":138,"comment_status":"open","ping_status":"open","sticky":false,"template":"","format":"standard","meta":{"_crdt_document":"","_jetpack_memberships_contains_paid_content":false,"footnotes":"","jetpack_publicize_message":"","jetpack_publicize_feature_enabled":true,"jetpack_social_post_already_shared":false,"jetpack_social_options":{"image_generator_settings":{"template":"highway","default_image_id":0,"font":"","enabled":false},"version":2}},"categories":[10],"tags":[],"class_list":["post-137","post","type-post","status-publish","format-standard","has-post-thumbnail","hentry","category-economia"],"jetpack_publicize_connections":[],"jetpack_featured_media_url":"https:\/\/i0.wp.com\/oexpressobr.com.br\/wp-content\/uploads\/2025\/12\/IMG-20251201-WA0160.jpg?fit=750%2C500&ssl=1","jetpack_likes_enabled":true,"jetpack_sharing_enabled":true,"_links":{"self":[{"href":"https:\/\/oexpressobr.com.br\/index.php?rest_route=\/wp\/v2\/posts\/137","targetHints":{"allow":["GET"]}}],"collection":[{"href":"https:\/\/oexpressobr.com.br\/index.php?rest_route=\/wp\/v2\/posts"}],"about":[{"href":"https:\/\/oexpressobr.com.br\/index.php?rest_route=\/wp\/v2\/types\/post"}],"author":[{"embeddable":true,"href":"https:\/\/oexpressobr.com.br\/index.php?rest_route=\/wp\/v2\/users\/1"}],"replies":[{"embeddable":true,"href":"https:\/\/oexpressobr.com.br\/index.php?rest_route=%2Fwp%2Fv2%2Fcomments&post=137"}],"version-history":[{"count":0,"href":"https:\/\/oexpressobr.com.br\/index.php?rest_route=\/wp\/v2\/posts\/137\/revisions"}],"wp:featuredmedia":[{"embeddable":true,"href":"https:\/\/oexpressobr.com.br\/index.php?rest_route=\/wp\/v2\/media\/138"}],"wp:attachment":[{"href":"https:\/\/oexpressobr.com.br\/index.php?rest_route=%2Fwp%2Fv2%2Fmedia&parent=137"}],"wp:term":[{"taxonomy":"category","embeddable":true,"href":"https:\/\/oexpressobr.com.br\/index.php?rest_route=%2Fwp%2Fv2%2Fcategories&post=137"},{"taxonomy":"post_tag","embeddable":true,"href":"https:\/\/oexpressobr.com.br\/index.php?rest_route=%2Fwp%2Fv2%2Ftags&post=137"}],"curies":[{"name":"wp","href":"https:\/\/api.w.org\/{rel}","templated":true}]}}