{"id":1371,"date":"2026-01-04T05:15:29","date_gmt":"2026-01-04T08:15:29","guid":{"rendered":"https:\/\/oexpressobr.com.br\/?p=1371"},"modified":"2026-01-04T05:15:31","modified_gmt":"2026-01-04T08:15:31","slug":"africa-do-sul-solicita-que-conselho-da-onu-se-reuna-com-urgencia-apos-captura-de-maduro-pelos-eua","status":"publish","type":"post","link":"https:\/\/oexpressobr.com.br\/?p=1371","title":{"rendered":"\u00c1frica do Sul solicita que Conselho da ONU se re\u00fana com urg\u00eancia ap\u00f3s captura de Maduro pelos EUA"},"content":{"rendered":"\n<p class=\"wp-block-paragraph\">O governo da <strong>\u00c1frica do Sul<\/strong> solicitou formalmente uma reuni\u00e3o de emerg\u00eancia do <strong>Conselho de Seguran\u00e7a das Na\u00e7\u00f5es Unidas (ONU)<\/strong> para discutir a interven\u00e7\u00e3o militar dos <strong>Estados Unidos<\/strong> na <strong>Venezuela<\/strong>. A movimenta\u00e7\u00e3o ocorre ap\u00f3s a confirma\u00e7\u00e3o de que for\u00e7as norte-americanas realizaram uma opera\u00e7\u00e3o em larga escala em territ\u00f3rio venezuelano, culminando na captura do presidente <strong>Nicol\u00e1s Maduro<\/strong> e de sua esposa, Cilia Flores.<\/p>\n\n\n\n<h3 class=\"wp-block-heading\">\u200bViola\u00e7\u00e3o do Direito Internacional<\/h3>\n\n\n\n<p class=\"wp-block-paragraph\">\u200bEm nota oficial divulgada pelo Departamento de Rela\u00e7\u00f5es Internacionais, a \u00c1frica do Sul condenou veementemente a a\u00e7\u00e3o, classificando-a como uma &#8220;viola\u00e7\u00e3o manifesta da Carta das Na\u00e7\u00f5es Unidas&#8221;. O governo liderado pelo presidente <strong>Cyril Ramaphosa<\/strong> argumenta que o uso unilateral da for\u00e7a contra um Estado soberano mina a estabilidade da ordem internacional e o princ\u00edpio da igualdade entre as na\u00e7\u00f5es.<\/p>\n\n\n\n<blockquote class=\"wp-block-quote is-layout-flow wp-block-quote-is-layout-flow\">\n<p class=\"wp-block-paragraph\">\u200b&#8221;A hist\u00f3ria tem demonstrado repetidamente que invas\u00f5es militares contra Estados soberanos geram apenas instabilidade e o aprofundamento das crises&#8221;, afirmou o comunicado sul-africano.<\/p>\n<\/blockquote>\n\n\n\n<h3 class=\"wp-block-heading\">\u200bContexto da Opera\u00e7\u00e3o Militar<\/h3>\n\n\n\n<p class=\"wp-block-paragraph\">\u200bA opera\u00e7\u00e3o, autorizada pelo governo de <strong>Donald Trump<\/strong>, utilizou cerca de 150 aeronaves partindo de 20 bases distintas. Segundo fontes de Washington, Nicol\u00e1s Maduro j\u00e1 desembarcou em Nova York sob cust\u00f3dia de agentes federais para enfrentar acusa\u00e7\u00f5es de narcoterrorismo.<\/p>\n\n\n\n<p class=\"wp-block-paragraph\">\u200bEnquanto os EUA defendem a a\u00e7\u00e3o como uma medida de &#8220;justi\u00e7a&#8221; contra um regime ileg\u00edtimo, pa\u00edses como <strong>R\u00fassia<\/strong> e <strong>China<\/strong> apoiaram o pedido de reuni\u00e3o urgente, alertando para os riscos de um novo per\u00edodo de colonialismo na Am\u00e9rica do Sul.<\/p>\n\n\n\n<h3 class=\"wp-block-heading\">\u200bRea\u00e7\u00f5es e Pr\u00f3ximos Passos<\/h3>\n\n\n\n<ul class=\"wp-block-list\">\n<li>\u200b<strong>Conselho de Seguran\u00e7a:<\/strong> A reuni\u00e3o est\u00e1 prevista para ocorrer nesta segunda-feira (5 de janeiro), onde os 15 membros do conselho discutir\u00e3o as implica\u00e7\u00f5es geopol\u00edticas da captura.<\/li>\n\n\n\n<li>\u200b<strong>Am\u00e9rica Latina:<\/strong> O Brasil, atrav\u00e9s do Itamaraty, informou que monitora a fronteira, enquanto outros l\u00edderes regionais expressaram preocupa\u00e7\u00e3o com a soberania do continente.<\/li>\n\n\n\n<li>\u200b<strong>Venezuela:<\/strong> A vice-presidente Delcy Rodr\u00edguez convocou o Conselho de Defesa da Na\u00e7\u00e3o, afirmando que o pa\u00eds &#8220;jamais ser\u00e1 escravo&#8221; ou col\u00f4nia dos Estados Unidos.<\/li>\n<\/ul>\n","protected":false},"excerpt":{"rendered":"<p>O governo da \u00c1frica do Sul solicitou formalmente uma reuni\u00e3o de emerg\u00eancia do Conselho de Seguran\u00e7a das Na\u00e7\u00f5es Unidas (ONU) para discutir a interven\u00e7\u00e3o militar [&#8230;]<\/p>\n","protected":false},"author":1,"featured_media":1372,"comment_status":"open","ping_status":"open","sticky":false,"template":"","format":"standard","meta":{"_crdt_document":"","_jetpack_memberships_contains_paid_content":false,"footnotes":"","jetpack_publicize_message":"","jetpack_publicize_feature_enabled":true,"jetpack_social_post_already_shared":true,"jetpack_social_options":{"image_generator_settings":{"template":"highway","default_image_id":0,"font":"","enabled":false},"version":2}},"categories":[15],"tags":[],"class_list":["post-1371","post","type-post","status-publish","format-standard","has-post-thumbnail","hentry","category-internacional"],"jetpack_publicize_connections":[],"jetpack_featured_media_url":"https:\/\/i0.wp.com\/oexpressobr.com.br\/wp-content\/uploads\/2026\/01\/onu_ira_-_reuters.webp?fit=1170%2C700&ssl=1","jetpack_likes_enabled":true,"jetpack_sharing_enabled":true,"_links":{"self":[{"href":"https:\/\/oexpressobr.com.br\/index.php?rest_route=\/wp\/v2\/posts\/1371","targetHints":{"allow":["GET"]}}],"collection":[{"href":"https:\/\/oexpressobr.com.br\/index.php?rest_route=\/wp\/v2\/posts"}],"about":[{"href":"https:\/\/oexpressobr.com.br\/index.php?rest_route=\/wp\/v2\/types\/post"}],"author":[{"embeddable":true,"href":"https:\/\/oexpressobr.com.br\/index.php?rest_route=\/wp\/v2\/users\/1"}],"replies":[{"embeddable":true,"href":"https:\/\/oexpressobr.com.br\/index.php?rest_route=%2Fwp%2Fv2%2Fcomments&post=1371"}],"version-history":[{"count":1,"href":"https:\/\/oexpressobr.com.br\/index.php?rest_route=\/wp\/v2\/posts\/1371\/revisions"}],"predecessor-version":[{"id":1373,"href":"https:\/\/oexpressobr.com.br\/index.php?rest_route=\/wp\/v2\/posts\/1371\/revisions\/1373"}],"wp:featuredmedia":[{"embeddable":true,"href":"https:\/\/oexpressobr.com.br\/index.php?rest_route=\/wp\/v2\/media\/1372"}],"wp:attachment":[{"href":"https:\/\/oexpressobr.com.br\/index.php?rest_route=%2Fwp%2Fv2%2Fmedia&parent=1371"}],"wp:term":[{"taxonomy":"category","embeddable":true,"href":"https:\/\/oexpressobr.com.br\/index.php?rest_route=%2Fwp%2Fv2%2Fcategories&post=1371"},{"taxonomy":"post_tag","embeddable":true,"href":"https:\/\/oexpressobr.com.br\/index.php?rest_route=%2Fwp%2Fv2%2Ftags&post=1371"}],"curies":[{"name":"wp","href":"https:\/\/api.w.org\/{rel}","templated":true}]}}