{"id":1377,"date":"2026-01-04T05:29:05","date_gmt":"2026-01-04T08:29:05","guid":{"rendered":"https:\/\/oexpressobr.com.br\/?p=1377"},"modified":"2026-01-04T05:29:06","modified_gmt":"2026-01-04T08:29:06","slug":"turistas-brasileiros-deixam-a-venezuela-apos-ofensiva-dos-eua","status":"publish","type":"post","link":"https:\/\/oexpressobr.com.br\/?p=1377","title":{"rendered":"Turistas brasileiros deixam a Venezuela ap\u00f3s ofensiva dos EUA"},"content":{"rendered":"\n<p class=\"wp-block-paragraph\">A crise na Am\u00e9rica Latina atingiu um novo patamar neste fim de semana. Ap\u00f3s os ataques militares coordenados pelos <strong>Estados Unidos<\/strong> contra alvos estrat\u00e9gicos na <strong>Venezuela<\/strong>, que resultaram na captura do presidente <strong>Nicol\u00e1s Maduro<\/strong>, cerca de <strong>100 turistas brasileiros<\/strong> conseguiram cruzar a fronteira de volta ao Brasil.<\/p>\n\n\n\n<p class=\"wp-block-paragraph\">\u200bO grupo, que estava em territ\u00f3rio venezuelano quando a ofensiva come\u00e7ou na madrugada de s\u00e1bado (3), atravessou a linha divis\u00f3ria em <strong>Pacaraima (RR)<\/strong>. Segundo o governo brasileiro, a opera\u00e7\u00e3o de sa\u00edda foi acompanhada pelo vice-consulado do Brasil em Santa Elena de Uair\u00e9n e contou com a colabora\u00e7\u00e3o de autoridades locais para garantir a seguran\u00e7a dos civis.<\/p>\n\n\n\n<h3 class=\"wp-block-heading\">\u200bPosicionamento do Brasil e atua\u00e7\u00e3o internacional<\/h3>\n\n\n\n<p class=\"wp-block-paragraph\">\u200bO governo do presidente <strong>Luiz In\u00e1cio Lula da Silva<\/strong> reagiu prontamente aos eventos. Em nota oficial, o Brasil condenou o ataque, classificando-o como uma &#8220;viola\u00e7\u00e3o do direito internacional&#8221;.<\/p>\n\n\n\n<p class=\"wp-block-paragraph\">\u200b<strong>Pontos principais da resposta brasileira:<\/strong><\/p>\n\n\n\n<ul class=\"wp-block-list\">\n<li>\u200b<strong>Reuni\u00e3o de Emerg\u00eancia:<\/strong> No s\u00e1bado, ministros se reuniram no Itamaraty para monitorar a situa\u00e7\u00e3o da fronteira e a seguran\u00e7a de brasileiros ainda presentes no pa\u00eds vizinho.<\/li>\n\n\n\n<li>\u200b<strong>Conselho de Seguran\u00e7a da ONU:<\/strong> O Brasil confirmou sua participa\u00e7\u00e3o na reuni\u00e3o de emerg\u00eancia do Conselho de Seguran\u00e7a das Na\u00e7\u00f5es Unidas, marcada para esta <strong>segunda-feira (5)<\/strong>. O pa\u00eds ir\u00e1 como convidado para refor\u00e7ar o pedido de di\u00e1logo e repudiar o uso da for\u00e7a militar unilateral.<\/li>\n\n\n\n<li>\u200b<strong>Reconhecimento Diplom\u00e1tico:<\/strong> A diplomacia brasileira informou que, na aus\u00eancia de Maduro, reconhece a vice-presidente <strong>Delcy Rodr\u00edguez<\/strong> como a autoridade interina no comando da Venezuela.<\/li>\n<\/ul>\n\n\n\n<h3 class=\"wp-block-heading\">\u200bO cen\u00e1rio na Venezuela ap\u00f3s os ataques<\/h3>\n\n\n\n<p class=\"wp-block-paragraph\">\u200bA opera\u00e7\u00e3o americana, confirmada pelo presidente <strong>Donald Trump<\/strong>, utilizou cerca de 150 aeronaves e atingiu bases militares e centros de comando em Caracas e outras regi\u00f5es. Trump afirmou que a a\u00e7\u00e3o visa &#8220;restabelecer a ordem&#8221; e combater o narcoterrorismo, anunciando que Maduro j\u00e1 foi levado para os Estados Unidos, onde deve enfrentar julgamento em Nova York.<\/p>\n\n\n\n<p class=\"wp-block-paragraph\">\u200bEnquanto isso, o clima nas ruas venezuelanas \u00e9 de incerteza:<\/p>\n\n\n\n<ol class=\"wp-block-list\">\n<li>\u200b<strong>Restri\u00e7\u00f5es:<\/strong> Aeroportos permanecem fechados, o que tem impedido a sa\u00edda de outros estrangeiros, incluindo jogadores de futebol brasileiros que atuam no pa\u00eds.<\/li>\n\n\n\n<li>\u200b<strong>Servi\u00e7os:<\/strong> Relatos apontam interrup\u00e7\u00f5es intermitentes de energia e internet em diversas cidades.<\/li>\n\n\n\n<li>\u200b<strong>Fronteira:<\/strong> Em Roraima, o Ex\u00e9rcito Brasileiro e a Pol\u00edcia Federal refor\u00e7aram o monitoramento, mas a fronteira permanece aberta para o fluxo humanit\u00e1rio e o retorno de nacionais.<\/li>\n<\/ol>\n","protected":false},"excerpt":{"rendered":"<p>A crise na Am\u00e9rica Latina atingiu um novo patamar neste fim de semana. Ap\u00f3s os ataques militares coordenados pelos Estados Unidos contra alvos estrat\u00e9gicos na [&#8230;]<\/p>\n","protected":false},"author":1,"featured_media":1378,"comment_status":"open","ping_status":"open","sticky":false,"template":"","format":"standard","meta":{"_crdt_document":"","_jetpack_memberships_contains_paid_content":false,"footnotes":"","jetpack_publicize_message":"","jetpack_publicize_feature_enabled":true,"jetpack_social_post_already_shared":true,"jetpack_social_options":{"image_generator_settings":{"template":"highway","default_image_id":0,"font":"","enabled":false},"version":2}},"categories":[15],"tags":[],"class_list":["post-1377","post","type-post","status-publish","format-standard","has-post-thumbnail","hentry","category-internacional"],"jetpack_publicize_connections":[],"jetpack_featured_media_url":"https:\/\/i0.wp.com\/oexpressobr.com.br\/wp-content\/uploads\/2026\/01\/0d7a5419.webp?fit=1170%2C700&ssl=1","jetpack_likes_enabled":true,"jetpack_sharing_enabled":true,"_links":{"self":[{"href":"https:\/\/oexpressobr.com.br\/index.php?rest_route=\/wp\/v2\/posts\/1377","targetHints":{"allow":["GET"]}}],"collection":[{"href":"https:\/\/oexpressobr.com.br\/index.php?rest_route=\/wp\/v2\/posts"}],"about":[{"href":"https:\/\/oexpressobr.com.br\/index.php?rest_route=\/wp\/v2\/types\/post"}],"author":[{"embeddable":true,"href":"https:\/\/oexpressobr.com.br\/index.php?rest_route=\/wp\/v2\/users\/1"}],"replies":[{"embeddable":true,"href":"https:\/\/oexpressobr.com.br\/index.php?rest_route=%2Fwp%2Fv2%2Fcomments&post=1377"}],"version-history":[{"count":1,"href":"https:\/\/oexpressobr.com.br\/index.php?rest_route=\/wp\/v2\/posts\/1377\/revisions"}],"predecessor-version":[{"id":1379,"href":"https:\/\/oexpressobr.com.br\/index.php?rest_route=\/wp\/v2\/posts\/1377\/revisions\/1379"}],"wp:featuredmedia":[{"embeddable":true,"href":"https:\/\/oexpressobr.com.br\/index.php?rest_route=\/wp\/v2\/media\/1378"}],"wp:attachment":[{"href":"https:\/\/oexpressobr.com.br\/index.php?rest_route=%2Fwp%2Fv2%2Fmedia&parent=1377"}],"wp:term":[{"taxonomy":"category","embeddable":true,"href":"https:\/\/oexpressobr.com.br\/index.php?rest_route=%2Fwp%2Fv2%2Fcategories&post=1377"},{"taxonomy":"post_tag","embeddable":true,"href":"https:\/\/oexpressobr.com.br\/index.php?rest_route=%2Fwp%2Fv2%2Ftags&post=1377"}],"curies":[{"name":"wp","href":"https:\/\/api.w.org\/{rel}","templated":true}]}}