{"id":1381,"date":"2026-01-04T05:36:34","date_gmt":"2026-01-04T08:36:34","guid":{"rendered":"https:\/\/oexpressobr.com.br\/?p=1381"},"modified":"2026-01-04T05:36:35","modified_gmt":"2026-01-04T08:36:35","slug":"eduardo-bolsonaro-exalta-ataque-dos-eua-a-venezuela-viva-a-liberdade","status":"publish","type":"post","link":"https:\/\/oexpressobr.com.br\/?p=1381","title":{"rendered":"Eduardo Bolsonaro exalta ataque dos EUA \u00e0 Venezuela: &#8216;Viva a liberdade!&#8217;"},"content":{"rendered":"\n<p class=\"wp-block-paragraph\">A captura do presidente venezuelano <strong>Nicol\u00e1s Maduro<\/strong> por for\u00e7as especiais dos <strong>Estados Unidos<\/strong>, ocorrida na madrugada deste s\u00e1bado (3 de janeiro de 2026), gerou uma onda de rea\u00e7\u00f5es internacionais imediatas. Entre as vozes mais enf\u00e1ticas de apoio \u00e0 opera\u00e7\u00e3o militar est\u00e1 a do ex-deputado federal <strong>Eduardo Bolsonaro (PL-SP)<\/strong>, que atualmente reside em solo americano.<\/p>\n\n\n\n<p class=\"wp-block-paragraph\">\u200bEm publica\u00e7\u00f5es em suas redes sociais, Eduardo celebrou o bombardeio a alvos estrat\u00e9gicos em Caracas e a subsequente pris\u00e3o de Maduro, que teria sido levado para o navio <strong>USS Iwo Jima<\/strong>. Segundo o ex-parlamentar, a queda do regime chavista representa um golpe mortal no <strong>Foro de S\u00e3o Paulo<\/strong>, organiza\u00e7\u00e3o que congrega partidos e movimentos de esquerda na Am\u00e9rica Latina.<\/p>\n\n\n\n<blockquote class=\"wp-block-quote is-layout-flow wp-block-quote-is-layout-flow\">\n<p class=\"wp-block-paragraph\">\u200b&#8221;O regime venezuelano \u00e9 o pilar financeiro, log\u00edstico e simb\u00f3lico do Foro de S\u00e3o Paulo. Com a captura de Maduro vivo, agora Lula, Petro e os demais do Foro ter\u00e3o dias terr\u00edveis. Viva a liberdade!&#8221;, afirmou Eduardo Bolsonaro.<\/p>\n<\/blockquote>\n\n\n\n<h3 class=\"wp-block-heading\">\u200bContexto da opera\u00e7\u00e3o e rea\u00e7\u00f5es no Brasil<\/h3>\n\n\n\n<p class=\"wp-block-paragraph\">\u200bA a\u00e7\u00e3o militar, autorizada pelo presidente <strong>Donald Trump<\/strong>, foi justificada por Washington como uma medida de &#8220;combate ao narcoterrorismo&#8221; e prote\u00e7\u00e3o da seguran\u00e7a nacional americana. A Procuradoria-Geral dos EUA j\u00e1 sinalizou que Maduro dever\u00e1 ser julgado em territ\u00f3rio americano por acusa\u00e7\u00f5es de tr\u00e1fico de drogas e terrorismo.<\/p>\n\n\n\n<p class=\"wp-block-paragraph\">\u200bNo Brasil, o cen\u00e1rio \u00e9 de intensa polariza\u00e7\u00e3o sobre o tema:<\/p>\n\n\n\n<ul class=\"wp-block-list\">\n<li>\u200b<strong>Governo Lula:<\/strong> O presidente Luiz In\u00e1cio Lula da Silva condenou veementemente a ofensiva, classificando-a como uma &#8220;agress\u00e3o militar criminosa&#8221; e uma afronta \u00e0 soberania da Venezuela.<\/li>\n\n\n\n<li>\u200b<strong>Fam\u00edlia Bolsonaro:<\/strong> Al\u00e9m de Eduardo, outros membros da fam\u00edlia, como o senador Fl\u00e1vio Bolsonaro, utilizaram o epis\u00f3dio para atacar o governo brasileiro, sugerindo que a captura de Maduro poderia levar a dela\u00e7\u00f5es que comprometeriam l\u00edderes da esquerda regional.<\/li>\n<\/ul>\n\n\n\n<h3 class=\"wp-block-heading\">\u200bSitua\u00e7\u00e3o de Eduardo Bolsonaro<\/h3>\n\n\n\n<p class=\"wp-block-paragraph\">\u200bEduardo Bolsonaro vive nos Estados Unidos desde o in\u00edcio de 2025, ap\u00f3s se licenciar do mandato na C\u00e2mara dos Deputados alegando persegui\u00e7\u00e3o pol\u00edtica no Brasil. Recentemente, a <strong>Pol\u00edcia Federal<\/strong> determinou que ele retorne ao cargo de escriv\u00e3o da corpora\u00e7\u00e3o, uma vez que seu mandato foi cassado. A perman\u00eancia do pol\u00edtico no exterior tem sido estrat\u00e9gica para consolidar sua articula\u00e7\u00e3o com a ala conservadora republicana, especialmente com o governo Trump.<\/p>\n\n\n\n<p class=\"wp-block-paragraph\">\u200bAt\u00e9 o momento, o <strong>Itamaraty<\/strong> mant\u00e9m uma postura de cautela, enquanto o Minist\u00e9rio da Sa\u00fade informou que monitora a fronteira em Roraima, prevendo um poss\u00edvel aumento no fluxo migrat\u00f3rio em decorr\u00eancia do conflito.<\/p>\n","protected":false},"excerpt":{"rendered":"<p>A captura do presidente venezuelano Nicol\u00e1s Maduro por for\u00e7as especiais dos Estados Unidos, ocorrida na madrugada deste s\u00e1bado (3 de janeiro de 2026), gerou uma [&#8230;]<\/p>\n","protected":false},"author":1,"featured_media":1382,"comment_status":"open","ping_status":"open","sticky":false,"template":"","format":"standard","meta":{"_crdt_document":"","_jetpack_memberships_contains_paid_content":false,"footnotes":"","jetpack_publicize_message":"","jetpack_publicize_feature_enabled":true,"jetpack_social_post_already_shared":true,"jetpack_social_options":{"image_generator_settings":{"template":"highway","default_image_id":0,"font":"","enabled":false},"version":2}},"categories":[15],"tags":[],"class_list":["post-1381","post","type-post","status-publish","format-standard","has-post-thumbnail","hentry","category-internacional"],"jetpack_publicize_connections":[],"jetpack_featured_media_url":"https:\/\/i0.wp.com\/oexpressobr.com.br\/wp-content\/uploads\/2026\/01\/IMG-20260104-WA0101.jpg?fit=1080%2C1080&ssl=1","jetpack_likes_enabled":true,"jetpack_sharing_enabled":true,"_links":{"self":[{"href":"https:\/\/oexpressobr.com.br\/index.php?rest_route=\/wp\/v2\/posts\/1381","targetHints":{"allow":["GET"]}}],"collection":[{"href":"https:\/\/oexpressobr.com.br\/index.php?rest_route=\/wp\/v2\/posts"}],"about":[{"href":"https:\/\/oexpressobr.com.br\/index.php?rest_route=\/wp\/v2\/types\/post"}],"author":[{"embeddable":true,"href":"https:\/\/oexpressobr.com.br\/index.php?rest_route=\/wp\/v2\/users\/1"}],"replies":[{"embeddable":true,"href":"https:\/\/oexpressobr.com.br\/index.php?rest_route=%2Fwp%2Fv2%2Fcomments&post=1381"}],"version-history":[{"count":1,"href":"https:\/\/oexpressobr.com.br\/index.php?rest_route=\/wp\/v2\/posts\/1381\/revisions"}],"predecessor-version":[{"id":1383,"href":"https:\/\/oexpressobr.com.br\/index.php?rest_route=\/wp\/v2\/posts\/1381\/revisions\/1383"}],"wp:featuredmedia":[{"embeddable":true,"href":"https:\/\/oexpressobr.com.br\/index.php?rest_route=\/wp\/v2\/media\/1382"}],"wp:attachment":[{"href":"https:\/\/oexpressobr.com.br\/index.php?rest_route=%2Fwp%2Fv2%2Fmedia&parent=1381"}],"wp:term":[{"taxonomy":"category","embeddable":true,"href":"https:\/\/oexpressobr.com.br\/index.php?rest_route=%2Fwp%2Fv2%2Fcategories&post=1381"},{"taxonomy":"post_tag","embeddable":true,"href":"https:\/\/oexpressobr.com.br\/index.php?rest_route=%2Fwp%2Fv2%2Ftags&post=1381"}],"curies":[{"name":"wp","href":"https:\/\/api.w.org\/{rel}","templated":true}]}}