{"id":1384,"date":"2026-01-04T05:42:03","date_gmt":"2026-01-04T08:42:03","guid":{"rendered":"https:\/\/oexpressobr.com.br\/?p=1384"},"modified":"2026-01-04T05:42:05","modified_gmt":"2026-01-04T08:42:05","slug":"venezuelanos-no-brasil-comemoram-captura-de-maduro-e-projetam-retorno-ao-pais","status":"publish","type":"post","link":"https:\/\/oexpressobr.com.br\/?p=1384","title":{"rendered":"Venezuelanos no Brasil comemoram captura de Maduro e projetam retorno ao pa\u00eds"},"content":{"rendered":"\n<p class=\"wp-block-paragraph\">\u200bA not\u00edcia da captura de Nicol\u00e1s Maduro pelo governo americano, ocorrida neste s\u00e1bado (3), gerou uma onda de euforia e esperan\u00e7a entre a comunidade de refugiados venezuelanos residente no Brasil. Em grupos de WhatsApp e redes sociais, a circula\u00e7\u00e3o de figurinhas e memes com a frase <strong>&#8220;Venezuela livre&#8221;<\/strong> tornou-se o principal term\u00f4metro de um sentimento represado h\u00e1 anos: o al\u00edvio.<\/p>\n\n\n\n<h3 class=\"wp-block-heading\">\u200bO impacto digital e a mobiliza\u00e7\u00e3o nas redes<\/h3>\n\n\n\n<p class=\"wp-block-paragraph\">\u200bAssim que as primeiras confirma\u00e7\u00f5es sobre a opera\u00e7\u00e3o americana foram divulgadas, a comunica\u00e7\u00e3o entre os imigrantes intensificou-se. O que antes eram grupos de apoio para busca de emprego e moradia transformaram-se em canais de celebra\u00e7\u00e3o.<\/p>\n\n\n\n<ul class=\"wp-block-list\">\n<li>\u200b<strong>Memes e S\u00edmbolos:<\/strong> Imagens da bandeira venezuelana sem as &#8220;marcas da ditadura&#8221; e ilustra\u00e7\u00f5es de Maduro sob cust\u00f3dia dominaram as conversas.<\/li>\n\n\n\n<li>\u200b<strong>Relatos de Al\u00edvio:<\/strong> Muitos usu\u00e1rios compartilharam \u00e1udios emocionados, descrevendo o momento como o &#8220;fim de um pesadelo&#8221; que for\u00e7ou a sa\u00edda de mais de 7 milh\u00f5es de pessoas do pa\u00eds nos \u00faltimos anos.<\/li>\n<\/ul>\n\n\n\n<h3 class=\"wp-block-heading\">\u200bO desejo de volta para casa<\/h3>\n\n\n\n<p class=\"wp-block-paragraph\">\u200bPara muitos venezuelanos entrevistados, a captura n\u00e3o representa apenas uma mudan\u00e7a pol\u00edtica, mas a viabilidade de um projeto de vida interrompido. A possibilidade de <strong>retorno volunt\u00e1rio<\/strong> passou a ser o tema central das discuss\u00f5es em cidades como Boa Vista, Manaus e S\u00e3o Paulo, que abrigam os maiores contingentes de refugiados no Brasil.<\/p>\n\n\n\n<blockquote class=\"wp-block-quote is-layout-flow wp-block-quote-is-layout-flow\">\n<p class=\"wp-block-paragraph\">\u200b&#8221;Passamos anos trabalhando longe da fam\u00edlia, enviando cada centavo para que eles pudessem comer. Saber que o respons\u00e1vel por isso ser\u00e1 julgado nos d\u00e1 a esperan\u00e7a de que, em breve, poderemos reconstruir nossa na\u00e7\u00e3o com nossas pr\u00f3prias m\u00e3os&#8221;, afirmou um dos refugiados ouvidos pela reportagem.<\/p>\n<\/blockquote>\n\n\n\n<h3 class=\"wp-block-heading\">\u200bContexto e Desdobramentos<\/h3>\n\n\n\n<p class=\"wp-block-paragraph\">\u200bA captura de Maduro pelo governo dos Estados Unidos ocorre em um momento de extrema tens\u00e3o e ap\u00f3s uma s\u00e9rie de san\u00e7\u00f5es e press\u00f5es diplom\u00e1ticas internacionais. O Departamento de Justi\u00e7a americano mantinha, h\u00e1 tempos, acusa\u00e7\u00f5es formais contra o l\u00edder venezuelano, incluindo narcoterrorismo e corrup\u00e7\u00e3o.<\/p>\n\n\n\n<p class=\"wp-block-paragraph\">\u200b<strong>O que esperar agora:<\/strong><\/p>\n\n\n\n<ul class=\"wp-block-list\">\n<li>\u200b<strong>Transi\u00e7\u00e3o Pol\u00edtica:<\/strong> Observadores internacionais agora monitoram como ser\u00e1 formado o governo de transi\u00e7\u00e3o em Caracas.<\/li>\n\n\n\n<li>\u200b<strong>Estabilidade Econ\u00f4mica:<\/strong> O mercado financeiro e organiza\u00e7\u00f5es de ajuda humanit\u00e1ria aguardam a abertura de canais seguros para o envio de recursos e suprimentos b\u00e1sicos sem a interfer\u00eancia do antigo regime.<\/li>\n\n\n\n<li>\u200b<strong>Processo de Repatria\u00e7\u00e3o:<\/strong> O governo brasileiro, atrav\u00e9s da Opera\u00e7\u00e3o Acolhida, deve come\u00e7ar a planejar como apoiar aqueles que desejam retornar ao pa\u00eds de origem de forma segura.<\/li>\n<\/ul>\n","protected":false},"excerpt":{"rendered":"<p>\u200bA not\u00edcia da captura de Nicol\u00e1s Maduro pelo governo americano, ocorrida neste s\u00e1bado (3), gerou uma onda de euforia e esperan\u00e7a entre a comunidade de [&#8230;]<\/p>\n","protected":false},"author":1,"featured_media":1385,"comment_status":"open","ping_status":"open","sticky":false,"template":"","format":"standard","meta":{"_crdt_document":"","_jetpack_memberships_contains_paid_content":false,"footnotes":"","jetpack_publicize_message":"","jetpack_publicize_feature_enabled":true,"jetpack_social_post_already_shared":true,"jetpack_social_options":{"image_generator_settings":{"template":"highway","default_image_id":0,"font":"","enabled":false},"version":2}},"categories":[3],"tags":[],"class_list":["post-1384","post","type-post","status-publish","format-standard","has-post-thumbnail","hentry","category-brasil"],"jetpack_publicize_connections":[],"jetpack_featured_media_url":"https:\/\/i0.wp.com\/oexpressobr.com.br\/wp-content\/uploads\/2026\/01\/IMG-20260104-WA0104.jpg?fit=1080%2C1080&ssl=1","jetpack_likes_enabled":true,"jetpack_sharing_enabled":true,"_links":{"self":[{"href":"https:\/\/oexpressobr.com.br\/index.php?rest_route=\/wp\/v2\/posts\/1384","targetHints":{"allow":["GET"]}}],"collection":[{"href":"https:\/\/oexpressobr.com.br\/index.php?rest_route=\/wp\/v2\/posts"}],"about":[{"href":"https:\/\/oexpressobr.com.br\/index.php?rest_route=\/wp\/v2\/types\/post"}],"author":[{"embeddable":true,"href":"https:\/\/oexpressobr.com.br\/index.php?rest_route=\/wp\/v2\/users\/1"}],"replies":[{"embeddable":true,"href":"https:\/\/oexpressobr.com.br\/index.php?rest_route=%2Fwp%2Fv2%2Fcomments&post=1384"}],"version-history":[{"count":1,"href":"https:\/\/oexpressobr.com.br\/index.php?rest_route=\/wp\/v2\/posts\/1384\/revisions"}],"predecessor-version":[{"id":1386,"href":"https:\/\/oexpressobr.com.br\/index.php?rest_route=\/wp\/v2\/posts\/1384\/revisions\/1386"}],"wp:featuredmedia":[{"embeddable":true,"href":"https:\/\/oexpressobr.com.br\/index.php?rest_route=\/wp\/v2\/media\/1385"}],"wp:attachment":[{"href":"https:\/\/oexpressobr.com.br\/index.php?rest_route=%2Fwp%2Fv2%2Fmedia&parent=1384"}],"wp:term":[{"taxonomy":"category","embeddable":true,"href":"https:\/\/oexpressobr.com.br\/index.php?rest_route=%2Fwp%2Fv2%2Fcategories&post=1384"},{"taxonomy":"post_tag","embeddable":true,"href":"https:\/\/oexpressobr.com.br\/index.php?rest_route=%2Fwp%2Fv2%2Ftags&post=1384"}],"curies":[{"name":"wp","href":"https:\/\/api.w.org\/{rel}","templated":true}]}}