{"id":1387,"date":"2026-01-04T05:47:56","date_gmt":"2026-01-04T08:47:56","guid":{"rendered":"https:\/\/oexpressobr.com.br\/?p=1387"},"modified":"2026-01-04T05:47:57","modified_gmt":"2026-01-04T08:47:57","slug":"ataque-dos-eua-na-venezuela-termina-com-40-mortos","status":"publish","type":"post","link":"https:\/\/oexpressobr.com.br\/?p=1387","title":{"rendered":"Ataque dos EUA na Venezuela termina com 40 mortos"},"content":{"rendered":"\n<p class=\"wp-block-paragraph\">Uma opera\u00e7\u00e3o militar de larga escala deflagrada pelos <strong>Estados Unidos<\/strong> na madrugada deste s\u00e1bado (3 de janeiro de 2026) resultou na morte de ao menos <strong>40 pessoas<\/strong> e na captura do l\u00edder venezuelano <strong>Nicol\u00e1s Maduro<\/strong>. A a\u00e7\u00e3o, confirmada pelo presidente <strong>Donald Trump<\/strong>, marca uma escalada sem precedentes na crise pol\u00edtica da Am\u00e9rica Latina e foi detalhada pelo jornal <em>The New York Times<\/em>.<\/p>\n\n\n\n<h3 class=\"wp-block-heading\">\u200bDetalhes da opera\u00e7\u00e3o e v\u00edtimas<\/h3>\n\n\n\n<p class=\"wp-block-paragraph\">\u200bA ofensiva teve in\u00edcio por volta das 2h (hor\u00e1rio local), com bombardeios estrat\u00e9gicos em Caracas e regi\u00f5es vizinhas, como Miranda e La Guaira. O foco inicial foram sistemas de defesa antia\u00e9rea e bases militares, incluindo a base de <strong>La Carlota<\/strong> e o quartel <strong>Fuerte Tiuna<\/strong>.<\/p>\n\n\n\n<p class=\"wp-block-paragraph\">\u200bDe acordo com fontes m\u00e9dicas e oficiais:<\/p>\n\n\n\n<ul class=\"wp-block-list\">\n<li>\u200b<strong>V\u00edtimas:<\/strong> Entre os 40 mortos est\u00e3o militares venezuelanos e civis atingidos durante as explos\u00f5es.<\/li>\n\n\n\n<li>\u200b<strong>Aeronaves:<\/strong> A opera\u00e7\u00e3o envolveu cerca de <strong>150 aeronaves<\/strong> dos EUA, incluindo ca\u00e7as F-22 e bombardeiros B-1B.<\/li>\n\n\n\n<li>\u200b<strong>Baixas americanas:<\/strong> Trump informou que n\u00e3o houve mortes entre os soldados dos EUA, embora alguns tenham ficado feridos quando um helic\u00f3ptero foi atingido por estilha\u00e7os.<\/li>\n<\/ul>\n\n\n\n<h3 class=\"wp-block-heading\">\u200bCaptura e transfer\u00eancia de Maduro<\/h3>\n\n\n\n<p class=\"wp-block-paragraph\">\u200bO objetivo central da incurs\u00e3o foi cumprido com a deten\u00e7\u00e3o de Nicol\u00e1s Maduro e de sua esposa, <strong>Cilia Flores<\/strong>. Ambos foram retirados do pa\u00eds sob cust\u00f3dia federal e levados para os Estados Unidos. Imagens divulgadas pela Casa Branca mostram Maduro chegando a <strong>Nova York<\/strong>, onde deve enfrentar acusa\u00e7\u00f5es de narcoterrorismo e conspira\u00e7\u00e3o.<\/p>\n\n\n\n<p class=\"wp-block-paragraph\">\u200bTrump classificou a opera\u00e7\u00e3o como &#8220;brilhante&#8221; e afirmou que a a\u00e7\u00e3o visa garantir que o Hemisf\u00e9rio Ocidental n\u00e3o seja mais desafiado. O presidente americano indicou ainda que os EUA supervisionar\u00e3o um processo de transi\u00e7\u00e3o, mas j\u00e1 descartou o apoio imediato \u00e0 opositora <strong>Mar\u00eda Corina Machado<\/strong>, citando a inten\u00e7\u00e3o de administrar a situa\u00e7\u00e3o por meio de um grupo designado por Washington.<\/p>\n\n\n\n<h3 class=\"wp-block-heading\">\u200bRea\u00e7\u00e3o internacional e situa\u00e7\u00e3o no Brasil<\/h3>\n\n\n\n<p class=\"wp-block-paragraph\">\u200bA vice-presidente da Venezuela, <strong>Delcy Rodr\u00edguez<\/strong>, condenou o que chamou de &#8220;sequestro ilegal&#8221; e declarou que o pa\u00eds nunca ser\u00e1 uma col\u00f4nia. Ela assumiu como presidente interina em uma cerim\u00f4nia privada e convocou a resist\u00eancia popular.<\/p>\n\n\n\n<p class=\"wp-block-paragraph\">\u200bNo Brasil, o governo reagiu com cautela e preocupa\u00e7\u00e3o:<\/p>\n\n\n\n<ul class=\"wp-block-list\">\n<li>\u200b<strong>Presidente Lula:<\/strong> Condenou a opera\u00e7\u00e3o, classificando-a como uma viola\u00e7\u00e3o grav\u00edssima do direito internacional e da soberania nacional.<\/li>\n\n\n\n<li>\u200b<strong>Fronteira:<\/strong> O estado de <strong>Roraima<\/strong> permanece em alerta m\u00e1ximo, monitorando o fluxo migrat\u00f3rio em Pacaraima.<\/li>\n\n\n\n<li>\u200b<strong>Itamaraty:<\/strong> O Brasil reconheceu momentaneamente Delcy Rodr\u00edguez como presidente interina para manter canais diplom\u00e1ticos abertos, enquanto pede uma reuni\u00e3o de emerg\u00eancia na ONU.<\/li>\n<\/ul>\n","protected":false},"excerpt":{"rendered":"<p>Uma opera\u00e7\u00e3o militar de larga escala deflagrada pelos Estados Unidos na madrugada deste s\u00e1bado (3 de janeiro de 2026) resultou na morte de ao menos [&#8230;]<\/p>\n","protected":false},"author":1,"featured_media":1388,"comment_status":"open","ping_status":"open","sticky":false,"template":"","format":"standard","meta":{"_crdt_document":"","_jetpack_memberships_contains_paid_content":false,"footnotes":"","jetpack_publicize_message":"","jetpack_publicize_feature_enabled":true,"jetpack_social_post_already_shared":true,"jetpack_social_options":{"image_generator_settings":{"template":"highway","default_image_id":0,"font":"","enabled":false},"version":2}},"categories":[15],"tags":[],"class_list":["post-1387","post","type-post","status-publish","format-standard","has-post-thumbnail","hentry","category-internacional"],"jetpack_publicize_connections":[],"jetpack_featured_media_url":"https:\/\/i0.wp.com\/oexpressobr.com.br\/wp-content\/uploads\/2026\/01\/IMG-20260104-WA0115.jpg?fit=980%2C653&ssl=1","jetpack_likes_enabled":true,"jetpack_sharing_enabled":true,"_links":{"self":[{"href":"https:\/\/oexpressobr.com.br\/index.php?rest_route=\/wp\/v2\/posts\/1387","targetHints":{"allow":["GET"]}}],"collection":[{"href":"https:\/\/oexpressobr.com.br\/index.php?rest_route=\/wp\/v2\/posts"}],"about":[{"href":"https:\/\/oexpressobr.com.br\/index.php?rest_route=\/wp\/v2\/types\/post"}],"author":[{"embeddable":true,"href":"https:\/\/oexpressobr.com.br\/index.php?rest_route=\/wp\/v2\/users\/1"}],"replies":[{"embeddable":true,"href":"https:\/\/oexpressobr.com.br\/index.php?rest_route=%2Fwp%2Fv2%2Fcomments&post=1387"}],"version-history":[{"count":1,"href":"https:\/\/oexpressobr.com.br\/index.php?rest_route=\/wp\/v2\/posts\/1387\/revisions"}],"predecessor-version":[{"id":1389,"href":"https:\/\/oexpressobr.com.br\/index.php?rest_route=\/wp\/v2\/posts\/1387\/revisions\/1389"}],"wp:featuredmedia":[{"embeddable":true,"href":"https:\/\/oexpressobr.com.br\/index.php?rest_route=\/wp\/v2\/media\/1388"}],"wp:attachment":[{"href":"https:\/\/oexpressobr.com.br\/index.php?rest_route=%2Fwp%2Fv2%2Fmedia&parent=1387"}],"wp:term":[{"taxonomy":"category","embeddable":true,"href":"https:\/\/oexpressobr.com.br\/index.php?rest_route=%2Fwp%2Fv2%2Fcategories&post=1387"},{"taxonomy":"post_tag","embeddable":true,"href":"https:\/\/oexpressobr.com.br\/index.php?rest_route=%2Fwp%2Fv2%2Ftags&post=1387"}],"curies":[{"name":"wp","href":"https:\/\/api.w.org\/{rel}","templated":true}]}}