{"id":1390,"date":"2026-01-05T03:55:23","date_gmt":"2026-01-05T06:55:23","guid":{"rendered":"https:\/\/oexpressobr.com.br\/?p=1390"},"modified":"2026-01-05T03:55:24","modified_gmt":"2026-01-05T06:55:24","slug":"parana-se-consolida-como-o-segundo-principal-destino-de-venezuelanos-no-brasil","status":"publish","type":"post","link":"https:\/\/oexpressobr.com.br\/?p=1390","title":{"rendered":"Paran\u00e1 se consolida como o segundo principal destino de venezuelanos no Brasil"},"content":{"rendered":"\n<p class=\"wp-block-paragraph\">O Paran\u00e1 atingiu a marca hist\u00f3rica de mais de 87 mil venezuelanos residentes, consolidando-se como o segundo estado brasileiro que mais recebe migrantes e refugiados da na\u00e7\u00e3o vizinha. O fluxo, impulsionado pela estrat\u00e9gia de interioriza\u00e7\u00e3o do Governo Federal e pela for\u00e7a econ\u00f4mica da regi\u00e3o, coloca o estado atr\u00e1s apenas de Roraima em volume de acolhimento. Em todo o territ\u00f3rio nacional, o n\u00famero de venezuelanos j\u00e1 ultrapassa a marca de 575 mil pessoas.<\/p>\n\n\n\n<h3 class=\"wp-block-heading\">\u200bCuritiba no centro da Opera\u00e7\u00e3o Acolhida<\/h3>\n\n\n\n<p class=\"wp-block-paragraph\">\u200bDados atualizados de janeiro de 2026 revelam que Curitiba permanece como a capital brasileira que mais recebeu venezuelanos atrav\u00e9s da <strong>Opera\u00e7\u00e3o Acolhida<\/strong>. Entre abril de 2018 e o final de 2025, quase 9 mil migrantes foram encaminhados diretamente \u00e0 capital paranaense por meio desse programa, que busca redistribuir o fluxo migrat\u00f3rio da fronteira norte para estados com maior oferta de emprego e infraestrutura.<\/p>\n\n\n\n<p class=\"wp-block-paragraph\">\u200bAl\u00e9m da capital, cidades do interior como Cascavel, Londrina e Maring\u00e1 tamb\u00e9m registram forte presen\u00e7a dessa popula\u00e7\u00e3o, atra\u00edda principalmente por vagas nos setores da agroind\u00fastria, servi\u00e7os e constru\u00e7\u00e3o civil.<\/p>\n\n\n\n<h3 class=\"wp-block-heading\">\u200bImpacto de eventos recentes e novas perspectivas<\/h3>\n\n\n\n<p class=\"wp-block-paragraph\">\u200bO cen\u00e1rio migrat\u00f3rio ganhou novos contornos nesta primeira semana de 2026. Ap\u00f3s epis\u00f3dios de instabilidade pol\u00edtica e ofensivas militares recentes na Venezuela, pesquisadores e autoridades brasileiras preveem um novo aumento na chegada de fam\u00edlias. Somente em 2025, o Brasil acolheu cerca de 70 mil venezuelanos por vias humanit\u00e1rias, e 92% de todos os pedidos de ref\u00fagio no pa\u00eds no \u00faltimo ano foram de cidad\u00e3os dessa nacionalidade.<\/p>\n\n\n\n<p class=\"wp-block-paragraph\">\u200bEspecialistas apontam que o Paran\u00e1 &#8220;tende a receber ainda mais venezuelanos&#8221; devido \u00e0s redes de apoio j\u00e1 estabelecidas. A facilidade de integra\u00e7\u00e3o lingu\u00edstica e a presen\u00e7a de comunidades j\u00e1 fixadas tornam o estado um destino natural para quem busca recome\u00e7ar.<\/p>\n\n\n\n<h3 class=\"wp-block-heading\">\u200bDesafios da integra\u00e7\u00e3o<\/h3>\n\n\n\n<p class=\"wp-block-paragraph\">\u200bApesar do sucesso na inser\u00e7\u00e3o laboral \u2014 com muitos venezuelanos ocupando postos de trabalho em redes de supermercados e postos de combust\u00edvel \u2014, os desafios de assist\u00eancia social e sa\u00fade p\u00fablica permanecem. O Governo do Estado e prefeituras t\u00eam articulado a\u00e7\u00f5es para garantir que o crescimento da demanda por servi\u00e7os p\u00fablicos seja acompanhado por investimentos em educa\u00e7\u00e3o e seguran\u00e7a, visando uma conviv\u00eancia harm\u00f4nica e a garantia de direitos humanos para os novos residentes paranaenses.<\/p>\n","protected":false},"excerpt":{"rendered":"<p>O Paran\u00e1 atingiu a marca hist\u00f3rica de mais de 87 mil venezuelanos residentes, consolidando-se como o segundo estado brasileiro que mais recebe migrantes e refugiados [&#8230;]<\/p>\n","protected":false},"author":1,"featured_media":1391,"comment_status":"open","ping_status":"open","sticky":false,"template":"","format":"standard","meta":{"_crdt_document":"","_jetpack_memberships_contains_paid_content":false,"footnotes":"","jetpack_publicize_message":"","jetpack_publicize_feature_enabled":true,"jetpack_social_post_already_shared":true,"jetpack_social_options":{"image_generator_settings":{"template":"highway","default_image_id":0,"font":"","enabled":false},"version":2}},"categories":[5],"tags":[],"class_list":["post-1390","post","type-post","status-publish","format-standard","has-post-thumbnail","hentry","category-parana"],"jetpack_publicize_connections":[],"jetpack_featured_media_url":"https:\/\/i0.wp.com\/oexpressobr.com.br\/wp-content\/uploads\/2026\/01\/afp-20260103-89gw69h-v3-midres-topshotvenezuelausconflictcrisis.png?fit=984%2C656&ssl=1","jetpack_likes_enabled":true,"jetpack_sharing_enabled":true,"_links":{"self":[{"href":"https:\/\/oexpressobr.com.br\/index.php?rest_route=\/wp\/v2\/posts\/1390","targetHints":{"allow":["GET"]}}],"collection":[{"href":"https:\/\/oexpressobr.com.br\/index.php?rest_route=\/wp\/v2\/posts"}],"about":[{"href":"https:\/\/oexpressobr.com.br\/index.php?rest_route=\/wp\/v2\/types\/post"}],"author":[{"embeddable":true,"href":"https:\/\/oexpressobr.com.br\/index.php?rest_route=\/wp\/v2\/users\/1"}],"replies":[{"embeddable":true,"href":"https:\/\/oexpressobr.com.br\/index.php?rest_route=%2Fwp%2Fv2%2Fcomments&post=1390"}],"version-history":[{"count":1,"href":"https:\/\/oexpressobr.com.br\/index.php?rest_route=\/wp\/v2\/posts\/1390\/revisions"}],"predecessor-version":[{"id":1392,"href":"https:\/\/oexpressobr.com.br\/index.php?rest_route=\/wp\/v2\/posts\/1390\/revisions\/1392"}],"wp:featuredmedia":[{"embeddable":true,"href":"https:\/\/oexpressobr.com.br\/index.php?rest_route=\/wp\/v2\/media\/1391"}],"wp:attachment":[{"href":"https:\/\/oexpressobr.com.br\/index.php?rest_route=%2Fwp%2Fv2%2Fmedia&parent=1390"}],"wp:term":[{"taxonomy":"category","embeddable":true,"href":"https:\/\/oexpressobr.com.br\/index.php?rest_route=%2Fwp%2Fv2%2Fcategories&post=1390"},{"taxonomy":"post_tag","embeddable":true,"href":"https:\/\/oexpressobr.com.br\/index.php?rest_route=%2Fwp%2Fv2%2Ftags&post=1390"}],"curies":[{"name":"wp","href":"https:\/\/api.w.org\/{rel}","templated":true}]}}