{"id":1396,"date":"2026-01-05T04:08:47","date_gmt":"2026-01-05T07:08:47","guid":{"rendered":"https:\/\/oexpressobr.com.br\/?p=1396"},"modified":"2026-01-05T04:08:48","modified_gmt":"2026-01-05T07:08:48","slug":"trump-maduro-e-delcy-rodriguez-protagonizam-cenario-de-tensao-e-celebracao-apos-ofensiva-militar-na-venezuela","status":"publish","type":"post","link":"https:\/\/oexpressobr.com.br\/?p=1396","title":{"rendered":"Trump, Maduro e Delcy Rodr\u00edguez protagonizam cen\u00e1rio de tens\u00e3o e celebra\u00e7\u00e3o ap\u00f3s ofensiva militar na Venezuela"},"content":{"rendered":"\n<p class=\"wp-block-paragraph\">O cen\u00e1rio pol\u00edtico na Am\u00e9rica Latina sofreu uma reviravolta hist\u00f3rica neste in\u00edcio de 2026. Ap\u00f3s a opera\u00e7\u00e3o militar denominada &#8220;Resolu\u00e7\u00e3o Absoluta&#8221;, conduzida pelos Estados Unidos sob as ordens de Donald Trump, a comunidade internacional e os venezuelanos residentes no exterior reagiram com uma mistura de euforia e rep\u00fadio. A a\u00e7\u00e3o resultou na captura de Nicol\u00e1s Maduro e de sua esposa, Cilia Flores, que foram levados a Nova York para enfrentar julgamento por acusa\u00e7\u00f5es de narcoterrorismo.<\/p>\n\n\n\n<h3 class=\"wp-block-heading\">\u200bRea\u00e7\u00f5es na Am\u00e9rica Latina e no Mundo<\/h3>\n\n\n\n<p class=\"wp-block-paragraph\">\u200bDesde o an\u00fancio oficial da queda de Maduro, ruas de diversas capitais tornaram-se palcos de manifesta\u00e7\u00f5es intensas:<\/p>\n\n\n\n<ul class=\"wp-block-list\">\n<li>\u200b<strong>Celebra\u00e7\u00f5es:<\/strong> Em Doral, na Fl\u00f3rida (EUA), e em Buenos Aires (Argentina), milhares de venezuelanos sa\u00edram \u00e0s ruas com bandeiras e cartazes de &#8220;Libertad&#8221;. O governo argentino de Javier Milei foi um dos primeiros a celebrar oficialmente a captura, classificando-a como o fim de uma ditadura.<\/li>\n\n\n\n<li>\u200b<strong>Rep\u00fadio e Protestos:<\/strong> Por outro lado, em cidades como S\u00e3o Francisco, Nova York e em capitais latino-americanas como Bogot\u00e1 e Cidade do M\u00e9xico, grupos de manifestantes e movimentos sociais protestaram contra o que chamam de &#8220;agress\u00e3o imperialista&#8221;. Em Caracas, o chavismo militante permanece mobilizado, exigindo a &#8220;devolu\u00e7\u00e3o&#8221; de Maduro e classificando o ato como um sequestro.<\/li>\n<\/ul>\n\n\n\n<h3 class=\"wp-block-heading\">\u200bO Governo Interino e a Amea\u00e7a de Trump<\/h3>\n\n\n\n<p class=\"wp-block-paragraph\">\u200bApesar da deten\u00e7\u00e3o de Maduro, a estrutura de poder em Caracas tenta se reorganizar. O Supremo Tribunal de Justi\u00e7a da Venezuela (TSJ) determinou que a vice-presidente <strong>Delcy Rodr\u00edguez<\/strong> assuma a presid\u00eancia interina. Rodr\u00edguez, em pronunciamento recente, afirmou que o governo permanece unido e que Maduro continua sendo o l\u00edder leg\u00edtimo.<\/p>\n\n\n\n<p class=\"wp-block-paragraph\">\u200bContudo, a tens\u00e3o escalou nas \u00faltimas horas ap\u00f3s Donald Trump declarar que a vice-presidente poder\u00e1 &#8220;pagar um pre\u00e7o maior&#8221; caso n\u00e3o facilite uma transi\u00e7\u00e3o controlada pelos interesses norte-americanos. Trump reiterou que os EUA pretendem administrar os recursos estrat\u00e9gicos do pa\u00eds, especialmente as reservas de petr\u00f3leo, at\u00e9 que novas elei\u00e7\u00f5es sejam estabelecidas.<\/p>\n\n\n\n<h3 class=\"wp-block-heading\">\u200bPosicionamento do Brasil<\/h3>\n\n\n\n<p class=\"wp-block-paragraph\">\u200bO presidente Luiz In\u00e1cio Lula da Silva condenou veementemente a interven\u00e7\u00e3o, afirmando que os EUA &#8220;ultrapassaram uma linha inaceit\u00e1vel&#8221; ao violar a soberania de um pa\u00eds vizinho. O Itamaraty convocou reuni\u00f5es de emerg\u00eancia e refor\u00e7ou o monitoramento na fronteira norte, em Pacaraima, que chegou a ser fechada temporariamente por autoridades venezuelanas durante o auge da opera\u00e7\u00e3o.<\/p>\n\n\n\n<h3 class=\"wp-block-heading\">\u200bO que esperar agora<\/h3>\n\n\n\n<p class=\"wp-block-paragraph\">\u200bO Conselho de Seguran\u00e7a da ONU deve se reunir nesta segunda-feira para discutir a legalidade da interven\u00e7\u00e3o e os riscos de uma desestabiliza\u00e7\u00e3o regional em larga escala. Enquanto isso, o mundo aguarda as primeiras imagens de Maduro no tribunal federal de Nova York, um evento que promete ser o marco jur\u00eddico e pol\u00edtico definitivo desta crise.<\/p>\n","protected":false},"excerpt":{"rendered":"<p>O cen\u00e1rio pol\u00edtico na Am\u00e9rica Latina sofreu uma reviravolta hist\u00f3rica neste in\u00edcio de 2026. Ap\u00f3s a opera\u00e7\u00e3o militar denominada &#8220;Resolu\u00e7\u00e3o Absoluta&#8221;, conduzida pelos Estados Unidos [&#8230;]<\/p>\n","protected":false},"author":1,"featured_media":1397,"comment_status":"open","ping_status":"open","sticky":false,"template":"","format":"standard","meta":{"_crdt_document":"","_jetpack_memberships_contains_paid_content":false,"footnotes":"","jetpack_publicize_message":"","jetpack_publicize_feature_enabled":true,"jetpack_social_post_already_shared":true,"jetpack_social_options":{"image_generator_settings":{"template":"highway","default_image_id":0,"font":"","enabled":false},"version":2}},"categories":[15],"tags":[],"class_list":["post-1396","post","type-post","status-publish","format-standard","has-post-thumbnail","hentry","category-internacional"],"jetpack_publicize_connections":[],"jetpack_featured_media_url":"https:\/\/i0.wp.com\/oexpressobr.com.br\/wp-content\/uploads\/2026\/01\/2026-01-03t235940z_392237074_rc2ztiazbe04_rtrmadp_3_usa-venezuela-latam-reactions.webp?fit=1170%2C700&ssl=1","jetpack_likes_enabled":true,"jetpack_sharing_enabled":true,"_links":{"self":[{"href":"https:\/\/oexpressobr.com.br\/index.php?rest_route=\/wp\/v2\/posts\/1396","targetHints":{"allow":["GET"]}}],"collection":[{"href":"https:\/\/oexpressobr.com.br\/index.php?rest_route=\/wp\/v2\/posts"}],"about":[{"href":"https:\/\/oexpressobr.com.br\/index.php?rest_route=\/wp\/v2\/types\/post"}],"author":[{"embeddable":true,"href":"https:\/\/oexpressobr.com.br\/index.php?rest_route=\/wp\/v2\/users\/1"}],"replies":[{"embeddable":true,"href":"https:\/\/oexpressobr.com.br\/index.php?rest_route=%2Fwp%2Fv2%2Fcomments&post=1396"}],"version-history":[{"count":1,"href":"https:\/\/oexpressobr.com.br\/index.php?rest_route=\/wp\/v2\/posts\/1396\/revisions"}],"predecessor-version":[{"id":1398,"href":"https:\/\/oexpressobr.com.br\/index.php?rest_route=\/wp\/v2\/posts\/1396\/revisions\/1398"}],"wp:featuredmedia":[{"embeddable":true,"href":"https:\/\/oexpressobr.com.br\/index.php?rest_route=\/wp\/v2\/media\/1397"}],"wp:attachment":[{"href":"https:\/\/oexpressobr.com.br\/index.php?rest_route=%2Fwp%2Fv2%2Fmedia&parent=1396"}],"wp:term":[{"taxonomy":"category","embeddable":true,"href":"https:\/\/oexpressobr.com.br\/index.php?rest_route=%2Fwp%2Fv2%2Fcategories&post=1396"},{"taxonomy":"post_tag","embeddable":true,"href":"https:\/\/oexpressobr.com.br\/index.php?rest_route=%2Fwp%2Fv2%2Ftags&post=1396"}],"curies":[{"name":"wp","href":"https:\/\/api.w.org\/{rel}","templated":true}]}}