{"id":1399,"date":"2026-01-05T04:14:00","date_gmt":"2026-01-05T07:14:00","guid":{"rendered":"https:\/\/oexpressobr.com.br\/?p=1399"},"modified":"2026-01-05T04:14:01","modified_gmt":"2026-01-05T07:14:01","slug":"padrino-lopez-acusa-eua-de-execucao-a-sangue-frio-de-segurancas-de-maduro","status":"publish","type":"post","link":"https:\/\/oexpressobr.com.br\/?p=1399","title":{"rendered":"Padrino L\u00f3pez acusa EUA de execu\u00e7\u00e3o \u201ca sangue frio\u201d de seguran\u00e7as de Maduro"},"content":{"rendered":"\n<p class=\"wp-block-paragraph\">O ministro da Defesa da Venezuela, <strong>Vladimir Padrino L\u00f3pez<\/strong>, subiu o tom contra o governo dos Estados Unidos neste domingo (4), denunciando que a equipe de seguran\u00e7a do presidente <strong>Nicol\u00e1s Maduro<\/strong> foi morta &#8220;a sangue frio&#8221; durante a opera\u00e7\u00e3o militar que resultou na captura do l\u00edder venezuelano.<\/p>\n\n\n\n<p class=\"wp-block-paragraph\">\u200bA declara\u00e7\u00e3o foi feita em um pronunciamento oficial em v\u00eddeo, no qual Padrino L\u00f3pez apareceu cercado pelo alto comando das <strong>For\u00e7as Armadas<\/strong>. O ministro classificou a a\u00e7\u00e3o norte-americana, iniciada na madrugada de s\u00e1bado (3), como um &#8220;ato de barb\u00e1rie&#8221; e uma viola\u00e7\u00e3o direta da soberania nacional.<\/p>\n\n\n\n<h3 class=\"wp-block-heading\">\u200bDetalhes do ataque e baixas venezuelanas<\/h3>\n\n\n\n<p class=\"wp-block-paragraph\">\u200bEmbora o governo venezuelano ainda n\u00e3o tenha divulgado um n\u00famero oficial e preciso de mortos, relatos da imprensa internacional e declara\u00e7\u00f5es do ex\u00e9rcito sugerem um cen\u00e1rio de devasta\u00e7\u00e3o em pontos estrat\u00e9gicos de Caracas.<\/p>\n\n\n\n<ul class=\"wp-block-list\">\n<li>\u200b<strong>V\u00edtimas:<\/strong> Padrino mencionou a morte de soldados, soldadas e &#8220;cidad\u00e3os inocentes&#8221;. Informa\u00e7\u00f5es colhidas por jornais americanos estimam que cerca de <strong>40 pessoas<\/strong> podem ter morrido durante a incurs\u00e3o.<\/li>\n\n\n\n<li>\u200b<strong>Alvos:<\/strong> A opera\u00e7\u00e3o, que utilizou cerca de 150 aeronaves partindo de 20 bases diferentes, atingiu o complexo militar <strong>Fuerte Tiuna<\/strong>, o <strong>Quartel de la Monta\u00f1a<\/strong> e a Base A\u00e9rea de <strong>La Carlota<\/strong>.<\/li>\n\n\n\n<li>\u200b<strong>Estado de Maduro:<\/strong> O ex-presidente e a primeira-dama, Cilia Flores, j\u00e1 foram transferidos para o Centro de Deten\u00e7\u00e3o Metropolitano (MDC) no Brooklyn, em Nova York. Maduro enfrenta acusa\u00e7\u00f5es de narcoterrorismo e conspira\u00e7\u00e3o para importa\u00e7\u00e3o de coca\u00edna.<\/li>\n<\/ul>\n\n\n\n<h3 class=\"wp-block-heading\">\u200bRea\u00e7\u00f5es e Governo Interino<\/h3>\n\n\n\n<p class=\"wp-block-paragraph\">\u200bEm meio ao v\u00e1cuo de poder, a estrutura chavista tenta se reorganizar enquanto os militares reafirmam lealdade \u00e0s institui\u00e7\u00f5es venezuelanas, apesar da captura de seu l\u00edder m\u00e1ximo.<\/p>\n\n\n\n<ol class=\"wp-block-list\">\n<li>\u200b<strong>Presid\u00eancia Interina:<\/strong> As For\u00e7as Armadas reconheceram a vice-presidente <strong>Delcy Rodr\u00edguez<\/strong> como presidente interina da Venezuela.<\/li>\n\n\n\n<li>\u200b<strong>Apelo \u00e0 Calma:<\/strong> Padrino L\u00f3pez instou a popula\u00e7\u00e3o a retomar as atividades econ\u00f4micas e educativas nos pr\u00f3ximos dias, pedindo que os cidad\u00e3os n\u00e3o cedam \u00e0 &#8220;guerra psicol\u00f3gica&#8221; ou ao medo.<\/li>\n\n\n\n<li>\u200b<strong>Posi\u00e7\u00e3o Internacional:<\/strong> O governo brasileiro, representado pela ministra interina Maria Laura da Rocha, reconheceu a legitimidade de Delcy Rodr\u00edguez no cargo vago. Em contrapartida, uma nota conjunta de pa\u00edses como M\u00e9xico, Chile e Col\u00f4mbia alertou para os riscos de desestabiliza\u00e7\u00e3o regional e rejeitou o uso da for\u00e7a.<\/li>\n<\/ol>\n","protected":false},"excerpt":{"rendered":"<p>O ministro da Defesa da Venezuela, Vladimir Padrino L\u00f3pez, subiu o tom contra o governo dos Estados Unidos neste domingo (4), denunciando que a equipe [&#8230;]<\/p>\n","protected":false},"author":1,"featured_media":1400,"comment_status":"open","ping_status":"open","sticky":false,"template":"","format":"standard","meta":{"_crdt_document":"","_jetpack_memberships_contains_paid_content":false,"footnotes":"","jetpack_publicize_message":"","jetpack_publicize_feature_enabled":true,"jetpack_social_post_already_shared":true,"jetpack_social_options":{"image_generator_settings":{"template":"highway","default_image_id":0,"font":"","enabled":false},"version":2}},"categories":[15],"tags":[],"class_list":["post-1399","post","type-post","status-publish","format-standard","has-post-thumbnail","hentry","category-internacional"],"jetpack_publicize_connections":[],"jetpack_featured_media_url":"https:\/\/i0.wp.com\/oexpressobr.com.br\/wp-content\/uploads\/2026\/01\/2025-12-28t221712z_1661408661_rc2ypia1xywz_rtrmadp_3_usa-trump-venezuela-maduro02.webp?fit=1170%2C700&ssl=1","jetpack_likes_enabled":true,"jetpack_sharing_enabled":true,"_links":{"self":[{"href":"https:\/\/oexpressobr.com.br\/index.php?rest_route=\/wp\/v2\/posts\/1399","targetHints":{"allow":["GET"]}}],"collection":[{"href":"https:\/\/oexpressobr.com.br\/index.php?rest_route=\/wp\/v2\/posts"}],"about":[{"href":"https:\/\/oexpressobr.com.br\/index.php?rest_route=\/wp\/v2\/types\/post"}],"author":[{"embeddable":true,"href":"https:\/\/oexpressobr.com.br\/index.php?rest_route=\/wp\/v2\/users\/1"}],"replies":[{"embeddable":true,"href":"https:\/\/oexpressobr.com.br\/index.php?rest_route=%2Fwp%2Fv2%2Fcomments&post=1399"}],"version-history":[{"count":1,"href":"https:\/\/oexpressobr.com.br\/index.php?rest_route=\/wp\/v2\/posts\/1399\/revisions"}],"predecessor-version":[{"id":1401,"href":"https:\/\/oexpressobr.com.br\/index.php?rest_route=\/wp\/v2\/posts\/1399\/revisions\/1401"}],"wp:featuredmedia":[{"embeddable":true,"href":"https:\/\/oexpressobr.com.br\/index.php?rest_route=\/wp\/v2\/media\/1400"}],"wp:attachment":[{"href":"https:\/\/oexpressobr.com.br\/index.php?rest_route=%2Fwp%2Fv2%2Fmedia&parent=1399"}],"wp:term":[{"taxonomy":"category","embeddable":true,"href":"https:\/\/oexpressobr.com.br\/index.php?rest_route=%2Fwp%2Fv2%2Fcategories&post=1399"},{"taxonomy":"post_tag","embeddable":true,"href":"https:\/\/oexpressobr.com.br\/index.php?rest_route=%2Fwp%2Fv2%2Ftags&post=1399"}],"curies":[{"name":"wp","href":"https:\/\/api.w.org\/{rel}","templated":true}]}}