{"id":140,"date":"2025-12-01T08:40:31","date_gmt":"2025-12-01T11:40:31","guid":{"rendered":"https:\/\/oexpressobr.com.br\/?p=140"},"modified":"2025-12-01T08:40:32","modified_gmt":"2025-12-01T11:40:32","slug":"freiras-fugitivas-bernadete-regina-e-rita-podem-ficar-no-convento-goldenstein-sob-condicao-de-abandonar-redes-sociais","status":"publish","type":"post","link":"https:\/\/oexpressobr.com.br\/?p=140","title":{"rendered":"Freiras fugitivas: Bernadete, Regina e Rita podem ficar no convento Goldenstein sob condi\u00e7\u00e3o de abandonar redes sociais"},"content":{"rendered":"\n<p class=\"wp-block-paragraph\">A saga das tr\u00eas freiras austr\u00edacas que fugiram de uma casa de repouso para retornar ao seu antigo lar, o Convento Goldenstein, nos Alpes, ganhou um novo e decisivo cap\u00edtulo. As irm\u00e3s Bernadette (88), Regina (86) e Rita (82), que se tornaram um fen\u00f4meno viral nas redes sociais ao longo dos \u00faltimos meses, receberam uma proposta da Igreja: poder\u00e3o permanecer no local que consideram seu lar, mas com a exig\u00eancia de abandonarem as plataformas digitais.<\/p>\n\n\n\n<p class=\"wp-block-paragraph\">\u200bA hist\u00f3ria das \u00faltimas religiosas do Convento Goldenstein, nos arredores de Salzburgo, \u00c1ustria, ganhou notoriedade global ap\u00f3s a fuga no in\u00edcio de setembro de 2025. Contra a vontade do trio, a Arquidiocese de Salzburgo e a Abadia de Reichersberg, respons\u00e1veis pelo local, decidiram em dezembro de 2023 transferi-las para uma casa de repouso cat\u00f3lica. Isso ocorreu ap\u00f3s a comunidade ser oficialmente dissolvida no in\u00edcio de 2024, mesmo com as freiras possuindo um direito vital\u00edcio de resid\u00eancia, enquanto a sa\u00fade permitisse.<\/p>\n\n\n\n<p class=\"wp-block-paragraph\">\u200b<strong>A fuga e o sucesso nas redes<\/strong><\/p>\n\n\n\n<p class=\"wp-block-paragraph\">\u200bEm um ato de rebeldia e profunda saudade do lar, as irm\u00e3s, que passaram grande parte de suas vidas no Castelo Goldenstein, que funciona como convento e escola desde 1877, organizaram a fuga. Com o aux\u00edlio de ex-alunas e de um chaveiro, elas voltaram ao convento, que estava com as chaves trocadas e sem as devidas condi\u00e7\u00f5es b\u00e1sicas de moradia (inicialmente sem \u00e1gua e eletricidade).<\/p>\n\n\n\n<p class=\"wp-block-paragraph\">\u200bA comunidade de apoio, formada por ex-alunos e vizinhos, rapidamente mobilizou-se. Para financiar a perman\u00eancia e garantir os mantimentos, as freiras criaram perfis nas redes sociais. Publicando v\u00eddeos de seu cotidiano e mostrando a determina\u00e7\u00e3o em defender seu lar, elas conquistaram milhares de seguidores, transformando-se em um &#8220;hit&#8221; e angariando apoio financeiro e log\u00edstico. A repercuss\u00e3o nas m\u00eddias se tornou a principal for\u00e7a motriz para a causa das idosas.<\/p>\n\n\n\n<p class=\"wp-block-paragraph\">\u200b<strong>O ultimato da Igreja<\/strong><\/p>\n\n\n\n<p class=\"wp-block-paragraph\">\u200bDiante do desafio p\u00fablico e da visibilidade internacional, a Igreja prop\u00f4s um acordo. Segundo o reitor Markus Grasl, da abadia que tutela o convento, as freiras poder\u00e3o permanecer em Goldenstein, onde viveram por d\u00e9cadas, desde que cumpram duas condi\u00e7\u00f5es principais:<\/p>\n\n\n\n<ol class=\"wp-block-list\">\n<li>\u200b<strong>Abandonar as redes sociais:<\/strong> O uso das plataformas digitais e a exposi\u00e7\u00e3o midi\u00e1tica s\u00e3o vistos como um problema para a hierarquia da Igreja.<\/li>\n\n\n\n<li>\u200b<strong>Garantir a clausura:<\/strong> As \u00e1reas de reclus\u00e3o do convento n\u00e3o podem mais receber pessoas externas \u00e0 ordem.<\/li>\n<\/ol>\n\n\n\n<p class=\"wp-block-paragraph\">\u200bEm troca, a Igreja se comprometeria a fornecer cuidados m\u00e9dicos e acompanhamento espiritual adequados \u00e0s religiosas. A proposta foi apresentada recentemente, mas, de acordo com relat\u00f3rios, as irm\u00e3s ainda n\u00e3o haviam aceitado as condi\u00e7\u00f5es.<\/p>\n\n\n\n<p class=\"wp-block-paragraph\">\u200bA determina\u00e7\u00e3o, contudo, permanece inabal\u00e1vel. Como declarou a Irm\u00e3 Bernadette em entrevista, antes de voltarem: &#8220;Antes de morrer naquele lar de idosos, eu preferia ir para um prado e entrar na eternidade dessa forma.\u201d A Irm\u00e3 Rita complementou ap\u00f3s o retorno: \u201cEu fui obediente a vida toda. Estou muito feliz e grata por estar de volta.\u201d O destino das freiras de Goldenstein agora depende da aceita\u00e7\u00e3o dos termos, mas a comunidade que as apoia garante que elas continuar\u00e3o a lutar pelo direito de permanecerem onde se sentem em casa.<\/p>\n","protected":false},"excerpt":{"rendered":"<p>A saga das tr\u00eas freiras austr\u00edacas que fugiram de uma casa de repouso para retornar ao seu antigo lar, o Convento Goldenstein, nos Alpes, ganhou [&#8230;]<\/p>\n","protected":false},"author":1,"featured_media":141,"comment_status":"open","ping_status":"open","sticky":false,"template":"","format":"standard","meta":{"_crdt_document":"","_jetpack_memberships_contains_paid_content":false,"footnotes":"","jetpack_publicize_message":"","jetpack_publicize_feature_enabled":true,"jetpack_social_post_already_shared":false,"jetpack_social_options":{"image_generator_settings":{"template":"highway","default_image_id":0,"font":"","enabled":false},"version":2}},"categories":[15],"tags":[],"class_list":["post-140","post","type-post","status-publish","format-standard","has-post-thumbnail","hentry","category-internacional"],"jetpack_publicize_connections":[],"jetpack_featured_media_url":"https:\/\/i0.wp.com\/oexpressobr.com.br\/wp-content\/uploads\/2025\/12\/04ca61e0-cc44-11f0-8c06-f5d460985095.jpg.webp?fit=800%2C450&ssl=1","jetpack_likes_enabled":true,"jetpack_sharing_enabled":true,"_links":{"self":[{"href":"https:\/\/oexpressobr.com.br\/index.php?rest_route=\/wp\/v2\/posts\/140","targetHints":{"allow":["GET"]}}],"collection":[{"href":"https:\/\/oexpressobr.com.br\/index.php?rest_route=\/wp\/v2\/posts"}],"about":[{"href":"https:\/\/oexpressobr.com.br\/index.php?rest_route=\/wp\/v2\/types\/post"}],"author":[{"embeddable":true,"href":"https:\/\/oexpressobr.com.br\/index.php?rest_route=\/wp\/v2\/users\/1"}],"replies":[{"embeddable":true,"href":"https:\/\/oexpressobr.com.br\/index.php?rest_route=%2Fwp%2Fv2%2Fcomments&post=140"}],"version-history":[{"count":0,"href":"https:\/\/oexpressobr.com.br\/index.php?rest_route=\/wp\/v2\/posts\/140\/revisions"}],"wp:featuredmedia":[{"embeddable":true,"href":"https:\/\/oexpressobr.com.br\/index.php?rest_route=\/wp\/v2\/media\/141"}],"wp:attachment":[{"href":"https:\/\/oexpressobr.com.br\/index.php?rest_route=%2Fwp%2Fv2%2Fmedia&parent=140"}],"wp:term":[{"taxonomy":"category","embeddable":true,"href":"https:\/\/oexpressobr.com.br\/index.php?rest_route=%2Fwp%2Fv2%2Fcategories&post=140"},{"taxonomy":"post_tag","embeddable":true,"href":"https:\/\/oexpressobr.com.br\/index.php?rest_route=%2Fwp%2Fv2%2Ftags&post=140"}],"curies":[{"name":"wp","href":"https:\/\/api.w.org\/{rel}","templated":true}]}}