{"id":1402,"date":"2026-01-05T04:20:32","date_gmt":"2026-01-05T07:20:32","guid":{"rendered":"https:\/\/oexpressobr.com.br\/?p=1402"},"modified":"2026-01-05T04:20:33","modified_gmt":"2026-01-05T07:20:33","slug":"trump-adverte-delcy-rodriguez-e-afirma-que-nova-lideranca-venezuelana-pode-pagar-preco-maior-que-maduro","status":"publish","type":"post","link":"https:\/\/oexpressobr.com.br\/?p=1402","title":{"rendered":"Trump adverte Delcy Rodr\u00edguez e afirma que nova lideran\u00e7a venezuelana pode pagar &#8220;pre\u00e7o maior&#8221; que Maduro"},"content":{"rendered":"\n<p class=\"wp-block-paragraph\">O cen\u00e1rio pol\u00edtico na Am\u00e9rica Latina sofreu uma guinada dram\u00e1tica neste in\u00edcio de 2026. Ap\u00f3s uma opera\u00e7\u00e3o militar de larga escala que resultou na captura e extradi\u00e7\u00e3o de Nicol\u00e1s Maduro para os Estados Unidos, o presidente Donald Trump elevou o tom das amea\u00e7as contra a vice-presidente Delcy Rodr\u00edguez, agora reconhecida pelas For\u00e7as Armadas locais como a l\u00edder interina do pa\u00eds.<\/p>\n\n\n\n<p class=\"wp-block-paragraph\">\u200bEm declara\u00e7\u00f5es recentes, Trump foi enf\u00e1tico ao afirmar que Rodr\u00edguez enfrentar\u00e1 consequ\u00eancias severas caso n\u00e3o colabore com as diretrizes de Washington para uma &#8220;transi\u00e7\u00e3o democr\u00e1tica&#8221;.<\/p>\n\n\n\n<blockquote class=\"wp-block-quote is-layout-flow wp-block-quote-is-layout-flow\">\n<p class=\"wp-block-paragraph\">\u200b&#8221;Se sua sucessora Rodr\u00edguez n\u00e3o fizer a coisa certa, vai pagar um pre\u00e7o muito alto, provavelmente maior do que o de Maduro&#8221;, declarou o l\u00edder americano em entrevista \u00e0 revista <em>The Atlantic<\/em>.<\/p>\n<\/blockquote>\n\n\n\n<h3 class=\"wp-block-heading\">\u200bO ultimato de Washington e o controle do petr\u00f3leo<\/h3>\n\n\n\n<p class=\"wp-block-paragraph\">\u200bAs amea\u00e7as de Trump ocorrem em um momento de extrema tens\u00e3o. No \u00faltimo s\u00e1bado (3), for\u00e7as americanas realizaram ataques a\u00e9reos em pontos estrat\u00e9gicos de Caracas para capturar Maduro e sua esposa, Cilia Flores, sob acusa\u00e7\u00f5es de narcotr\u00e1fico. Agora, com Maduro em solo americano aguardando julgamento, o foco se voltou para o futuro das reservas energ\u00e9ticas venezuelanas.<\/p>\n\n\n\n<p class=\"wp-block-paragraph\">\u200bO governo Trump n\u00e3o esconde o interesse comercial na regi\u00e3o. O presidente afirmou que os EUA est\u00e3o prontos para &#8220;administrar&#8221; a Venezuela e reativar a ind\u00fastria petrol\u00edfera por meio de empresas americanas.<\/p>\n\n\n\n<ul class=\"wp-block-list\">\n<li>\u200b<strong>Condi\u00e7\u00e3o para di\u00e1logo:<\/strong> O secret\u00e1rio de Estado, Marco Rubio, refor\u00e7ou que qualquer parceria depende de &#8220;decis\u00f5es corretas&#8221;, incluindo o fim do suposto apoio a grupos terroristas e a reestrutura\u00e7\u00e3o do setor de energia.<\/li>\n\n\n\n<li>\u200b<strong>Resist\u00eancia em Caracas:<\/strong> Delcy Rodr\u00edguez respondeu \u00e0s amea\u00e7as afirmando que a Venezuela &#8220;nunca mais ser\u00e1 uma col\u00f4nia&#8221; e exigiu a liberta\u00e7\u00e3o imediata de Maduro, embora tenha sinalizado em suas redes sociais uma abertura para &#8220;rela\u00e7\u00f5es respeitosas&#8221; dentro do direito internacional.<\/li>\n<\/ul>\n\n\n\n<h3 class=\"wp-block-heading\">\u200bRea\u00e7\u00e3o Internacional e Crise Regional<\/h3>\n\n\n\n<p class=\"wp-block-paragraph\">\u200bA ofensiva americana dividiu o continente. Enquanto pa\u00edses como a Argentina celebraram o que chamam de &#8220;avan\u00e7o da liberdade&#8221;, o governo brasileiro, junto a na\u00e7\u00f5es como M\u00e9xico e Chile, condenou a interven\u00e7\u00e3o, classificando-a como um precedente perigoso para a paz e a soberania regional.<\/p>\n\n\n\n<p class=\"wp-block-paragraph\">\u200bO Conselho de Seguran\u00e7a da ONU convocou uma reuni\u00e3o de emerg\u00eancia para discutir a legalidade da opera\u00e7\u00e3o, enquanto a R\u00fassia e a China, aliados hist\u00f3ricos do regime chavista, denunciaram a a\u00e7\u00e3o como uma &#8220;agress\u00e3o armada&#8221; imperialista.<\/p>\n\n\n\n<h3 class=\"wp-block-heading\">\u200bPr\u00f3ximos passos<\/h3>\n\n\n\n<p class=\"wp-block-paragraph\">\u200bA situa\u00e7\u00e3o permanece fluida. Com o reconhecimento militar de Delcy Rodr\u00edguez como presidente interina, resta saber se ela conseguir\u00e1 manter o controle interno diante do cerco diplom\u00e1tico e militar dos EUA. Trump, por sua vez, mant\u00e9m a op\u00e7\u00e3o de &#8220;botas no ch\u00e3o&#8221; (tropas terrestres) sobre a mesa, caso a nova lideran\u00e7a n\u00e3o siga o roteiro estabelecido pela Casa Branca.<\/p>\n","protected":false},"excerpt":{"rendered":"<p>O cen\u00e1rio pol\u00edtico na Am\u00e9rica Latina sofreu uma guinada dram\u00e1tica neste in\u00edcio de 2026. Ap\u00f3s uma opera\u00e7\u00e3o militar de larga escala que resultou na captura [&#8230;]<\/p>\n","protected":false},"author":1,"featured_media":1403,"comment_status":"open","ping_status":"open","sticky":false,"template":"","format":"standard","meta":{"_crdt_document":"","_jetpack_memberships_contains_paid_content":false,"footnotes":"","jetpack_publicize_message":"","jetpack_publicize_feature_enabled":true,"jetpack_social_post_already_shared":true,"jetpack_social_options":{"image_generator_settings":{"template":"highway","default_image_id":0,"font":"","enabled":false},"version":2}},"categories":[15],"tags":[],"class_list":["post-1402","post","type-post","status-publish","format-standard","has-post-thumbnail","hentry","category-internacional"],"jetpack_publicize_connections":[],"jetpack_featured_media_url":"https:\/\/i0.wp.com\/oexpressobr.com.br\/wp-content\/uploads\/2026\/01\/2026-01-03t172857z_758333194_rc2ttiafd76m_rtrmadp_3_usa-venezuela.webp?fit=1170%2C700&ssl=1","jetpack_likes_enabled":true,"jetpack_sharing_enabled":true,"_links":{"self":[{"href":"https:\/\/oexpressobr.com.br\/index.php?rest_route=\/wp\/v2\/posts\/1402","targetHints":{"allow":["GET"]}}],"collection":[{"href":"https:\/\/oexpressobr.com.br\/index.php?rest_route=\/wp\/v2\/posts"}],"about":[{"href":"https:\/\/oexpressobr.com.br\/index.php?rest_route=\/wp\/v2\/types\/post"}],"author":[{"embeddable":true,"href":"https:\/\/oexpressobr.com.br\/index.php?rest_route=\/wp\/v2\/users\/1"}],"replies":[{"embeddable":true,"href":"https:\/\/oexpressobr.com.br\/index.php?rest_route=%2Fwp%2Fv2%2Fcomments&post=1402"}],"version-history":[{"count":1,"href":"https:\/\/oexpressobr.com.br\/index.php?rest_route=\/wp\/v2\/posts\/1402\/revisions"}],"predecessor-version":[{"id":1404,"href":"https:\/\/oexpressobr.com.br\/index.php?rest_route=\/wp\/v2\/posts\/1402\/revisions\/1404"}],"wp:featuredmedia":[{"embeddable":true,"href":"https:\/\/oexpressobr.com.br\/index.php?rest_route=\/wp\/v2\/media\/1403"}],"wp:attachment":[{"href":"https:\/\/oexpressobr.com.br\/index.php?rest_route=%2Fwp%2Fv2%2Fmedia&parent=1402"}],"wp:term":[{"taxonomy":"category","embeddable":true,"href":"https:\/\/oexpressobr.com.br\/index.php?rest_route=%2Fwp%2Fv2%2Fcategories&post=1402"},{"taxonomy":"post_tag","embeddable":true,"href":"https:\/\/oexpressobr.com.br\/index.php?rest_route=%2Fwp%2Fv2%2Ftags&post=1402"}],"curies":[{"name":"wp","href":"https:\/\/api.w.org\/{rel}","templated":true}]}}