{"id":1405,"date":"2026-01-05T04:26:59","date_gmt":"2026-01-05T07:26:59","guid":{"rendered":"https:\/\/oexpressobr.com.br\/?p=1405"},"modified":"2026-01-05T04:27:01","modified_gmt":"2026-01-05T07:27:01","slug":"uniao-europeia-kallas-e-lideres-internacionais-pedem-moderacao-e-respeito-a-soberania-na-venezuela","status":"publish","type":"post","link":"https:\/\/oexpressobr.com.br\/?p=1405","title":{"rendered":"Uni\u00e3o Europeia, Kallas e l\u00edderes internacionais pedem modera\u00e7\u00e3o e respeito \u00e0 soberania na Venezuela"},"content":{"rendered":"\n<p class=\"wp-block-paragraph\">Em meio \u00e0 dr\u00e1stica escalada de tens\u00e3o na Am\u00e9rica Latina, a <strong>Uni\u00e3o Europeia (UE)<\/strong> manifestou-se oficialmente neste domingo, 4 de janeiro de 2026, defendendo a &#8220;calma e modera\u00e7\u00e3o&#8221; ap\u00f3s a opera\u00e7\u00e3o militar dos Estados Unidos que resultou na captura de Nicol\u00e1s Maduro. Atrav\u00e9s de um comunicado liderado pela chefe da diplomacia do bloco, <strong>Kaja Kallas<\/strong>, os europeus reiteraram que qualquer transi\u00e7\u00e3o pol\u00edtica deve ser pautada pela vontade do povo venezuelano e pelo cumprimento estrito do direito internacional.<\/p>\n\n\n\n<h3 class=\"wp-block-heading\">\u200bPosicionamento do Bloco Europeu<\/h3>\n\n\n\n<p class=\"wp-block-paragraph\">\u200bA declara\u00e7\u00e3o, que contou com o apoio de 26 dos 27 Estados-membros (com exce\u00e7\u00e3o da Hungria), enfatiza que a restaura\u00e7\u00e3o da democracia no pa\u00eds sul-americano n\u00e3o pode ocorrer por meio da viol\u00eancia.<\/p>\n\n\n\n<blockquote class=\"wp-block-quote is-layout-flow wp-block-quote-is-layout-flow\">\n<p class=\"wp-block-paragraph\">\u200b&#8221;O direito do povo venezuelano de determinar seu pr\u00f3prio futuro deve ser respeitado&#8221;, afirmou Kallas.<\/p>\n<\/blockquote>\n\n\n\n<p class=\"wp-block-paragraph\">\u200bApesar de a UE manter a postura de que Maduro carece de legitimidade democr\u00e1tica, o bloco demonstrou preocupa\u00e7\u00e3o com a soberania nacional e a integridade territorial da Venezuela diante da interven\u00e7\u00e3o estrangeira direta.<\/p>\n\n\n\n<h3 class=\"wp-block-heading\">\u200bPontos principais da declara\u00e7\u00e3o da UE:<\/h3>\n\n\n\n<ul class=\"wp-block-list\">\n<li>\u200b<strong>Transi\u00e7\u00e3o Democr\u00e1tica:<\/strong> Apoio a um processo pac\u00edfico e liderado pelos pr\u00f3prios venezuelanos.<\/li>\n\n\n\n<li>\u200b<strong>Direito Internacional:<\/strong> Apelo ao respeito \u00e0 Carta das Na\u00e7\u00f5es Unidas e ao papel do Conselho de Seguran\u00e7a da ONU.<\/li>\n\n\n\n<li>\u200b<strong>Direitos Humanos:<\/strong> Exig\u00eancia da liberta\u00e7\u00e3o imediata e incondicional de todos os presos pol\u00edticos.<\/li>\n\n\n\n<li>\u200b<strong>Prote\u00e7\u00e3o Consular:<\/strong> For\u00e7a-tarefa coordenada para garantir a seguran\u00e7a de cidad\u00e3os europeus residentes na Venezuela.<\/li>\n<\/ul>\n\n\n\n<h3 class=\"wp-block-heading\">\u200bRea\u00e7\u00f5es divergentes no cen\u00e1rio mundial<\/h3>\n\n\n\n<p class=\"wp-block-paragraph\">\u200bEnquanto a Uni\u00e3o Europeia busca um caminho diplom\u00e1tico e multilateral, outros atores globais apresentam vis\u00f5es contrastantes. O governo de <strong>Donald Trump<\/strong>, que assumiu o controle tempor\u00e1rio da administra\u00e7\u00e3o do pa\u00eds para gerir recursos como o petr\u00f3leo, justifica a a\u00e7\u00e3o como uma &#8220;liberta\u00e7\u00e3o&#8221;.<\/p>\n\n\n\n<p class=\"wp-block-paragraph\">\u200bPor outro lado, pa\u00edses como <strong>M\u00e9xico, Chile e Col\u00f4mbia<\/strong> condenaram a interven\u00e7\u00e3o armada, alertando para os perigos de um precedente de inger\u00eancia estrangeira na regi\u00e3o. J\u00e1 a <strong>R\u00fassia<\/strong> classificou o ataque como um &#8220;ato de agress\u00e3o&#8221; e exigiu esclarecimentos imediatos sobre o paradeiro e a integridade f\u00edsica de Maduro.<\/p>\n\n\n\n<h3 class=\"wp-block-heading\">\u200bO que esperar agora<\/h3>\n\n\n\n<p class=\"wp-block-paragraph\">\u200bO cen\u00e1rio em Caracas permanece de extrema incerteza. Com o aumento do n\u00famero de mortos nos confrontos iniciais e a transfer\u00eancia de Maduro para um centro de deten\u00e7\u00e3o em Nova York, a comunidade internacional aguarda os pr\u00f3ximos passos do Conselho de Seguran\u00e7a da ONU, onde a Uni\u00e3o Europeia espera que as discuss\u00f5es sobre o futuro institucional venezuelano sejam centralizadas.<\/p>\n","protected":false},"excerpt":{"rendered":"<p>Em meio \u00e0 dr\u00e1stica escalada de tens\u00e3o na Am\u00e9rica Latina, a Uni\u00e3o Europeia (UE) manifestou-se oficialmente neste domingo, 4 de janeiro de 2026, defendendo a [&#8230;]<\/p>\n","protected":false},"author":1,"featured_media":1406,"comment_status":"open","ping_status":"open","sticky":false,"template":"","format":"standard","meta":{"_crdt_document":"","_jetpack_memberships_contains_paid_content":false,"footnotes":"","jetpack_publicize_message":"","jetpack_publicize_feature_enabled":true,"jetpack_social_post_already_shared":true,"jetpack_social_options":{"image_generator_settings":{"template":"highway","default_image_id":0,"font":"","enabled":false},"version":2}},"categories":[15],"tags":[],"class_list":["post-1405","post","type-post","status-publish","format-standard","has-post-thumbnail","hentry","category-internacional"],"jetpack_publicize_connections":[],"jetpack_featured_media_url":"https:\/\/i0.wp.com\/oexpressobr.com.br\/wp-content\/uploads\/2026\/01\/2020-06-18t000000z_251664951_rc2ybh9mqfz6_rtrmadp_3_eu-summit.webp?fit=1170%2C700&ssl=1","jetpack_likes_enabled":true,"jetpack_sharing_enabled":true,"_links":{"self":[{"href":"https:\/\/oexpressobr.com.br\/index.php?rest_route=\/wp\/v2\/posts\/1405","targetHints":{"allow":["GET"]}}],"collection":[{"href":"https:\/\/oexpressobr.com.br\/index.php?rest_route=\/wp\/v2\/posts"}],"about":[{"href":"https:\/\/oexpressobr.com.br\/index.php?rest_route=\/wp\/v2\/types\/post"}],"author":[{"embeddable":true,"href":"https:\/\/oexpressobr.com.br\/index.php?rest_route=\/wp\/v2\/users\/1"}],"replies":[{"embeddable":true,"href":"https:\/\/oexpressobr.com.br\/index.php?rest_route=%2Fwp%2Fv2%2Fcomments&post=1405"}],"version-history":[{"count":1,"href":"https:\/\/oexpressobr.com.br\/index.php?rest_route=\/wp\/v2\/posts\/1405\/revisions"}],"predecessor-version":[{"id":1407,"href":"https:\/\/oexpressobr.com.br\/index.php?rest_route=\/wp\/v2\/posts\/1405\/revisions\/1407"}],"wp:featuredmedia":[{"embeddable":true,"href":"https:\/\/oexpressobr.com.br\/index.php?rest_route=\/wp\/v2\/media\/1406"}],"wp:attachment":[{"href":"https:\/\/oexpressobr.com.br\/index.php?rest_route=%2Fwp%2Fv2%2Fmedia&parent=1405"}],"wp:term":[{"taxonomy":"category","embeddable":true,"href":"https:\/\/oexpressobr.com.br\/index.php?rest_route=%2Fwp%2Fv2%2Fcategories&post=1405"},{"taxonomy":"post_tag","embeddable":true,"href":"https:\/\/oexpressobr.com.br\/index.php?rest_route=%2Fwp%2Fv2%2Ftags&post=1405"}],"curies":[{"name":"wp","href":"https:\/\/api.w.org\/{rel}","templated":true}]}}